{"id":279015,"date":"2025-07-28T07:01:11","date_gmt":"2025-07-28T07:01:11","guid":{"rendered":"https:\/\/www.europesays.com\/fr\/279015\/"},"modified":"2025-07-28T07:01:11","modified_gmt":"2025-07-28T07:01:11","slug":"asse-le-projet-mene-par-kilmer-peine-encore-a-convaincre","status":"publish","type":"post","link":"https:\/\/www.europesays.com\/fr\/279015\/","title":{"rendered":"ASSE : le projet men\u00e9 par Kilmer peine encore \u00e0 convaincre"},"content":{"rendered":"<p><strong>Arriv\u00e9 en juin 2024 pour racheter l\u2019ASSE, Kilmer Sports Ventures a compl\u00e8tement repens\u00e9 la strat\u00e9gie du club lig\u00e9rien, en misant notamment sur la data. Un choix qui ne fait pas l\u2019unanimit\u00e9\u2026<\/strong><\/p>\n<p>Samedi soir durant l\u2019After Foot de RMC, David Gluzman et F\u00e9lix Rouah ont confront\u00e9 leurs visions sur le projet port\u00e9 <a href=\"https:\/\/www.butfootballclub.fr\/ligue-2\/asse\/asse-mercato-kilmer-a-etudie-la-piste-dun-ancien-de-ligue-1\/\" rel=\"noreferrer noopener nofollow\" target=\"_blank\">par Kilmer \u00e0 la t\u00eate de l\u2019ASSE<\/a>. Si l\u2019un d\u00e9fend la strat\u00e9gie mise en place malgr\u00e9 des erreurs, l\u2019autre doute de sa compatibilit\u00e9 avec l\u2019histoire et les attentes du club.<\/p>\n<p>Pour David Gluzman, banquier sp\u00e9cialis\u00e9 en financement structur\u00e9 et chroniqueur, la descente de l\u2019ASSE en Ligue 2 est un \u00e9chec difficile \u00e0 avaler compte tenu des moyens d\u00e9ploy\u00e9s : \u00ab C\u2019est tr\u00e8s \u00e9tonnant \u2014 et tr\u00e8s d\u00e9cevant \u2014 que Saint-\u00c9tienne soit descendu avec ce niveau d\u2019investissement. On parle de 24 millions investis l\u2019ann\u00e9e derni\u00e8re. \u00bb<\/p>\n<p>David Gluzman valide la data\u2026<\/p>\n<p>Il fustige le manque d\u2019agressivit\u00e9 de Kilmer sur le mercato hivernal, notamment \u00e0 des postes cl\u00e9s : \u00ab En finissant avec Dennis Appiah et L\u00e9o P\u00e9trot, j\u2019ai \u00e9t\u00e9 tr\u00e8s surpris. Un investissement minimal aurait d\u00fb suffire \u00e0 garantir un maintien confortable. \u00bb Mais plus globalement, ce qui l\u2019interpelle, c\u2019est l\u2019incoh\u00e9rence de la strat\u00e9gie : \u00ab Cette nouvelle direction donnait l\u2019impression d\u2019avoir un pied dans le pass\u00e9 [\u2026] et un pied dans le futur, avec cette ADN \u2018trading\u2019. Cette politique du \u2018ni-ni\u2019 [\u2026], eh bien, cette politique a \u00e9chou\u00e9. \u00bb<\/p>\n<p>Malgr\u00e9 tout, Gluzman reste convaincu que la logique suivie est la bonne, \u00e0 condition qu\u2019elle soit assum\u00e9e pleinement : \u00ab La data, c\u2019est une politique qui marche pour les divisions inf\u00e9rieures. [\u2026] Ce mod\u00e8le fonctionne. \u00bb Il rappelle que Kilmer dispose de profils hautement qualifi\u00e9s : \u00ab Kilmer, c\u2019est Ivan Gazidis [\u2026] qui a modernis\u00e9 Arsenal apr\u00e8s l\u2019\u00e8re Wenger [\u2026] Jaeson Rosenfeld, un des pionniers de la data dans le foot. \u00bb Et selon lui, les premiers r\u00e9sultats sont encourageants : \u00ab Le trading porte d\u00e9j\u00e0 ses fruits : les deux meilleures recrues sont des recrues \u2018trading\u2019 \u2014 Stassin et Davitashvili. Ils ont d\u00e9j\u00e0 re\u00e7u des offres doubl\u00e9es. \u00bb<\/p>\n<p>\u2026F\u00e9lix Rouah un peu moins<\/p>\n<p>F\u00e9lix Rouah, journaliste, est quant \u00e0 lui plus r\u00e9serv\u00e9, et met en garde contre un exc\u00e8s de rationalisation : \u00ab J\u2019ai un peu plus de mal avec cette forme de doctrinement, cette id\u00e9e de tout miser sur la DATA. \u00bb Il doute que ce type de projet puisse s\u2019adapter \u00e0 l\u2019ADN de l\u2019ASSE : \u00ab Je ne pense pas que l\u2019ASSE, avec son poids historique et son public, fasse partie des clubs pr\u00eats \u00e0 accepter un projet aussi hybride et innovant. \u00bb Rouah se montre aussi sceptique sur la philosophie de gestion du club depuis la descente : \u00ab On a parfois eu l\u2019impression que la descente n\u2019\u00e9tait m\u00eame pas si grave. [\u2026] Que le barrage face \u00e0 Metz, s\u2019il tournait mal, ce n\u2019\u00e9tait pas un drame. \u00bb<\/p>\n<p>L\u2019une des grandes inqui\u00e9tudes exprim\u00e9es par Rouah concerne l\u2019\u00e9tat d\u2019esprit des fans : \u00ab Les supporters de Saint-\u00c9tienne sont \u00e9puis\u00e9s mentalement. \u00bb Il prend pour exemple les incertitudes autour des joueurs \u00e0 fort potentiel comme Stassin ou Davitashvili : \u00ab Je veux bien que tu fasses des paris audacieux [\u2026] mais les supporters de Saint-\u00c9tienne, ce sont des gens qui vivent foot. Ils ne veulent pas du clinquant. Il faut une colonne vert\u00e9brale, un vrai socle. \u00bb Un socle qui pourrait \u00eatre endommag\u00e9, \u00e9tant donn\u00e9 que l\u2019avenir de Stassin et Davitashvili est encore tr\u00e8s incertain\u2026<\/p>\n<p><strong>Propos rapport\u00e9s par nos confr\u00e8res de <a href=\"https:\/\/peuple-vert.fr\/asse-actualite\/asse-kilmer-rmc-gluzman-rouah\/\" rel=\"noreferrer noopener nofollow\" target=\"_blank\">Peuple-Vert.fr<\/a>.<\/strong><\/p>\n","protected":false},"excerpt":{"rendered":"Arriv\u00e9 en juin 2024 pour racheter l\u2019ASSE, Kilmer Sports Ventures a compl\u00e8tement repens\u00e9 la strat\u00e9gie du club lig\u00e9rien,&hellip;\n","protected":false},"author":2,"featured_media":279016,"comment_status":"","ping_status":"","sticky":false,"template":"","format":"standard","meta":{"footnotes":""},"categories":[1410],"tags":[11,448,63,1011,27,66,3388,12,60,10662],"class_list":{"0":"post-279015","1":"post","2":"type-post","3":"status-publish","4":"format-standard","5":"has-post-thumbnail","7":"category-football","8":"tag-actualites","9":"tag-champions-league","10":"tag-football","11":"tag-fr","12":"tag-france","13":"tag-ligue-1","14":"tag-matchs","15":"tag-news","16":"tag-sports","17":"tag-transferts"},"share_on_mastodon":{"url":"https:\/\/pubeurope.com\/@fr\/114929577707412238","error":""},"_links":{"self":[{"href":"https:\/\/www.europesays.com\/fr\/wp-json\/wp\/v2\/posts\/279015","targetHints":{"allow":["GET"]}}],"collection":[{"href":"https:\/\/www.europesays.com\/fr\/wp-json\/wp\/v2\/posts"}],"about":[{"href":"https:\/\/www.europesays.com\/fr\/wp-json\/wp\/v2\/types\/post"}],"author":[{"embeddable":true,"href":"https:\/\/www.europesays.com\/fr\/wp-json\/wp\/v2\/users\/2"}],"replies":[{"embeddable":true,"href":"https:\/\/www.europesays.com\/fr\/wp-json\/wp\/v2\/comments?post=279015"}],"version-history":[{"count":0,"href":"https:\/\/www.europesays.com\/fr\/wp-json\/wp\/v2\/posts\/279015\/revisions"}],"wp:featuredmedia":[{"embeddable":true,"href":"https:\/\/www.europesays.com\/fr\/wp-json\/wp\/v2\/media\/279016"}],"wp:attachment":[{"href":"https:\/\/www.europesays.com\/fr\/wp-json\/wp\/v2\/media?parent=279015"}],"wp:term":[{"taxonomy":"category","embeddable":true,"href":"https:\/\/www.europesays.com\/fr\/wp-json\/wp\/v2\/categories?post=279015"},{"taxonomy":"post_tag","embeddable":true,"href":"https:\/\/www.europesays.com\/fr\/wp-json\/wp\/v2\/tags?post=279015"}],"curies":[{"name":"wp","href":"https:\/\/api.w.org\/{rel}","templated":true}]}}