{"id":279017,"date":"2025-07-28T07:02:10","date_gmt":"2025-07-28T07:02:10","guid":{"rendered":"https:\/\/www.europesays.com\/fr\/279017\/"},"modified":"2025-07-28T07:02:10","modified_gmt":"2025-07-28T07:02:10","slug":"hate-de-vous-divertir-a-la-rentree-kelly-vedovelli-presente-dans-la-nouvelle-emission-de-cyril-hanouna-apres-leur-rupture","status":"publish","type":"post","link":"https:\/\/www.europesays.com\/fr\/279017\/","title":{"rendered":"\u00ab\u00a0H\u00e2te de vous divertir \u00e0 la rentr\u00e9e\u2026\u00a0\u00bb : Kelly Vedovelli, pr\u00e9sente dans la nouvelle \u00e9mission de Cyril Hanouna apr\u00e8s leur rupture ?"},"content":{"rendered":"<p>      R\u00e9sum\u00e9<\/p>\n<p>Cyril Hanouna pr\u00e9pare une nouvelle \u00e9mission sur M6 avec plusieurs visages connus, tandis que la pr\u00e9sence de Kelly Vedovelli reste incertaine malgr\u00e9 ses indices sur un possible retour.<\/p>\n<p>        Sommaire<\/p>\n<p>Plusieurs mois apr\u00e8s la suppression de C8, cons\u00e9quence directe d&rsquo;une d\u00e9cision de l&rsquo;Arcom, <a href=\"https:\/\/www.public.fr\/ouverture-des-cyril-hanouna-lance-un-appel-a-ses-fans-avant-le-demarrage-de-son-emission-sur-w9\" target=\"_blank\" rel=\"noopener\">Cyril Hanouna<\/a> n&rsquo;a pas dit son dernier mot. <\/p>\n<p>Le trublion du PAF s&rsquo;appr\u00eate \u00e0 <strong>rebondir d\u00e8s la rentr\u00e9e sur le groupe M6 avec une toute <a href=\"https:\/\/www.public.fr\/ouverture-des-cyril-hanouna-lance-un-appel-a-ses-fans-avant-le-demarrage-de-son-emission-sur-w9\" target=\"_blank\" rel=\"noopener\">nouvelle \u00e9mission baptis\u00e9e Tout beau tout n9uf<\/a><\/strong>. Un retour attendu, d&rsquo;autant plus qu&rsquo;il compte bien s&rsquo;entourer d&rsquo;une \u00e9quipe fid\u00e8le\u2026 mais aussi de quelques nouveaux visages.<\/p>\n<p>Parmi les personnalit\u00e9s confirm\u00e9es, on retrouvera notamment <strong>Isabelle Morini-Bosc, Raymond Aabou, Jordan de Luxe, G\u00e9raldine Maillet et Val\u00e9rie B\u00e9na\u00efm<\/strong>, toutes d\u00e9j\u00e0 bien connues des t\u00e9l\u00e9spectateurs. Mais ce n&rsquo;est pas tout.<\/p>\n<p>Une ancienne ministre aux c\u00f4t\u00e9s de Cyril Hanouna ?<\/p>\n<p>D&rsquo;apr\u00e8s les informations de CGTV, <strong>Marl\u00e8ne Schiappa<\/strong> aurait donn\u00e9 son accord pour rejoindre le projet. L&rsquo;ancienne ministre de l&rsquo;\u00c9galit\u00e9 entre les femmes et les hommes pourrait ainsi faire ses premiers pas dans le monde du divertissement. Autre surprise : <strong>Shana Loustau<\/strong>, journaliste politique sur CNews, aurait choisi de quitter la cha\u00eene qui l&rsquo;a r\u00e9v\u00e9l\u00e9e pour relever ce nouveau d\u00e9fi aux c\u00f4t\u00e9s de Cyril Hanouna.<\/p>\n<p>Concernant les potentielles recrues, plusieurs noms circulent, dont ceux de <strong>Tha\u00efs Gauchkarian, Jade Leboeuf, et Loanne Ananas<\/strong>. Toutes trois devraient \u00eatre test\u00e9es lors du tournage du pilote.<\/p>\n<p>En revanche, certaines figures embl\u00e9matiques de l&rsquo;\u00e8re C8 ne devraient pas poursuivre l&rsquo;aventure. J<strong>ean-Michel Maire, Guillaume Genton et Kelly Vedovelli <\/strong>ne figureraient pas dans la nouvelle \u00e9quipe\u2026 Du moins officiellement. Car de son c\u00f4t\u00e9, Kelly Vedovelli a r\u00e9cemment sem\u00e9 le doute en laissant entendre qu&rsquo;elle pourrait, malgr\u00e9 tout, \u00eatre de la partie.<\/p>\n<p>Kelly Vedovelli bient\u00f4t de retour \u00e0 l&rsquo;antenne ?<\/p>\n<p>\u00ab\u00a0<strong>H\u00e2te de\u00a0vous divertir \u00e0 la rentr\u00e9e. Pour le moment, je me repose le cerveau et je note<\/strong>\u00ab\u00a0, a-t-elle en effet \u00e9crit en <a href=\"https:\/\/www.instagram.com\/kellyvedovelli\/?hl=fr\" target=\"_blank\" rel=\"noreferrer noopener\">story Instagram<\/a>. Une fa\u00e7on bien \u00e0 elle d&rsquo;annoncer son come-back \u00e0 la table des chroniqueurs ? <\/p>\n<p>\u00ab\u00a0Nous, notre carri\u00e8re, moi, j&rsquo;appelle \u00e7a un amusement, on l&rsquo;a toujours v\u00e9cu au jour le jour. Donc ce qu&rsquo;on va faire demain, on n&rsquo;est pas au courant. Comme toute aventure, c&rsquo;est g\u00e9nial en fait.\u00a0<strong>On s\u2019\u00e9clate l\u00e0-bas, qui n\u2019aurait pas envie de s\u2019amuser et de retrouver ses copains ?<\/strong>\u00ab\u00a0, avait-elle d\u00e9j\u00e0 d\u00e9clar\u00e9 en juin dernier au micro de Buzz TV. <\/p>\n<p>Rendez-vous dans quelques semaines pour en avoir le c\u0153ur net !<\/p>\n<p>      Mentionn\u00e9s dans cet article<\/p>\n<p>\u00c0 lire aussi<\/p>\n<p><script async src=\"\/\/www.instagram.com\/embed.js\"><\/script><\/p>\n","protected":false},"excerpt":{"rendered":"R\u00e9sum\u00e9 Cyril Hanouna pr\u00e9pare une nouvelle \u00e9mission sur M6 avec plusieurs visages connus, tandis que la pr\u00e9sence de&hellip;\n","protected":false},"author":2,"featured_media":279018,"comment_status":"","ping_status":"","sticky":false,"template":"","format":"standard","meta":{"footnotes":""},"categories":[1359],"tags":[1083,58,59,1011,27,1675,973,2395],"class_list":{"0":"post-279017","1":"post","2":"type-post","3":"status-publish","4":"format-standard","5":"has-post-thumbnail","7":"category-people","8":"tag-cyril-hanouna","9":"tag-divertissement","10":"tag-entertainment","11":"tag-fr","12":"tag-france","13":"tag-kelly-vedovelli","14":"tag-people","15":"tag-w9"},"share_on_mastodon":{"url":"https:\/\/pubeurope.com\/@fr\/114929581651209407","error":""},"_links":{"self":[{"href":"https:\/\/www.europesays.com\/fr\/wp-json\/wp\/v2\/posts\/279017","targetHints":{"allow":["GET"]}}],"collection":[{"href":"https:\/\/www.europesays.com\/fr\/wp-json\/wp\/v2\/posts"}],"about":[{"href":"https:\/\/www.europesays.com\/fr\/wp-json\/wp\/v2\/types\/post"}],"author":[{"embeddable":true,"href":"https:\/\/www.europesays.com\/fr\/wp-json\/wp\/v2\/users\/2"}],"replies":[{"embeddable":true,"href":"https:\/\/www.europesays.com\/fr\/wp-json\/wp\/v2\/comments?post=279017"}],"version-history":[{"count":0,"href":"https:\/\/www.europesays.com\/fr\/wp-json\/wp\/v2\/posts\/279017\/revisions"}],"wp:featuredmedia":[{"embeddable":true,"href":"https:\/\/www.europesays.com\/fr\/wp-json\/wp\/v2\/media\/279018"}],"wp:attachment":[{"href":"https:\/\/www.europesays.com\/fr\/wp-json\/wp\/v2\/media?parent=279017"}],"wp:term":[{"taxonomy":"category","embeddable":true,"href":"https:\/\/www.europesays.com\/fr\/wp-json\/wp\/v2\/categories?post=279017"},{"taxonomy":"post_tag","embeddable":true,"href":"https:\/\/www.europesays.com\/fr\/wp-json\/wp\/v2\/tags?post=279017"}],"curies":[{"name":"wp","href":"https:\/\/api.w.org\/{rel}","templated":true}]}}