{"id":279019,"date":"2025-07-28T07:03:10","date_gmt":"2025-07-28T07:03:10","guid":{"rendered":"https:\/\/www.europesays.com\/fr\/279019\/"},"modified":"2025-07-28T07:03:10","modified_gmt":"2025-07-28T07:03:10","slug":"graphisme-et-histoire-sur-la-facade-dune-batisse","status":"publish","type":"post","link":"https:\/\/www.europesays.com\/fr\/279019\/","title":{"rendered":"Graphisme et histoire sur la fa\u00e7ade d\u2019une b\u00e2tisse"},"content":{"rendered":"<p>Comme \u00e9voqu\u00e9 dans jhm quotidien du 26 juillet, huit places en colocation seront mises \u00e0 la\u00a0disposition des jeunes, rue Henri-Dunant, \u00e0 partir de septembre, par Chaumont Habitat. \u00c0 partir du 25 ao\u00fbt, une surprise attend ces futurs r\u00e9sidents et tous les\u00a0Chaumontais puisque trois de ses fa\u00e7ades vont prendre des\u00a0couleurs et \u00e9voqueront le\u00a0pass\u00e9 du site.<\/p>\n<p>Cette b\u00e2tisse appartenait \u00e0 la\u00a0SNCF et, logiquement, le dessin \u00e9voquera le chemin de fer, les\u00a0trains et Chaumont. Les\u00a0Chaumontais y retrouveront des machines \u00e0 vapeur, les\u00a0rotondes, le viaduc. Le projet est men\u00e9 par Cit\u00e9Cr\u00e9ation, qui s\u2019est adjoint les services de l\u2019artiste Tino. Ceux qui ont l\u2019\u0153il retrouveront le style de celui qui a dessin\u00e9 tous les panneaux indicateurs de la Haute-Marne sur l\u2019autoroute.<\/p>\n<p>Cette \u0153uvre qui se dessinera va dans la logique de Chaumont, ville du graphisme, et aussi du\u00a0parcours graphique initi\u00e9 au\u00a0quartier Val-Barizien. La rue Ribot est l\u2019entr\u00e9e et cette maison sert de sortie. Ou l\u2019inverse !<\/p>\n","protected":false},"excerpt":{"rendered":"Comme \u00e9voqu\u00e9 dans jhm quotidien du 26 juillet, huit places en colocation seront mises \u00e0 la\u00a0disposition des jeunes,&hellip;\n","protected":false},"author":2,"featured_media":279020,"comment_status":"","ping_status":"","sticky":false,"template":"","format":"standard","meta":{"footnotes":""},"categories":[1358],"tags":[1348,1384,1385,1386,58,59,1011,27],"class_list":{"0":"post-279019","1":"post","2":"type-post","3":"status-publish","4":"format-standard","5":"has-post-thumbnail","7":"category-arts-et-design","8":"tag-arts","9":"tag-arts-and-design","10":"tag-arts-et-design","11":"tag-design","12":"tag-divertissement","13":"tag-entertainment","14":"tag-fr","15":"tag-france"},"share_on_mastodon":{"url":"https:\/\/pubeurope.com\/@fr\/114929585591135822","error":""},"_links":{"self":[{"href":"https:\/\/www.europesays.com\/fr\/wp-json\/wp\/v2\/posts\/279019","targetHints":{"allow":["GET"]}}],"collection":[{"href":"https:\/\/www.europesays.com\/fr\/wp-json\/wp\/v2\/posts"}],"about":[{"href":"https:\/\/www.europesays.com\/fr\/wp-json\/wp\/v2\/types\/post"}],"author":[{"embeddable":true,"href":"https:\/\/www.europesays.com\/fr\/wp-json\/wp\/v2\/users\/2"}],"replies":[{"embeddable":true,"href":"https:\/\/www.europesays.com\/fr\/wp-json\/wp\/v2\/comments?post=279019"}],"version-history":[{"count":0,"href":"https:\/\/www.europesays.com\/fr\/wp-json\/wp\/v2\/posts\/279019\/revisions"}],"wp:featuredmedia":[{"embeddable":true,"href":"https:\/\/www.europesays.com\/fr\/wp-json\/wp\/v2\/media\/279020"}],"wp:attachment":[{"href":"https:\/\/www.europesays.com\/fr\/wp-json\/wp\/v2\/media?parent=279019"}],"wp:term":[{"taxonomy":"category","embeddable":true,"href":"https:\/\/www.europesays.com\/fr\/wp-json\/wp\/v2\/categories?post=279019"},{"taxonomy":"post_tag","embeddable":true,"href":"https:\/\/www.europesays.com\/fr\/wp-json\/wp\/v2\/tags?post=279019"}],"curies":[{"name":"wp","href":"https:\/\/api.w.org\/{rel}","templated":true}]}}