{"id":279021,"date":"2025-07-28T07:04:10","date_gmt":"2025-07-28T07:04:10","guid":{"rendered":"https:\/\/www.europesays.com\/fr\/279021\/"},"modified":"2025-07-28T07:04:10","modified_gmt":"2025-07-28T07:04:10","slug":"morbihan-le-livre-vient-a-la-plage-avec-le-camion-qui-livre","status":"publish","type":"post","link":"https:\/\/www.europesays.com\/fr\/279021\/","title":{"rendered":"Morbihan\u00a0: le livre vient \u00e0 la plage avec le camion qui Livre"},"content":{"rendered":"<p>Il est \u00e0 Carnac ce lundi 28 juillet et le sera \u00e9galement demain. Puis \u00e0 Quiberon, mercredi et samedi. Le camion qui Livre poursuit sa tourn\u00e9e bretonne.\u00a0<br \/>La camionnette rouge transform\u00e9e en librairie itin\u00e9rante \u00e9tait pr\u00e9sente \u00e0 Perros-Guirec la semaine derni\u00e8re.<\/p>\n<p>Une collaboration avec des libraires locaux<\/p>\n<p>\u00ab\u00a0C\u2019est une librairie ambulante qui va de plages en plages et qui se fait en collaboration avec le libraire local qui va mettre son offre dans le camion. Et l\u2019id\u00e9e est d\u2019apporter le livre au plus pr\u00e8s du lectorat, ce qui permet de d\u00e9couvrir pleins d\u2019auteurs et de nouveaux romans\u00a0\u00bb, d\u00e9taille Sylvie Navellou, directrice marketing et communication du Livre de poche.<\/p>\n<p>500 livres \u00e0 disposition \u00e0 quelques m\u00e8tres de la plage<\/p>\n<p>500 titres diff\u00e9rents sont disponibles dans le v\u00e9hicule, y compris des livres jeunesse gr\u00e2ce \u00e0 un partenariat avec d\u2019autres \u00e9diteurs. De quoi aiguiser la curiosit\u00e9 des vacanciers et des habitants. Le but est de conqu\u00e9rir de nouveaux lecteurs. Et \u00e0 en croire Sylvie Navellou, \u00e7a marche\u00a0: \u00ab\u00a0\u00e7a draine des lecteurs r\u00e9guliers et des non-lecteurs\u00a0\u00bb.<\/p>\n<p>La rencontre avec des auteurs<\/p>\n<p>La camion qui Livre propose un large panel d\u2019ouvrages et donne aussi l\u2019opportunit\u00e9 de rencontrer des auteurs.\u00a0<br \/>\u00c0 Carnac, sur le boulevard de la plage face all\u00e9e des Alignements, Laure Manel et Bernard Werber seront pr\u00e9sents le lundi 28 juillet. \u00ab\u00a0Les auteurs adorent \u00e7a et sont fid\u00e8les au camion. C\u2019est une rencontre dans un contexte tr\u00e8s d\u00e9contract\u00e9 et c\u2019est toujours tr\u00e8s sympathique\u00a0\u00bb, confie la directrice marketing et communication du Livre de poche.<br \/>Mardi, Nicolas Lebel, Kalindi Ramphul se joindront \u00e0 Bernard Werber. Si cette librairie itin\u00e9rante sera accessible d\u00e8s 11h, les rencontres avec les auteurs seront tous les jours possibles \u00e0 partir de 15h\u00a0:\u00a0\u00bb\u00e7a leur apporte un contact simple et d\u00e9contract\u00e9 avec le public estival. Tout le monde a du temps, les auteurs et les lecteurs. Ce sont des rencontres personnalis\u00e9es\u00a0\u00bb.<\/p>\n<p>Pour l\u2019\u00e9tape \u00e0 Quiberon, du 30 juillet au 1er ao\u00fbt sur la place Hoche, puis le 2 ao\u00fbt, Port-Maria, Nicolas Lebel (30), Kalindi Ramphul (30, 31), Julia Malye (1er et 2) \u00a0et Gilles Marchand (2) seront pr\u00e9sents<\/p>\n","protected":false},"excerpt":{"rendered":"Il est \u00e0 Carnac ce lundi 28 juillet et le sera \u00e9galement demain. Puis \u00e0 Quiberon, mercredi et&hellip;\n","protected":false},"author":2,"featured_media":279022,"comment_status":"","ping_status":"","sticky":false,"template":"","format":"standard","meta":{"footnotes":""},"categories":[1357],"tags":[1379,58,59,1011,27,1380],"class_list":{"0":"post-279021","1":"post","2":"type-post","3":"status-publish","4":"format-standard","5":"has-post-thumbnail","7":"category-livres","8":"tag-books","9":"tag-divertissement","10":"tag-entertainment","11":"tag-fr","12":"tag-france","13":"tag-livres"},"share_on_mastodon":{"url":"https:\/\/pubeurope.com\/@fr\/114929589534985922","error":""},"_links":{"self":[{"href":"https:\/\/www.europesays.com\/fr\/wp-json\/wp\/v2\/posts\/279021","targetHints":{"allow":["GET"]}}],"collection":[{"href":"https:\/\/www.europesays.com\/fr\/wp-json\/wp\/v2\/posts"}],"about":[{"href":"https:\/\/www.europesays.com\/fr\/wp-json\/wp\/v2\/types\/post"}],"author":[{"embeddable":true,"href":"https:\/\/www.europesays.com\/fr\/wp-json\/wp\/v2\/users\/2"}],"replies":[{"embeddable":true,"href":"https:\/\/www.europesays.com\/fr\/wp-json\/wp\/v2\/comments?post=279021"}],"version-history":[{"count":0,"href":"https:\/\/www.europesays.com\/fr\/wp-json\/wp\/v2\/posts\/279021\/revisions"}],"wp:featuredmedia":[{"embeddable":true,"href":"https:\/\/www.europesays.com\/fr\/wp-json\/wp\/v2\/media\/279022"}],"wp:attachment":[{"href":"https:\/\/www.europesays.com\/fr\/wp-json\/wp\/v2\/media?parent=279021"}],"wp:term":[{"taxonomy":"category","embeddable":true,"href":"https:\/\/www.europesays.com\/fr\/wp-json\/wp\/v2\/categories?post=279021"},{"taxonomy":"post_tag","embeddable":true,"href":"https:\/\/www.europesays.com\/fr\/wp-json\/wp\/v2\/tags?post=279021"}],"curies":[{"name":"wp","href":"https:\/\/api.w.org\/{rel}","templated":true}]}}