{"id":279029,"date":"2025-07-28T07:08:10","date_gmt":"2025-07-28T07:08:10","guid":{"rendered":"https:\/\/www.europesays.com\/fr\/279029\/"},"modified":"2025-07-28T07:08:10","modified_gmt":"2025-07-28T07:08:10","slug":"cette-boisson-verte-un-peu-oubliee-redonne-bonne-mine-en-une-semaine-lastuce-fraicheur-a-tester-cet-ete","status":"publish","type":"post","link":"https:\/\/www.europesays.com\/fr\/279029\/","title":{"rendered":"Cette boisson verte un peu oubli\u00e9e redonne bonne mine en une semaine, l\u2019astuce fra\u00eecheur \u00e0 tester cet \u00e9t\u00e9"},"content":{"rendered":"<p>Quand la canicule frappe, la peau n\u2019en finit plus de r\u00e9clamer fra\u00eecheur et vitalit\u00e9. <strong>L\u2019\u00e9t\u00e9, le teint devient vite terne, la fatigue s\u2019accumule, et chaque coup de soleil laisse des traces<\/strong>. C\u2019est dans ce contexte que le jus de concombre, boisson ancestrale remise au go\u00fbt du jour, se hisse en t\u00eate des rem\u00e8des naturels. Longtemps rel\u00e9gu\u00e9 au fond des frigos, ce breuvage revient sur le devant de la sc\u00e8ne bien-\u00eatre avec la promesse de retrouver bonne mine\u2026 en seulement une semaine.<\/p>\n<p><strong>Pourquoi ce jus vert intrigue autant\u202f? Sa simplicit\u00e9 d\u00e9sarmante, son efficacit\u00e9 bluffante, et ce parfum de sagesse populaire<\/strong>. Alors que la tendance est aux \u201csuperfoods\u201d venus de loin, le concombre s\u00e9duit par son accessibilit\u00e9 et son honn\u00eatet\u00e9. Fini les recettes tarabiscot\u00e9es : un concombre, un peu de menthe, \u00e9ventuellement un trait de citron, et voil\u00e0 le secret fra\u00eecheur \u00e0 port\u00e9e de tous.<\/p>\n<p>Les secrets \u00e9clat du concombre : hydratation, vitamines et antioxydants<\/p>\n<p>Compos\u00e9 \u00e0 95\u202f% d\u2019eau, le concombre hydrate intens\u00e9ment la peau de l\u2019int\u00e9rieur. En une semaine seulement, beaucoup d\u2019adeptes t\u00e9moignent d\u2019un effet visible\u202f: <strong>peau plus rebondie, teint repos\u00e9, imperfections att\u00e9nu\u00e9es, sensation de fra\u00eecheur imm\u00e9diate<\/strong>. La vitamine C booste le collag\u00e8ne, la vitamine K chasse les poches et cernes, pendant que flavono\u00efdes et tanins chassent le stress oxydatif, responsable du vieillissement cutan\u00e9.<\/p>\n<p>Ce cocktail naturel est aussi ultra-doux pour le corps\u202f: pas de sucres ajout\u00e9s, pas de mauvaises graisses, juste un shot de vitalit\u00e9 chaque matin. R\u00e9sultat\u202f: un \u00e9piderme apais\u00e9, une silhouette all\u00e9g\u00e9e et un regain d\u2019\u00e9nergie ressenti d\u00e8s la premi\u00e8re semaine.<\/p>\n<p>Mode d\u2019emploi : la recette minute pour voir la diff\u00e9rence<\/p>\n<p>Envie de tenter l\u2019exp\u00e9rience\u202f? Rien de plus simple\u202f: <strong>un jus de concombre frais chaque matin, nature ou avec un peu de citron<\/strong>. Lavez soigneusement deux concombres, coupez-les en rondelles, passez-les \u00e0 l\u2019extracteur ou \u00e0 la centrifugeuse, et d\u00e9gustez aussit\u00f4t. Bonus fra\u00eecheur\u202f: quelques feuilles de menthe ou un soup\u00e7on de gingembre pour r\u00e9veiller les papilles.<\/p>\n<p>Privil\u00e9giez une cure de sept jours, sans interruption, et gardez le geste simple\u202f: pas de sucre, pas de conservateurs, rien que du v\u00e9g\u00e9tal et de la fra\u00eecheur. L\u2019id\u00e9al\u202f? Boire son jus \u00e0 jeun, au lever, pour que la peau profite au maximum des bienfaits hydratants. \u00c0 midi, c\u2019est la pause anti-coup de chaud par excellence. Seule pr\u00e9caution\u202f: \u00e9vitez le soir pour ne pas g\u00eaner votre sommeil.<\/p>\n<p>Pourquoi cette cure change vraiment la donne cet \u00e9t\u00e9<\/p>\n<p>Si la peau rayonne, le reste du corps suit\u202f: <strong>le jus de concombre facilite la digestion, r\u00e9duit la r\u00e9tention d\u2019eau, aide \u00e0 garder la ligne et booste l\u2019\u00e9nergie<\/strong>. Son effet rassasiant calme les fringales, tandis que son hydratation apaise jambes lourdes et traits fatigu\u00e9s. Que vous soyez sportif, citadin ou simplement en qu\u00eate d\u2019une routine d\u00e9tox, cette boisson ultra-accessible s\u2019adapte \u00e0 tous les rythmes estivaux.<\/p>\n<p>L\u2019essayer, c\u2019est l\u2019adopter\u202f: chaque verre vous rapproche d\u2019un teint lumineux, d\u2019une sensation de l\u00e9g\u00e8ret\u00e9 et d\u2019un bien-\u00eatre retrouv\u00e9. Cet \u00e9t\u00e9, misez sur la simplicit\u00e9, red\u00e9couvrez les bienfaits d\u2019un l\u00e9gume du quotidien et osez le d\u00e9fi du jus vert\u202f!<\/p>\n","protected":false},"excerpt":{"rendered":"Quand la canicule frappe, la peau n\u2019en finit plus de r\u00e9clamer fra\u00eecheur et vitalit\u00e9. L\u2019\u00e9t\u00e9, le teint devient&hellip;\n","protected":false},"author":2,"featured_media":279030,"comment_status":"","ping_status":"","sticky":false,"template":"","format":"standard","meta":{"footnotes":""},"categories":[10],"tags":[1011,27,72,71],"class_list":{"0":"post-279029","1":"post","2":"type-post","3":"status-publish","4":"format-standard","5":"has-post-thumbnail","7":"category-sante","8":"tag-fr","9":"tag-france","10":"tag-health","11":"tag-sante"},"share_on_mastodon":{"url":"https:\/\/pubeurope.com\/@fr\/114929605294506470","error":""},"_links":{"self":[{"href":"https:\/\/www.europesays.com\/fr\/wp-json\/wp\/v2\/posts\/279029","targetHints":{"allow":["GET"]}}],"collection":[{"href":"https:\/\/www.europesays.com\/fr\/wp-json\/wp\/v2\/posts"}],"about":[{"href":"https:\/\/www.europesays.com\/fr\/wp-json\/wp\/v2\/types\/post"}],"author":[{"embeddable":true,"href":"https:\/\/www.europesays.com\/fr\/wp-json\/wp\/v2\/users\/2"}],"replies":[{"embeddable":true,"href":"https:\/\/www.europesays.com\/fr\/wp-json\/wp\/v2\/comments?post=279029"}],"version-history":[{"count":0,"href":"https:\/\/www.europesays.com\/fr\/wp-json\/wp\/v2\/posts\/279029\/revisions"}],"wp:featuredmedia":[{"embeddable":true,"href":"https:\/\/www.europesays.com\/fr\/wp-json\/wp\/v2\/media\/279030"}],"wp:attachment":[{"href":"https:\/\/www.europesays.com\/fr\/wp-json\/wp\/v2\/media?parent=279029"}],"wp:term":[{"taxonomy":"category","embeddable":true,"href":"https:\/\/www.europesays.com\/fr\/wp-json\/wp\/v2\/categories?post=279029"},{"taxonomy":"post_tag","embeddable":true,"href":"https:\/\/www.europesays.com\/fr\/wp-json\/wp\/v2\/tags?post=279029"}],"curies":[{"name":"wp","href":"https:\/\/api.w.org\/{rel}","templated":true}]}}