{"id":279033,"date":"2025-07-28T07:10:10","date_gmt":"2025-07-28T07:10:10","guid":{"rendered":"https:\/\/www.europesays.com\/fr\/279033\/"},"modified":"2025-07-28T07:10:10","modified_gmt":"2025-07-28T07:10:10","slug":"il-est-temps-de-vous-dire-au-revoir-laurent-mariotte-claque-la-porte","status":"publish","type":"post","link":"https:\/\/www.europesays.com\/fr\/279033\/","title":{"rendered":"\u00ab\u00a0Il est temps de vous dire au revoir\u2026\u00a0\u00bb : Laurent Mariotte claque la porte"},"content":{"rendered":"<p>      R\u00e9sum\u00e9<\/p>\n<p>Apr\u00e8s sept ans \u00e0 animer La Table des bons vivants sur Europe 1, Laurent Mariotte annonce son d\u00e9part tout en poursuivant ses chroniques culinaires sur TF1.<\/p>\n<p>        Sommaire<\/p>\n<p>Clap de fin pour <a href=\"https:\/\/www.public.fr\/je-ne-suis-pas-une-influenceuse-le-coup-de-gueule-de-laurent-mariotte-cuistot-star-de-tf1\" target=\"_blank\" rel=\"noopener\"><strong>Laurent<\/strong> <strong>Mariotte<\/strong><\/a>. Figure embl\u00e9matique du groupe TF1, l&rsquo;animateur vedette a pris la triste d\u00e9cision de tout quitter <strong>apr\u00e8s 7 ans de bons et loyaux services. <br \/><\/strong><br \/>Ce samedi 26 juillet 2025, l&rsquo;homme de t\u00e9l\u00e9 s&rsquo;est en effet saisi de son compte <a href=\"https:\/\/www.instagram.com\/laurent.mariotte\/?hl=fr\" target=\"_blank\" rel=\"noreferrer noopener\">Instagram<\/a> afin d&rsquo;annoncer la terrible nouvelle \u00e0 sa communaut\u00e9. <\/p>\n<p>La fin d&rsquo;une belle aventure<\/p>\n<p>\u00ab\u00a0Apr\u00e8s 7 ann\u00e9es de bonheur \u00e0 pr\u00e9senter la table des bons vivants sur cette radio, il est temps pour moi de vous dire au revoir\u2026 Et Merci pour votre fid\u00e9lit\u00e9. <strong>C\u2019\u00e9tait une joie d\u2019animer cette \u00e9mission entour\u00e9 de ma bande !<\/strong> Du march\u00e9 \u00e0 la cuisine en passant par les arri\u00e8re-cuisines, notre alimentation, nous avons essay\u00e9 d\u2019apporter de la p\u00e9dagogie et des \u00e9clairages sur notre alimentation et notre fa\u00e7on de manger\u00a0\u00bb, a-t-il \u00e9crit en l\u00e9gende de plusieurs clich\u00e9s des invit\u00e9s et de la bande qui l&rsquo;ont accompagn\u00e9 dans le programme La Table des bons vivants sur Europe 1, qu&rsquo;il animait chaque samedi de 11 h \u00e0 12 h 30.<\/p>\n<p>Visiblement fier de son parcours, il s&rsquo;est ensuite f\u00e9licit\u00e9 du score d&rsquo;audience avant l&rsquo;officialisation de son d\u00e9part : \u00ab\u00a0Nous finissons la saison avec <strong>une moyenne de 800 000 auditeurs<\/strong>\u00ab\u00a0. <\/p>\n<p>Et de remercier ses camarades : \u00ab\u00a0Merci \u00e0 Laurent Guimier de m\u2019avoir fait venir sur Europe 1 et Constance Benqu\u00e9 et Donat Vidal-Revel pour leur confiance. Merci \u00e0 toute ma belle bande et ma fid\u00e8le r\u00e9dactrice en chef Lucile Escourrou pour son aide pr\u00e9cieuse toutes ces ann\u00e9es\u00a0\u00bb. <\/p>\n<p>Laurent Mariotte toujours sur TF1<\/p>\n<p>La fin de cette belle aventure a alors \u00e9t\u00e9 salu\u00e9e par bon nombre de ses collaborateurs. M\u00eame Luana Belmondo s&rsquo;est empar\u00e9e de ses r\u00e9seaux sociaux pour souhaiter le meilleur \u00e0 Laurent Mariotte. \u00ab\u00a0Merci Laurent [\u2026] On restera \u00e0 jamais des bons vivants\u00a0\u00bb, a-t-elle indiqu\u00e9. <\/p>\n<p>Que les fans se rassurent : <strong>pas question pour Laurent Mariotte de tirer un trait sur ses c\u00e9l\u00e8bres chroniques culinaires<\/strong> ! <\/p>\n<p>Si La Table des bons vivants s&rsquo;est arr\u00eat\u00e9e, ses rendez-vous gourmands sur TF1, eux, sont bel et bien maintenus. Pas le moindre risque pour <strong>Petits plats en \u00e9quilibre et Petits plats \u00e0 emporter<\/strong>, deux formats courts qu&rsquo;il continue de porter avec passion. <\/p>\n<p>L&rsquo;animateur officiera tout l&rsquo;\u00e9t\u00e9 aux commandes de ces programmes diffus\u00e9s du lundi au vendredi \u00e0 21h05, pour le plus grand bonheur des t\u00e9l\u00e9spectateurs ! <\/p>\n<p>      Mentionn\u00e9s dans cet article<\/p>\n<p>\u00c0 lire aussi<\/p>\n<p><script async src=\"\/\/www.instagram.com\/embed.js\"><\/script><\/p>\n","protected":false},"excerpt":{"rendered":"R\u00e9sum\u00e9 Apr\u00e8s sept ans \u00e0 animer La Table des bons vivants sur Europe 1, Laurent Mariotte annonce son&hellip;\n","protected":false},"author":2,"featured_media":279034,"comment_status":"","ping_status":"","sticky":false,"template":"","format":"standard","meta":{"footnotes":""},"categories":[8],"tags":[58,59,1011,27,41583,199],"class_list":{"0":"post-279033","1":"post","2":"type-post","3":"status-publish","4":"format-standard","5":"has-post-thumbnail","7":"category-divertissement","8":"tag-divertissement","9":"tag-entertainment","10":"tag-fr","11":"tag-france","12":"tag-laurent-mariotte","13":"tag-tf1"},"share_on_mastodon":{"url":"https:\/\/pubeurope.com\/@fr\/114929613377867468","error":""},"_links":{"self":[{"href":"https:\/\/www.europesays.com\/fr\/wp-json\/wp\/v2\/posts\/279033","targetHints":{"allow":["GET"]}}],"collection":[{"href":"https:\/\/www.europesays.com\/fr\/wp-json\/wp\/v2\/posts"}],"about":[{"href":"https:\/\/www.europesays.com\/fr\/wp-json\/wp\/v2\/types\/post"}],"author":[{"embeddable":true,"href":"https:\/\/www.europesays.com\/fr\/wp-json\/wp\/v2\/users\/2"}],"replies":[{"embeddable":true,"href":"https:\/\/www.europesays.com\/fr\/wp-json\/wp\/v2\/comments?post=279033"}],"version-history":[{"count":0,"href":"https:\/\/www.europesays.com\/fr\/wp-json\/wp\/v2\/posts\/279033\/revisions"}],"wp:featuredmedia":[{"embeddable":true,"href":"https:\/\/www.europesays.com\/fr\/wp-json\/wp\/v2\/media\/279034"}],"wp:attachment":[{"href":"https:\/\/www.europesays.com\/fr\/wp-json\/wp\/v2\/media?parent=279033"}],"wp:term":[{"taxonomy":"category","embeddable":true,"href":"https:\/\/www.europesays.com\/fr\/wp-json\/wp\/v2\/categories?post=279033"},{"taxonomy":"post_tag","embeddable":true,"href":"https:\/\/www.europesays.com\/fr\/wp-json\/wp\/v2\/tags?post=279033"}],"curies":[{"name":"wp","href":"https:\/\/api.w.org\/{rel}","templated":true}]}}