{"id":279037,"date":"2025-07-28T07:12:14","date_gmt":"2025-07-28T07:12:14","guid":{"rendered":"https:\/\/www.europesays.com\/fr\/279037\/"},"modified":"2025-07-28T07:12:14","modified_gmt":"2025-07-28T07:12:14","slug":"hausse-en-vue-en-europe-apres-laccord-usa-ue-28-07-2025-a-0838","status":"publish","type":"post","link":"https:\/\/www.europesays.com\/fr\/279037\/","title":{"rendered":"Hausse en vue en Europe apr\u00e8s l&rsquo;accord USA-UE &#8211; 28\/07\/2025 \u00e0 08:38"},"content":{"rendered":"<p>\n (AOF) &#8211; Les march\u00e9s actions europ\u00e9ens sont attendus sur une note haussi\u00e8re \u00e0 l&rsquo;ouverture de la premi\u00e8re s\u00e9ance de la semaine. Le pr\u00e9sident Trump et Ursula von der Leyen ont n\u00e9goci\u00e9 hier soir un deal commercial. Les produits \u00ab\u00a0made in Europe\u00a0\u00bb seront soumis \u00e0 15% de droits de douane. Bruxelles a obtenu des exemptions de Washington mais a d\u00fb accepter des contreparties. La journ\u00e9e s&rsquo;annonce calme sur le front des statistiques. C\u00f4t\u00e9 valeurs, Forvia a confirm\u00e9 ses objectifs financiers annuels malgr\u00e9 avoir d\u00e9voil\u00e9 une perte nette part du groupe au premier semestre 2025.\n<\/p>\n<p>\n <strong><br \/>\n  Les valeurs \u00e0 suivre aujourd&rsquo;hui<br \/>\n <\/strong>\n<\/p>\n<p>\n <strong><br \/>\n  Forvia<br \/>\n <\/strong>\n<\/p>\n<p>\n Forvia a fait \u00e9tat d&rsquo;une perte nette part du groupe de 269 millions d&rsquo;euros au premier semestre 2025 (contre un b\u00e9n\u00e9fice net de 5 millions d&rsquo;euros l&rsquo;ann\u00e9e derni\u00e8re \u00e0 la m\u00eame \u00e9poque) en raison d&rsquo;une d\u00e9pr\u00e9ciation d&rsquo;actifs de 136 millions d&rsquo;euros non cash li\u00e9e \u00e0 la co-entreprise d&rsquo;hydrog\u00e8ne Symbio. Le r\u00e9sultat op\u00e9rationnel a augment\u00e9 de 3,1%, \u00e0 722 millions d&rsquo;euros. Le chiffre d&rsquo;affaires de l&rsquo;\u00e9quipementier automobile s&rsquo;est \u00e9tabli \u00e0 13,48 milliards d&rsquo;euros, en repli de 0,4% sur un an en donn\u00e9es publi\u00e9es, mais en hausse de 1,1% en donn\u00e9es organiques.\n<\/p>\n<p>\n <strong><br \/>\n  Maisons du monde<br \/>\n <\/strong>\n<\/p>\n<p>\n Apr\u00e8s un repli de 9,9 % au premier trimestre, les ventes du groupe Maisons du monde se sont affaiss\u00e9es de 7,5 %, \u00e0 223,2 millions d\u2019euros, sur la p\u00e9riode d\u2019avril \u00e0 juin. Au total, sur le semestre, les ventes se sont \u00e9lev\u00e9es \u00e0 444,6 millions d\u2019euros, soit une baisse de 8,7 %. Le groupe pr\u00e9cise que le contexte est difficile pour le secteur de l\u2019ameublement et de la d\u00e9coration, le tout accentu\u00e9 par des facteurs macro-\u00e9conomiques d\u00e9favorables et un march\u00e9 tr\u00e8s concurrentiel. Parall\u00e8lement, la marge brute a diminu\u00e9 de 0,4 point pour s\u2019installer 64,3 % du chiffre d\u2019affaires.\n<\/p>\n<p>\n <strong><br \/>\n  Robertet<br \/>\n <\/strong>\n<\/p>\n<p>\n Robertet a publi\u00e9 un chiffre d&rsquo;affaires pour le premier semestre 2025, de 446,3 millions d&rsquo;euros, en hausse de 7,7%, dont une progression de 7,1% \u00e0 p\u00e9rim\u00e8tre constant. \u00c0 taux de change et p\u00e9rim\u00e8tre comparable, la croissance organique du sp\u00e9cialiste des mati\u00e8res premi\u00e8res naturelles pour les parfums et les ar\u00f4mes a atteint 9,2%. Le croissance s\u2019est acc\u00e9l\u00e9r\u00e9e au deuxi\u00e8me trimestre, avec un chiffre d\u2019affaires en hausse de 10%, apr\u00e8s une progression de 5,5% au premier trimestre.\n<\/p>\n<p>\n <strong><br \/>\n  Vallourec<br \/>\n <\/strong>\n<\/p>\n<p>\n Vallourec a finalis\u00e9 le 24 juillet la cession de Serimax, sa filiale sp\u00e9cialis\u00e9e dans les solutions de soudage orbital manuel et m\u00e9canis\u00e9, sur la base d&rsquo;une valeur d&rsquo;entreprise de 79 millions d&rsquo;euros. Cette transaction participe des initiatives du New Vallourec pour rationaliser son capital investi et recentrer le groupe sur son c\u0153ur de m\u00e9tier : les solutions tubulaires sans soudure haut de gamme. Dans le cadre du plan New Vallourec, Serimax a connu une transformation rapide et op\u00e8re d\u00e9sormais de mani\u00e8re rentable en tant qu&rsquo;entreprise ind\u00e9pendante.\n<\/p>\n<p>\n <strong><br \/>\n  Les chiffres macro\u00e9conomiques<br \/>\n <\/strong>\n<\/p>\n<p>\n En Espagne, la confiance des consommateurs en juin sera connue \u00e0 14h00.\n<\/p>\n<p>\n Vers 8h30, l&rsquo;euro c\u00e8de 0,26% \u00e0 1,1718 dollar.\n<\/p>\n<p>\n <strong><br \/>\n  Vendredi \u00e0 Paris<br \/>\n <\/strong>\n<\/p>\n<p>\n Les march\u00e9s europ\u00e9ens ont cl\u00f4tur\u00e9 en ordre dispers\u00e9. Selon le Financial Times, l&rsquo;Union europ\u00e9enne et les \u00c9tats-Unis seraient proches d&rsquo;aboutir \u00e0 un accord commercial qui imposerait des droits de douane de 15% sur les produits europ\u00e9ens. C\u00f4t\u00e9 valeurs, LVMH a progress\u00e9 gr\u00e2ce \u00e0 des r\u00e9sultats semestriels moins d\u00e9cevants. R\u00e9my Cointreau a bondi \u00e0 la faveur d&rsquo;un excellent premier trimestre et de perspectives favorables. A la cl\u00f4ture, le CAC 40 a l\u00e9g\u00e8rement rebondi, gagnant 0,21% \u00e0 7834 points et 0,15% sur l&rsquo;ensemble de la semaine. Londres et Francfort ont l\u00e9g\u00e8rement recul\u00e9.\n<\/p>\n<p>\n <strong><br \/>\n  Vendredi \u00e0 Wall Street<br \/>\n <\/strong>\n<\/p>\n<p>\n Les march\u00e9s actions am\u00e9ricains ont termin\u00e9 la semaine en hausse, port\u00e9s par de nouveaux records et par l&rsquo;espoir d&rsquo;un accord commercial entre l&rsquo;Union europ\u00e9enne et les Etats-Unis. Un accord \u00e0 \u00ab\u00a0port\u00e9e de main\u00a0\u00bb, selon un porte-parole de la Commission europ\u00e9enne. Le S&amp;P 500 a \u00e9tabli un record de cl\u00f4ture \u00e0 chaque s\u00e9ance cette semaine, une s\u00e9rie qui ne s&rsquo;\u00e9tait plus produite depuis novembre 2021. C\u00f4t\u00e9 valeurs, Intel a \u00e9t\u00e9 sanctionn\u00e9 apr\u00e8s avoir annonc\u00e9 des pertes trimestrielles plus importantes que pr\u00e9vu. Le Dow Jones s&rsquo;est adjug\u00e9 0,47% \u00e0 44901 points et le Nasdaq 0,24% \u00e0 21108 points.<\/p>\n","protected":false},"excerpt":{"rendered":"(AOF) &#8211; Les march\u00e9s actions europ\u00e9ens sont attendus sur une note haussi\u00e8re \u00e0 l&rsquo;ouverture de la premi\u00e8re s\u00e9ance&hellip;\n","protected":false},"author":2,"featured_media":15273,"comment_status":"","ping_status":"","sticky":false,"template":"","format":"standard","meta":{"footnotes":""},"categories":[6],"tags":[400,398,408,35,405,33,34,1011,27,403,402,399,404,401,406,407],"class_list":{"0":"post-279037","1":"post","2":"type-post","3":"status-publish","4":"format-standard","5":"has-post-thumbnail","7":"category-economie","8":"tag-action-cac-40","9":"tag-bourse-de-paris","10":"tag-boursorama","11":"tag-business","12":"tag-cotations","13":"tag-economie","14":"tag-economy","15":"tag-fr","16":"tag-france","17":"tag-indices-devises","18":"tag-investir","19":"tag-investissement","20":"tag-marche-boursier","21":"tag-sicav","22":"tag-trackers","23":"tag-warrants"},"share_on_mastodon":{"url":"https:\/\/pubeurope.com\/@fr\/114929621003425869","error":""},"_links":{"self":[{"href":"https:\/\/www.europesays.com\/fr\/wp-json\/wp\/v2\/posts\/279037","targetHints":{"allow":["GET"]}}],"collection":[{"href":"https:\/\/www.europesays.com\/fr\/wp-json\/wp\/v2\/posts"}],"about":[{"href":"https:\/\/www.europesays.com\/fr\/wp-json\/wp\/v2\/types\/post"}],"author":[{"embeddable":true,"href":"https:\/\/www.europesays.com\/fr\/wp-json\/wp\/v2\/users\/2"}],"replies":[{"embeddable":true,"href":"https:\/\/www.europesays.com\/fr\/wp-json\/wp\/v2\/comments?post=279037"}],"version-history":[{"count":0,"href":"https:\/\/www.europesays.com\/fr\/wp-json\/wp\/v2\/posts\/279037\/revisions"}],"wp:featuredmedia":[{"embeddable":true,"href":"https:\/\/www.europesays.com\/fr\/wp-json\/wp\/v2\/media\/15273"}],"wp:attachment":[{"href":"https:\/\/www.europesays.com\/fr\/wp-json\/wp\/v2\/media?parent=279037"}],"wp:term":[{"taxonomy":"category","embeddable":true,"href":"https:\/\/www.europesays.com\/fr\/wp-json\/wp\/v2\/categories?post=279037"},{"taxonomy":"post_tag","embeddable":true,"href":"https:\/\/www.europesays.com\/fr\/wp-json\/wp\/v2\/tags?post=279037"}],"curies":[{"name":"wp","href":"https:\/\/api.w.org\/{rel}","templated":true}]}}