{"id":279059,"date":"2025-07-28T07:32:10","date_gmt":"2025-07-28T07:32:10","guid":{"rendered":"https:\/\/www.europesays.com\/fr\/279059\/"},"modified":"2025-07-28T07:32:10","modified_gmt":"2025-07-28T07:32:10","slug":"lopera-sinvite-a-lecomusee-pour-une-representation-exceptionnelle-en-plein-air","status":"publish","type":"post","link":"https:\/\/www.europesays.com\/fr\/279059\/","title":{"rendered":"l&rsquo;Op\u00e9ra s&rsquo;invite \u00e0 l&rsquo;\u00e9comus\u00e9e pour une repr\u00e9sentation exceptionnelle en plein air"},"content":{"rendered":"<p>            Par<br \/>\n        <strong><br \/>\n            <a href=\"https:\/\/actu.fr\/auteur\/brian-legoff\" title=\"Consulter tous les articles de Brian Le Goff\" rel=\"nofollow noopener\" target=\"_blank\">Brian Le Goff<\/a><br \/>\n        <\/strong><\/p>\n<p>        Publi\u00e9 le<\/p>\n<p>            28 juil. 2025 \u00e0 8h45        <\/p>\n<p>Une <strong>derni\u00e8re animation<\/strong> \u00e0 faire seul, en famille ou entre amis <strong>avant la rentr\u00e9e\u2009?<\/strong> Samedi 30\u00a0ao\u00fbt, de 18h \u00e0 21h30, l\u2019\u00e9comus\u00e9e et l\u2019Op\u00e9ra de Rennes s\u2019associent et proposent une repr\u00e9sentation exceptionnelle en plein de<strong> Rinaldo de Georg Friedrich Haendel<\/strong>.<\/p>\n<p class=\" wall-content\">Il s\u2019agit d\u2019un spectacle \u00ab\u2009grandiose o\u00f9 <strong>marionnettes g\u00e9antes, effets sp\u00e9ciaux et air envo\u00fbtants<\/strong> transportent petits et grands dans un univers f\u00e9\u00e9rique\u2009\u00bb, indique l\u2019\u00e9comus\u00e9e dans son communiqu\u00e9.<\/p>\n<blockquote class=\"ac-article-quote wall-content\">\n<p>Dragon, poissons fantastiques, magicienne redoutable et chevaliers se donnent rendez-vous \u00e0 la ferme pour une aventure lyrique hors du commun. <\/p>\n<p>    <strong>Ecomus\u00e9e<\/strong>\n            <\/p><\/blockquote>\n<p class=\" wall-content\">\u00ab\u00a0Entre pyrotechnies vocales et sc\u00e9nographiques\u00a0\u00bb, Rinaldo ravira toute la famille<strong> d\u00e8s 10\u00a0ans<\/strong>. \u00ab\u00a0Les <strong>Tarifs sont volontairement accessibles<\/strong> pour permettre \u00e0 toutes et tous d\u2019en profiter\u00a0\u00bb, explique l\u2019\u00c9comus\u00e9e.<\/p>\n<p>Plein tarif\u2009: 14\u00a0euros (5\u00a0euros avec la carte Sortir\u2009!). Billetterie sur le site de l\u2019Op\u00e9ra. Restauration possible durant l\u2019entracte. \u00c9comus\u00e9e de la Bintinais, route de Ch\u00e2tillon-sur-Seiche.<\/p>\n<p class=\" wall-content\">Suivez toute l\u2019actualit\u00e9 de vos villes et m\u00e9dias favoris en vous inscrivant \u00e0 <a href=\"https:\/\/moncompte.actu.fr\" title=\"D\u00e9couvez Mon Actu\" rel=\"nofollow noopener\" data-trk=\"{&quot;cta&quot;:{&quot;action&quot;:&quot;https:\\\/\\\/moncompte.actu.fr&quot;,&quot;category&quot;:&quot;mon compte&quot;,&quot;from&quot;:&quot;article footer&quot;,&quot;name&quot;:&quot;Mon actu&quot;,&quot;type&quot;:&quot;cta&quot;}}\" target=\"_blank\">Mon Actu<\/a>.<\/p>\n","protected":false},"excerpt":{"rendered":"Par Brian Le Goff Publi\u00e9 le 28 juil. 2025 \u00e0 8h45 Une derni\u00e8re animation \u00e0 faire seul, en&hellip;\n","protected":false},"author":2,"featured_media":279060,"comment_status":"","ping_status":"","sticky":false,"template":"","format":"standard","meta":{"footnotes":""},"categories":[2821],"tags":[1111,11,1063,829,1697,1777,674,1011,27,1652,12,7165,584,25],"class_list":{"0":"post-279059","1":"post","2":"type-post","3":"status-publish","4":"format-standard","5":"has-post-thumbnail","7":"category-rennes","8":"tag-actu","9":"tag-actualites","10":"tag-animations","11":"tag-bretagne","12":"tag-concert","13":"tag-eu","14":"tag-europe","15":"tag-fr","16":"tag-france","17":"tag-loisirs-culture","18":"tag-news","19":"tag-opera","20":"tag-rennes","21":"tag-republique-francaise"},"share_on_mastodon":{"url":"https:\/\/pubeurope.com\/@fr\/114929699614798346","error":""},"_links":{"self":[{"href":"https:\/\/www.europesays.com\/fr\/wp-json\/wp\/v2\/posts\/279059","targetHints":{"allow":["GET"]}}],"collection":[{"href":"https:\/\/www.europesays.com\/fr\/wp-json\/wp\/v2\/posts"}],"about":[{"href":"https:\/\/www.europesays.com\/fr\/wp-json\/wp\/v2\/types\/post"}],"author":[{"embeddable":true,"href":"https:\/\/www.europesays.com\/fr\/wp-json\/wp\/v2\/users\/2"}],"replies":[{"embeddable":true,"href":"https:\/\/www.europesays.com\/fr\/wp-json\/wp\/v2\/comments?post=279059"}],"version-history":[{"count":0,"href":"https:\/\/www.europesays.com\/fr\/wp-json\/wp\/v2\/posts\/279059\/revisions"}],"wp:featuredmedia":[{"embeddable":true,"href":"https:\/\/www.europesays.com\/fr\/wp-json\/wp\/v2\/media\/279060"}],"wp:attachment":[{"href":"https:\/\/www.europesays.com\/fr\/wp-json\/wp\/v2\/media?parent=279059"}],"wp:term":[{"taxonomy":"category","embeddable":true,"href":"https:\/\/www.europesays.com\/fr\/wp-json\/wp\/v2\/categories?post=279059"},{"taxonomy":"post_tag","embeddable":true,"href":"https:\/\/www.europesays.com\/fr\/wp-json\/wp\/v2\/tags?post=279059"}],"curies":[{"name":"wp","href":"https:\/\/api.w.org\/{rel}","templated":true}]}}