{"id":279070,"date":"2025-07-28T07:39:16","date_gmt":"2025-07-28T07:39:16","guid":{"rendered":"https:\/\/www.europesays.com\/fr\/279070\/"},"modified":"2025-07-28T07:39:16","modified_gmt":"2025-07-28T07:39:16","slug":"le-feu-prend-dans-un-appartement-pres-de-nantes-pas-de-blesse-mais-trois-locataires-evacues","status":"publish","type":"post","link":"https:\/\/www.europesays.com\/fr\/279070\/","title":{"rendered":"Le feu prend dans un appartement pr\u00e8s de Nantes, pas de bless\u00e9 mais trois locataires \u00e9vacu\u00e9s"},"content":{"rendered":"<p>Il \u00e9tait plus d\u2019une heure du matin lorsque les pompiers sont intervenus rue Marion Cahour \u00e0 Rez\u00e9, dans la nuit du dimanche\u00a027 au lundi 28\u00a0juillet. Un feu s\u2019\u00e9tait d\u00e9clar\u00e9 dans un immeuble de quatre \u00e9tages, au sein d\u2019un des appartements situ\u00e9 tout en haut. Le locataire, pr\u00e9sent au moment du sinistre, a \u00e9t\u00e9 relog\u00e9 par la mairie.<\/p>\n<p>En tout, trois locataires ont \u00e9t\u00e9 relog\u00e9s<\/p>\n<p>C\u2019est gr\u00e2ce \u00e0 une lance \u00e0 eau que les pompiers sont parvenus \u00e0 \u00e9teindre le feu. \u00a0Deux autres locataires dont les appartements ont \u00e9t\u00e9 impact\u00e9s par les eaux d\u2019extinction ont \u00e9t\u00e9 relog\u00e9s par leur famille\u00a0 pr\u00e9cise le centre op\u00e9rationnel d\u00e9partemental d\u2019incendie et de secours. Aucun bless\u00e9 n\u2019est \u00e0 d\u00e9clarer. On ignore pour l\u2019heure l\u2019origine du sinistre.<\/p>\n<p>\u00a0<\/p>\n","protected":false},"excerpt":{"rendered":"Il \u00e9tait plus d\u2019une heure du matin lorsque les pompiers sont intervenus rue Marion Cahour \u00e0 Rez\u00e9, dans&hellip;\n","protected":false},"author":2,"featured_media":279071,"comment_status":"","ping_status":"","sticky":false,"template":"","format":"standard","meta":{"footnotes":""},"categories":[2818],"tags":[1111,11,9071,3916,1777,674,17373,1312,1011,27,11296,766,12,2636,6020,3762,25],"class_list":{"0":"post-279070","1":"post","2":"type-post","3":"status-publish","4":"format-standard","5":"has-post-thumbnail","7":"category-nantes","8":"tag-actu","9":"tag-actualites","10":"tag-appartement","11":"tag-blesse","12":"tag-eu","13":"tag-europe","14":"tag-evacues","15":"tag-feu","16":"tag-fr","17":"tag-france","18":"tag-locataires","19":"tag-nantes","20":"tag-news","21":"tag-pays-de-la-loire","22":"tag-prend","23":"tag-pres","24":"tag-republique-francaise"},"share_on_mastodon":{"url":"https:\/\/pubeurope.com\/@fr\/114929727063392823","error":""},"_links":{"self":[{"href":"https:\/\/www.europesays.com\/fr\/wp-json\/wp\/v2\/posts\/279070","targetHints":{"allow":["GET"]}}],"collection":[{"href":"https:\/\/www.europesays.com\/fr\/wp-json\/wp\/v2\/posts"}],"about":[{"href":"https:\/\/www.europesays.com\/fr\/wp-json\/wp\/v2\/types\/post"}],"author":[{"embeddable":true,"href":"https:\/\/www.europesays.com\/fr\/wp-json\/wp\/v2\/users\/2"}],"replies":[{"embeddable":true,"href":"https:\/\/www.europesays.com\/fr\/wp-json\/wp\/v2\/comments?post=279070"}],"version-history":[{"count":0,"href":"https:\/\/www.europesays.com\/fr\/wp-json\/wp\/v2\/posts\/279070\/revisions"}],"wp:featuredmedia":[{"embeddable":true,"href":"https:\/\/www.europesays.com\/fr\/wp-json\/wp\/v2\/media\/279071"}],"wp:attachment":[{"href":"https:\/\/www.europesays.com\/fr\/wp-json\/wp\/v2\/media?parent=279070"}],"wp:term":[{"taxonomy":"category","embeddable":true,"href":"https:\/\/www.europesays.com\/fr\/wp-json\/wp\/v2\/categories?post=279070"},{"taxonomy":"post_tag","embeddable":true,"href":"https:\/\/www.europesays.com\/fr\/wp-json\/wp\/v2\/tags?post=279070"}],"curies":[{"name":"wp","href":"https:\/\/api.w.org\/{rel}","templated":true}]}}