{"id":279078,"date":"2025-07-28T07:44:12","date_gmt":"2025-07-28T07:44:12","guid":{"rendered":"https:\/\/www.europesays.com\/fr\/279078\/"},"modified":"2025-07-28T07:44:12","modified_gmt":"2025-07-28T07:44:12","slug":"focus-sur-la-condition-publique","status":"publish","type":"post","link":"https:\/\/www.europesays.com\/fr\/279078\/","title":{"rendered":"Focus sur la Condition Publique"},"content":{"rendered":"<p class=\"introduction\">Tout l\u2019\u00e9t\u00e9, on vous propose de red\u00e9couvrir la ville \u00e0 travers la collection \u00ab\u202fFOCUS\u202f\u00bb, des brochures patrimoniales con\u00e7ues par le service Culture &#8211; Ville d\u2019art et d\u2019histoire. Cette semaine, red\u00e9couvrez l&rsquo;histoire de la Condition Publique<\/p>\n<p>Derri\u00e8re sa fa\u00e7ade monumentale en brique rouge, la Condition Publique a vu passer ballots de laine, ouvriers du textile, graffeurs, musiciens et architectes. \u00c9difice de pierre et de symboles, elle incarne aujourd\u2019hui le pass\u00e9 industriel de Roubaix et sa capacit\u00e9 \u00e0 se r\u00e9inventer comme ville de culture et d\u2019innovation. Du temple de la laine au laboratoire culturel.<\/p>\n<p>Inaugur\u00e9e en 1902, la Condition Publique n\u2019\u00e9tait pas un lieu de cr\u00e9ation, mais un lieu de normalisation. C\u2019est l\u00e0 qu\u2019on pesait, contr\u00f4lait et conditionnait la laine avant sa mise en vente. On y garantissait la fiabilit\u00e9 des marchandises, \u00e9vitant toute fraude ou manipulation.<\/p>\n<p>Pens\u00e9e comme un outil au service du commerce textile, elle r\u00e9pondait aussi \u00e0 une volont\u00e9 politique : organiser et encadrer l\u2019\u00e9conomie locale, dans une ville qui comptait alors parmi les plus puissantes d\u2019Europe dans ce domaine. L\u2019\u00e9difice impressionne : 150 m\u00e8tres de long, une cour int\u00e9rieure, des sheds z\u00e9nithaux, une structure m\u00e9tallique puissante. Un bijou d\u2019architecture industrielle sign\u00e9 Auguste Dupire-Rozan.<\/p>\n<p>Ferm\u00e9e en 1993, la Condition Publique semble un temps promise \u00e0 l\u2019oubli. Mais le d\u00e9but des ann\u00e9es 2000 marque un tournant. Dans la dynamique du projet Ville Renouvel\u00e9e et de la candidature de Lille 2004 \u2013 Capitale europ\u00e9enne de la Culture, le b\u00e2timent est r\u00e9habilit\u00e9 pour devenir un laboratoire artistique et citoyen.<\/p>\n<p>La r\u00e9habilitation men\u00e9e par Patrick Bouchain est exemplaire : elle conserve les marques du pass\u00e9 tout en rendant le lieu modulaire, vivant, accessible. En 2004, la Condition Publique rena\u00eet sous une autre forme, devenant un lieu de production culturelle, de r\u00e9sidences d\u2019artistes, d\u2019expositions, de concerts et de d\u00e9bats.<\/p>\n<p>Un espace d\u2019hybridation entre patrimoine et avenir<\/p>\n<p>Aujourd\u2019hui, la Condition Publique est \u00e0 la fois un rep\u00e8re patrimonial par son architecture remarquable et un carrefour culturel par la diversit\u00e9 des projets qu\u2019elle abrite. Elle accueille des artistes internationaux, des collectifs de designers, des acteurs de l\u2019\u00e9conomie circulaire ou de la participation citoyenne.<\/p>\n<p>Son implantation \u00e0 l\u2019entr\u00e9e du quartier du Pile est aussi un symbole fort : mettre la culture au c\u0153ur des territoires populaires, croiser habitants, cr\u00e9ateurs et institutions. C\u2019est une Condition nouvelle, fid\u00e8le \u00e0 l\u2019esprit de Roubaix : inventive, exigeante, collective.<\/p>\n<p><a href=\"http:\/\/laconditionpublique.com\/\" target=\"_blank\" rel=\"noopener\">Voir le site de La Condition Publique<\/a><\/p>\n","protected":false},"excerpt":{"rendered":"Tout l\u2019\u00e9t\u00e9, on vous propose de red\u00e9couvrir la ville \u00e0 travers la collection \u00ab\u202fFOCUS\u202f\u00bb, des brochures patrimoniales con\u00e7ues&hellip;\n","protected":false},"author":2,"featured_media":279079,"comment_status":"","ping_status":"","sticky":false,"template":"","format":"standard","meta":{"footnotes":""},"categories":[2815],"tags":[1111,11,1777,674,1011,27,811,30671,38919,1307,12,2551,25],"class_list":{"0":"post-279078","1":"post","2":"type-post","3":"status-publish","4":"format-standard","5":"has-post-thumbnail","7":"category-lille","8":"tag-actu","9":"tag-actualites","10":"tag-eu","11":"tag-europe","12":"tag-fr","13":"tag-france","14":"tag-hauts-de-france","15":"tag-la-condition-publique","16":"tag-label-ville-dart-et-dhistoire","17":"tag-lille","18":"tag-news","19":"tag-patrimoine","20":"tag-republique-francaise"},"share_on_mastodon":{"url":"https:\/\/pubeurope.com\/@fr\/114929746848304659","error":""},"_links":{"self":[{"href":"https:\/\/www.europesays.com\/fr\/wp-json\/wp\/v2\/posts\/279078","targetHints":{"allow":["GET"]}}],"collection":[{"href":"https:\/\/www.europesays.com\/fr\/wp-json\/wp\/v2\/posts"}],"about":[{"href":"https:\/\/www.europesays.com\/fr\/wp-json\/wp\/v2\/types\/post"}],"author":[{"embeddable":true,"href":"https:\/\/www.europesays.com\/fr\/wp-json\/wp\/v2\/users\/2"}],"replies":[{"embeddable":true,"href":"https:\/\/www.europesays.com\/fr\/wp-json\/wp\/v2\/comments?post=279078"}],"version-history":[{"count":0,"href":"https:\/\/www.europesays.com\/fr\/wp-json\/wp\/v2\/posts\/279078\/revisions"}],"wp:featuredmedia":[{"embeddable":true,"href":"https:\/\/www.europesays.com\/fr\/wp-json\/wp\/v2\/media\/279079"}],"wp:attachment":[{"href":"https:\/\/www.europesays.com\/fr\/wp-json\/wp\/v2\/media?parent=279078"}],"wp:term":[{"taxonomy":"category","embeddable":true,"href":"https:\/\/www.europesays.com\/fr\/wp-json\/wp\/v2\/categories?post=279078"},{"taxonomy":"post_tag","embeddable":true,"href":"https:\/\/www.europesays.com\/fr\/wp-json\/wp\/v2\/tags?post=279078"}],"curies":[{"name":"wp","href":"https:\/\/api.w.org\/{rel}","templated":true}]}}