{"id":279084,"date":"2025-07-28T07:47:10","date_gmt":"2025-07-28T07:47:10","guid":{"rendered":"https:\/\/www.europesays.com\/fr\/279084\/"},"modified":"2025-07-28T07:47:10","modified_gmt":"2025-07-28T07:47:10","slug":"4-stations-non-desservies-sur-la-m1-en-raison-dun-incident-technique-retour-progressif-a-la-normale-raison-dun-incident-technique","status":"publish","type":"post","link":"https:\/\/www.europesays.com\/fr\/279084\/","title":{"rendered":"4 stations non desservies sur la M1 en raison d\u2019un incident technique, retour progressif \u00e0 la normale raison d\u2019un incident technique"},"content":{"rendered":"<p>Vous avez eu des difficult\u00e9s \u00e0 rejoindre votre lieu de travail ce lundi matin ? La ligne de <a href=\"https:\/\/www.laprovence.com\/videos\/un-abonnement-plutt-qu-une-amende-marseille-la-rtm-tente-la-contravention-pdagogique\/1733139933125\" target=\"_blank\" rel=\"nofollow noopener\">m\u00e9tro <\/a>M1 \u00e9tait en effet perturb\u00e9e entre 8h50 et 9h30 environ. Quatre stations n&rsquo;\u00e9taient pas desservies : La Blancarde, Louis Armand, Saint-Barnab\u00e9 et La Fourrag\u00e8re, en raison d\u2019un incident technique sur cette derni\u00e8re.<\/p>\n<p>La ligne circulait uniquement entre La Rose et La Timone, affirme la <a href=\"https:\/\/www.laprovence.com\/article\/region\/1135001804929215\/greve-a-la-rtm-apres-la-galere-dans-le-metro-de-marseille-les-trams-et-les-bus\" target=\"_blank\" rel=\"nofollow noopener\">RTM<\/a>.<\/p>\n<p>Si vous rencontrez toujours des probl\u00e8mes, pour vous rendre aux stations La Blancarde et La Fourrag\u00e8re, plusieurs itin\u00e9raires alternatifs sont possibles. Depuis la station La Timone, il faut prendre le Bus 72 jusqu\u2019\u00e0 l\u2019arr\u00eat Stade Vallier puis prendre<strong>\u00a0<\/strong>le Bus 7 au terminus Foch 5 Avenues<strong>, <\/strong>ou<strong>\u00a0<\/strong>descendre \u00e0 la station 5 Avenues puis prendre le Bus 7.<\/p>\n<p>Le retour \u00e0 la normale est progressif, pr\u00e9cise la <a href=\"https:\/\/www.rtm.fr\/infos-trafic\" target=\"_blank\" rel=\"nofollow noopener\">RTM sur son site<\/a>. En cause : un incident technique station La Fourrag\u00e8re.<\/p>\n","protected":false},"excerpt":{"rendered":"Vous avez eu des difficult\u00e9s \u00e0 rejoindre votre lieu de travail ce lundi matin ? La ligne de&hellip;\n","protected":false},"author":2,"featured_media":279085,"comment_status":"","ping_status":"","sticky":false,"template":"","format":"standard","meta":{"footnotes":""},"categories":[2814],"tags":[17,1111,11,29588,1777,674,1011,27,884,4047,12,2828,882,13637,16,25,8400,3356],"class_list":{"0":"post-279084","1":"post","2":"type-post","3":"status-publish","4":"format-standard","5":"has-post-thumbnail","7":"category-marseille","8":"tag-17","9":"tag-actu","10":"tag-actualites","11":"tag-desservies","12":"tag-eu","13":"tag-europe","14":"tag-fr","15":"tag-france","16":"tag-marseille","17":"tag-metro","18":"tag-news","19":"tag-non","20":"tag-provence-alpes-cote-dazur","21":"tag-raison","22":"tag-region","23":"tag-republique-francaise","24":"tag-stations","25":"tag-sur"},"share_on_mastodon":{"url":"https:\/\/pubeurope.com\/@fr\/114929758613392957","error":""},"_links":{"self":[{"href":"https:\/\/www.europesays.com\/fr\/wp-json\/wp\/v2\/posts\/279084","targetHints":{"allow":["GET"]}}],"collection":[{"href":"https:\/\/www.europesays.com\/fr\/wp-json\/wp\/v2\/posts"}],"about":[{"href":"https:\/\/www.europesays.com\/fr\/wp-json\/wp\/v2\/types\/post"}],"author":[{"embeddable":true,"href":"https:\/\/www.europesays.com\/fr\/wp-json\/wp\/v2\/users\/2"}],"replies":[{"embeddable":true,"href":"https:\/\/www.europesays.com\/fr\/wp-json\/wp\/v2\/comments?post=279084"}],"version-history":[{"count":0,"href":"https:\/\/www.europesays.com\/fr\/wp-json\/wp\/v2\/posts\/279084\/revisions"}],"wp:featuredmedia":[{"embeddable":true,"href":"https:\/\/www.europesays.com\/fr\/wp-json\/wp\/v2\/media\/279085"}],"wp:attachment":[{"href":"https:\/\/www.europesays.com\/fr\/wp-json\/wp\/v2\/media?parent=279084"}],"wp:term":[{"taxonomy":"category","embeddable":true,"href":"https:\/\/www.europesays.com\/fr\/wp-json\/wp\/v2\/categories?post=279084"},{"taxonomy":"post_tag","embeddable":true,"href":"https:\/\/www.europesays.com\/fr\/wp-json\/wp\/v2\/tags?post=279084"}],"curies":[{"name":"wp","href":"https:\/\/api.w.org\/{rel}","templated":true}]}}