{"id":279086,"date":"2025-07-28T07:48:11","date_gmt":"2025-07-28T07:48:11","guid":{"rendered":"https:\/\/www.europesays.com\/fr\/279086\/"},"modified":"2025-07-28T07:48:11","modified_gmt":"2025-07-28T07:48:11","slug":"au-grand-hotel-dieu-de-lyon-les-pop-up-stores-arrivent-a-trouver-leur-bonheur","status":"publish","type":"post","link":"https:\/\/www.europesays.com\/fr\/279086\/","title":{"rendered":"Au Grand H\u00f4tel-Dieu de Lyon, les pop-up stores arrivent \u00e0 trouver leur bonheur"},"content":{"rendered":"<p>Au Grand H\u00f4tel-Dieu de Lyon dans le 2e arrondissement, les pop-up stores semblent avoir pris leurs habitudes depuis maintenant plusieurs ann\u00e9es. Ces boutiques \u00e9ph\u00e9m\u00e8res sont arriv\u00e9es \u00ab\u00a0un peu par hasard\u00a0\u00bb en 2019 selon le directeur des lieux <strong>Patrick Muller<\/strong>. \u00ab\u00a0On a tr\u00e8s r\u00e9guli\u00e8rement des demandes pour venir s\u2019implanter sous plusieurs formats. C\u2019est plut\u00f4t b\u00e9n\u00e9fique pour les marques de s\u2019engager sur une petite p\u00e9riode parce que \u00e7a leur permet de tester la client\u00e8le\u00a0\u00bb, explique-t-il.<\/p>\n<p>Emilie Ettori ou encore Plantes pour Tous sont les exemples de pop-up stores devenus des boutiques d\u00e9finitives. Plus r\u00e9cemment, c\u2019est le collectif des Cr\u00e9ations Lyonnaises qui a sign\u00e9 un bail commercial reconductible de trois ans pour son magasin de la rue Marcel-Gabriel Rivi\u00e8re. Ouvert en juin 2022 pour un d\u00e9lai initial de trois mois, la boutique \u00ab\u00a0a eu relativement du succ\u00e8s assez rapidement\u00a0\u00bb selon <strong>Virginie Piroird<\/strong>, cr\u00e9atrice des bougies Onze octobre et co-fondatrice des Cr\u00e9ations Lyonnaises, un collectif de cr\u00e9ateurs de la r\u00e9gion. \u00ab\u00a0Le bouche \u00e0 oreille fonctionne tr\u00e8s bien. Nous avons des clients fid\u00e8les qui reviennent\u00a0\u00bb, poursuit-elle mettant en avant l\u2019offre lyonnaises propos\u00e9e \u00e0 savoir du textile, des savons, des illustrations, de la d\u00e9coration, de la lingerie, de la papeterie ou encore des sacs.<\/p>\n<p><img loading=\"lazy\" decoding=\"async\" style=\"display: block; margin-left: auto; margin-right: auto;\" src=\"https:\/\/www.europesays.com\/fr\/wp-content\/uploads\/2025\/07\/creations-lyonnaises1-18529.jpg\" alt=\"\" width=\"500\" height=\"375\"\/><\/p>\n<p>Les Cr\u00e9ations Lyonnaises entendent bien faire aussi bien avec les quatre autres pop-up stores du collectif install\u00e9s au sein de la cour du midi du Grand H\u00f4tel-Dieu mettant \u00e9galement \u00e0 l\u2019honneur des entrepreneurs lyonnais. \u00ab\u00a0On avait quatre espaces qui allaient se lib\u00e9rer au m\u00eame moment\u00a0\u00bb, se souvient Patrick Muller. \u00ab\u00a0Il fallait qu\u2019on puisse proposer quelque chose de coh\u00e9rent\u00a0\u00bb, poursuit le directeur du site qui voulait de son c\u00f4t\u00e9 proposer dans cette partie des animations et des ateliers de do it yourself. \u00ab\u00a0La tendance du local et du fait main s\u2019est d\u00e9velopp\u00e9e. Les clients aiment trouver des produits qu\u2019ils ne peuvent pas voir ailleurs. On se d\u00e9tache du format d\u2019une grande cha\u00eene et \u00e7a pla\u00eet\u00a0\u00bb, ajoute Patrick Muller fier des r\u00e9sultats de ces pop-up stores. \u00ab\u00a0\u00c7a nous conforte dans le fait qu\u2019on peut donner cette opportunit\u00e9 parce que \u00e7a peut se transformer. On voit aujourd\u2019hui que \u00e7a fonctionne bien. C\u2019est un format int\u00e9ressant pour tout le monde\u00a0\u00bb, conclut-il.<\/p>\n<blockquote class=\"instagram-media\" style=\"background: #FFF; border: 0; border-radius: 3px; box-shadow: 0 0 1px 0 rgba(0,0,0,0.5),0 1px 10px 0 rgba(0,0,0,0.15); margin: 1px; max-width: 540px; min-width: 326px; padding: 0; width: calc(100% - 2px);\" data-instgrm-captioned=\"\" data-instgrm-permalink=\"https:\/\/www.instagram.com\/reel\/DLl5C4QIB0M\/?utm_source=ig_embed&amp;utm_campaign=loading\" data-instgrm-version=\"14\"><p>&#13;<br \/>\n&#13;\n<\/p><\/blockquote>\n<p>\t\t  <script async src=\"\/\/www.instagram.com\/embed.js\"><\/script><\/p>\n","protected":false},"excerpt":{"rendered":"Au Grand H\u00f4tel-Dieu de Lyon dans le 2e arrondissement, les pop-up stores semblent avoir pris leurs habitudes depuis&hellip;\n","protected":false},"author":2,"featured_media":279087,"comment_status":"","ping_status":"","sticky":false,"template":"","format":"standard","meta":{"footnotes":""},"categories":[1889],"tags":[1111,11,2813,2190,2430,1109,251,1112,2811,1777,674,118,1294,4651,1011,27,1922,1110,1114,2428,4903,4902,12,241,316,25,2812,517,800],"class_list":{"0":"post-279086","1":"post","2":"type-post","3":"status-publish","4":"format-standard","5":"has-post-thumbnail","7":"category-lyon","8":"tag-actu","9":"tag-actualites","10":"tag-article","11":"tag-asvel","12":"tag-auvergne-rhone-alpes","13":"tag-breves","14":"tag-culture","15":"tag-depeches","16":"tag-economique","17":"tag-eu","18":"tag-europe","19":"tag-faits-divers","20":"tag-femme","21":"tag-femmes","22":"tag-fr","23":"tag-france","24":"tag-info","25":"tag-informations","26":"tag-infos","27":"tag-lyon","28":"tag-lyonfemme","29":"tag-lyonfemmes","30":"tag-news","31":"tag-ol","32":"tag-politique","33":"tag-republique-francaise","34":"tag-sociale","35":"tag-sport","36":"tag-transports"},"share_on_mastodon":{"url":"https:\/\/pubeurope.com\/@fr\/114929762935852964","error":""},"_links":{"self":[{"href":"https:\/\/www.europesays.com\/fr\/wp-json\/wp\/v2\/posts\/279086","targetHints":{"allow":["GET"]}}],"collection":[{"href":"https:\/\/www.europesays.com\/fr\/wp-json\/wp\/v2\/posts"}],"about":[{"href":"https:\/\/www.europesays.com\/fr\/wp-json\/wp\/v2\/types\/post"}],"author":[{"embeddable":true,"href":"https:\/\/www.europesays.com\/fr\/wp-json\/wp\/v2\/users\/2"}],"replies":[{"embeddable":true,"href":"https:\/\/www.europesays.com\/fr\/wp-json\/wp\/v2\/comments?post=279086"}],"version-history":[{"count":0,"href":"https:\/\/www.europesays.com\/fr\/wp-json\/wp\/v2\/posts\/279086\/revisions"}],"wp:featuredmedia":[{"embeddable":true,"href":"https:\/\/www.europesays.com\/fr\/wp-json\/wp\/v2\/media\/279087"}],"wp:attachment":[{"href":"https:\/\/www.europesays.com\/fr\/wp-json\/wp\/v2\/media?parent=279086"}],"wp:term":[{"taxonomy":"category","embeddable":true,"href":"https:\/\/www.europesays.com\/fr\/wp-json\/wp\/v2\/categories?post=279086"},{"taxonomy":"post_tag","embeddable":true,"href":"https:\/\/www.europesays.com\/fr\/wp-json\/wp\/v2\/tags?post=279086"}],"curies":[{"name":"wp","href":"https:\/\/api.w.org\/{rel}","templated":true}]}}