{"id":27909,"date":"2025-04-15T23:56:16","date_gmt":"2025-04-15T23:56:16","guid":{"rendered":"https:\/\/www.europesays.com\/fr\/27909\/"},"modified":"2025-04-15T23:56:16","modified_gmt":"2025-04-15T23:56:16","slug":"om-jerome-brisard-designe-pour-arbitrer-la-rencontre-face-a-montpellier","status":"publish","type":"post","link":"https:\/\/www.europesays.com\/fr\/27909\/","title":{"rendered":"OM. J\u00e9r\u00f4me Brisard d\u00e9sign\u00e9 pour arbitrer la rencontre face \u00e0 Montpellier"},"content":{"rendered":"<p>C\u2019est un doux euph\u00e9misme de dire que <a href=\"https:\/\/www.laprovence.com\/article\/om\/20256667584961\/om-pour-se-relancer-un-besoin-urgent-de-retrouver-tous-ses-esprits\" target=\"_blank\" rel=\"noopener\">l\u2019OM ne traverse pas actuellement sa meilleure p\u00e9riode<\/a> cette saison. Les joueurs de Roberto De Zerbi restent sur quatre d\u00e9faites lors de leurs cinq derni\u00e8res sorties, dont le cuisant revers la semaine derni\u00e8re \u00e0 Monaco (3-0), et voient la course \u00e0 la qualification directe en Ligue de champions se compliquer.<\/p>\n<p>Les Olympiens pointent actuellement \u00e0 la 3e place du classement avec 52 points, une unit\u00e9 derri\u00e8re l\u2019ASM (2e) mais avec deux longueurs d\u2019avance sur Lyon (4e) et Strasbourg (5e). Autrement dit, une position loin d\u2019\u00eatre confortable <a href=\"https:\/\/www.laprovence.com\/article\/om\/2422304517411315\/om-a-5-journees-de-la-fin-que-reserve-le-calendrier-de-ligue-1-a-monaco-marseille-lyon-lille-strasbourg-et-nice\" target=\"_blank\" rel=\"noopener\">alors qu\u2019il reste encore cinq rencontres \u00e0 disputer (Montpellier, Brest, Lille, Le\u00a0Havre, Rennes).<\/a> Cette derni\u00e8re ligne droite commence ce samedi soir (21h05), sur la pelouse du V\u00e9lodrome, face \u00e0 Montpellier, actuelle lanterne rouge du championnat et club promis \u00e0 la descente en Ligue 2. Pour les co\u00e9quipiers d\u2019Adrien Rabiot, la victoire est imp\u00e9rative pour ne pas sombrer encore un peu plus.<\/p>\n<p>Deux victoires pour l\u2019OM sous sa direction cette saison<\/p>\n<p>Le duel, qui risque d\u2019\u00eatre tendu au regard du contexte sportif, sera arbitr\u00e9 par J\u00e9r\u00f4me Brisard. La d\u00e9signation a \u00e9t\u00e9 communiqu\u00e9e ce mardi par la F\u00e9d\u00e9ration fran\u00e7aise de football (FFF). Cette saison, le gardien des r\u00e8gles du jeu a dirig\u00e9 deux rencontres des Olympiens, avec \u00e0 chaque fois des bons souvenirs pour les supporters de l\u2019OM. L\u2019officiel de 39 ans a arbitr\u00e9 lors des victoires <a href=\"https:\/\/www.laprovence.com\/article\/om\/2323127682215915\/saint-etienne-om-0-2-un-de-nos-meilleurs-matches-se-rejouit-roberto-de-zerbi\" target=\"_blank\" rel=\"noopener\">\u00e0 Saint-Etienne le 8\u00a0d\u00e9cembre dernier<\/a> (0-2, 14e journ\u00e9e) <a href=\"https:\/\/www.laprovence.com\/article\/om\/571403308184514\/direct-laprovence-direct-om-lyon-un-olympico-pour-reprendre-ses-aises-suivez-lavant-match\" target=\"_blank\" rel=\"noopener\">et au V\u00e9lodrome contre Lyon le 2\u00a0f\u00e9vrier<\/a> (3-2, 20e journ\u00e9e). Par ailleurs, cette saison, il a offici\u00e9 lors de 15 rencontres de championnat et a distribu\u00e9 sept cartons rouges.<\/p>\n","protected":false},"excerpt":{"rendered":"C\u2019est un doux euph\u00e9misme de dire que l\u2019OM ne traverse pas actuellement sa meilleure p\u00e9riode cette saison. Les&hellip;\n","protected":false},"author":2,"featured_media":27910,"comment_status":"","ping_status":"","sticky":false,"template":"","format":"standard","meta":{"footnotes":""},"categories":[9599],"tags":[17,1111,11,9809,9807,9808,1777,674,1011,27,9806,2208,12,2680,149,471,5486,25],"class_list":{"0":"post-27909","1":"post","2":"type-post","3":"status-publish","4":"format-standard","5":"has-post-thumbnail","7":"category-montpellier","8":"tag-17","9":"tag-actu","10":"tag-actualites","11":"tag-arbitrer","12":"tag-brisard","13":"tag-designe","14":"tag-eu","15":"tag-europe","16":"tag-fr","17":"tag-france","18":"tag-jerome","19":"tag-montpellier","20":"tag-news","21":"tag-occitanie","22":"tag-om","23":"tag-pour","24":"tag-rencontre","25":"tag-republique-francaise"},"share_on_mastodon":{"url":"https:\/\/pubeurope.com\/@fr\/114344688712848594","error":""},"_links":{"self":[{"href":"https:\/\/www.europesays.com\/fr\/wp-json\/wp\/v2\/posts\/27909","targetHints":{"allow":["GET"]}}],"collection":[{"href":"https:\/\/www.europesays.com\/fr\/wp-json\/wp\/v2\/posts"}],"about":[{"href":"https:\/\/www.europesays.com\/fr\/wp-json\/wp\/v2\/types\/post"}],"author":[{"embeddable":true,"href":"https:\/\/www.europesays.com\/fr\/wp-json\/wp\/v2\/users\/2"}],"replies":[{"embeddable":true,"href":"https:\/\/www.europesays.com\/fr\/wp-json\/wp\/v2\/comments?post=27909"}],"version-history":[{"count":0,"href":"https:\/\/www.europesays.com\/fr\/wp-json\/wp\/v2\/posts\/27909\/revisions"}],"wp:featuredmedia":[{"embeddable":true,"href":"https:\/\/www.europesays.com\/fr\/wp-json\/wp\/v2\/media\/27910"}],"wp:attachment":[{"href":"https:\/\/www.europesays.com\/fr\/wp-json\/wp\/v2\/media?parent=27909"}],"wp:term":[{"taxonomy":"category","embeddable":true,"href":"https:\/\/www.europesays.com\/fr\/wp-json\/wp\/v2\/categories?post=27909"},{"taxonomy":"post_tag","embeddable":true,"href":"https:\/\/www.europesays.com\/fr\/wp-json\/wp\/v2\/tags?post=27909"}],"curies":[{"name":"wp","href":"https:\/\/api.w.org\/{rel}","templated":true}]}}