{"id":279094,"date":"2025-07-28T07:55:12","date_gmt":"2025-07-28T07:55:12","guid":{"rendered":"https:\/\/www.europesays.com\/fr\/279094\/"},"modified":"2025-07-28T07:55:12","modified_gmt":"2025-07-28T07:55:12","slug":"vase-manu-teenbetty-salon-whos-next-home","status":"publish","type":"post","link":"https:\/\/www.europesays.com\/fr\/279094\/","title":{"rendered":"Vase MANU TeenBetty, salon WHO&rsquo;S NEXT HOME"},"content":{"rendered":"<p>&#13;<br \/>\n\tLes lieux de la mode ont compris que pour agr\u00e9menter l&rsquo;exp\u00e9rience de leurs clients, ils pourraient aussi \u00eatre le moyen de vivre autre chose que d&rsquo;ajuster le v\u00eatement ou l&rsquo;accessoire \u00e0 leur visiteur. Certains ouvrent un caf\u00e9 ou un restaurant en boutique ou dans l&rsquo;espace attenant (bien apr\u00e8s le Parisien Colette&#8230;), d&rsquo;autres ne s&rsquo;en tiennent pas \u00e0 leur marque propre et s&rsquo;ouvrent \u00e0 la vente d&rsquo;autres produits d\u00e9di\u00e9s \u00e0 la maison.<\/p>\n<p>&#13;<br \/>\n\t\u00a0<\/p>\n<p>&#13;<br \/>\n\t<strong>Que vive le concept store\u00a0!<\/strong><\/p>\n<p>&#13;<br \/>\n\tFeu la \u00ab\u00a0boutique de fringues\u00a0\u00bb, que vive le \u00ab\u00a0concept store\u00a0\u00bb. Il s\u2019agit d\u2019offrir une extension du rendez-vous initialement pr\u00e9vue par l\u2019individu. Who&rsquo;s Next entend faciliter ce tournant pour les acheteurs d&rsquo;habit de mode pour lequel le salon est bien identifi\u00e9. Ainsi il ouvre, timidement puisque ce sera la premi\u00e8re fois, une zone de pr\u00e9sentation d&rsquo;objets et d&rsquo;\u00e9quipement pour l&rsquo;int\u00e9rieur. A cette heure (juillet 2025), les fabricants sont encore peu nombreux, la dizaine, mais l&rsquo;id\u00e9e s\u00e9duira dans doute des personnes \u00e0 l&rsquo;aff\u00fbt de la tendance dont un objectif majeur est sans doute d&rsquo;optimiser ses d\u00e9placements.\u00a0<\/p>\n<p>&#13;<br \/>\n\t\u00a0<\/p>\n<p>&#13;<br \/>\n\t<strong>Ambiance festive<\/strong><\/p>\n<p>&#13;<br \/>\n\tLa sc\u00e9nographie joyeuse est sign\u00e9 Studio Costa Molinos, compl\u00e9t\u00e9e d\u2019un caf\u00e9 et d\u2019une boutique pour conserver les visiteurs plus longtemps. C\u2019est \u00e0 Mathieu Piet qu\u2019a \u00e9t\u00e9 confi\u00e9 la curation, l\u2019homme qui en parall\u00e8le de son travail dans la mode avait mont\u00e9 une plateforme de curieux des tendances en mati\u00e8re de lifestyle. Ambiance festive entre m\u00e9tal et r\u00e9sine teint\u00e9e pour le mobilier Laurent Badier, bougies sculpturales Fl\u00e2ner, \u00e9clairage artisanal Bang (savoir-faire du Vietnam), impression 3D du fabricant 91-92 (Ninetyoneninetytow), verres multifonctionnels Traga.<\/p>\n<p>&#13;<br \/>\n\t\u00a0<\/p>\n<p>&#13;<br \/>\n\t\u00a0<\/p>\n<ul class=\"horsTexteFicheTechnique\">&#13;<\/p>\n<li>&#13;<br \/>\n\t\t<strong>Salon Who&rsquo;s Next Home<\/strong><\/li>\n<p>&#13;<\/p>\n<li>&#13;<br \/>\n\t\t<strong>Dates: du 6 au 8 septembre 2025<\/strong><\/li>\n<p>&#13;<\/p>\n<li>&#13;<br \/>\n\t\t<strong>Lieu:\u00a0Paris, adresse \u00e0 venir<\/strong><\/li>\n<p>&#13;\n<\/ul>\n","protected":false},"excerpt":{"rendered":"&#13; Les lieux de la mode ont compris que pour agr\u00e9menter l&rsquo;exp\u00e9rience de leurs clients, ils pourraient aussi&hellip;\n","protected":false},"author":2,"featured_media":279095,"comment_status":"","ping_status":"","sticky":false,"template":"","format":"standard","meta":{"footnotes":""},"categories":[1888],"tags":[41861,11,4763,1386,1777,674,1011,27,10486,12,626,13365,25,6290],"class_list":{"0":"post-279094","1":"post","2":"type-post","3":"status-publish","4":"format-standard","5":"has-post-thumbnail","7":"category-paris","8":"tag-75-paris","9":"tag-actualites","10":"tag-agenda","11":"tag-design","12":"tag-eu","13":"tag-europe","14":"tag-fr","15":"tag-france","16":"tag-galerie","17":"tag-news","18":"tag-paris","19":"tag-produits","20":"tag-republique-francaise","21":"tag-salon"},"share_on_mastodon":{"url":"https:\/\/pubeurope.com\/@fr\/114929790137178467","error":""},"_links":{"self":[{"href":"https:\/\/www.europesays.com\/fr\/wp-json\/wp\/v2\/posts\/279094","targetHints":{"allow":["GET"]}}],"collection":[{"href":"https:\/\/www.europesays.com\/fr\/wp-json\/wp\/v2\/posts"}],"about":[{"href":"https:\/\/www.europesays.com\/fr\/wp-json\/wp\/v2\/types\/post"}],"author":[{"embeddable":true,"href":"https:\/\/www.europesays.com\/fr\/wp-json\/wp\/v2\/users\/2"}],"replies":[{"embeddable":true,"href":"https:\/\/www.europesays.com\/fr\/wp-json\/wp\/v2\/comments?post=279094"}],"version-history":[{"count":0,"href":"https:\/\/www.europesays.com\/fr\/wp-json\/wp\/v2\/posts\/279094\/revisions"}],"wp:featuredmedia":[{"embeddable":true,"href":"https:\/\/www.europesays.com\/fr\/wp-json\/wp\/v2\/media\/279095"}],"wp:attachment":[{"href":"https:\/\/www.europesays.com\/fr\/wp-json\/wp\/v2\/media?parent=279094"}],"wp:term":[{"taxonomy":"category","embeddable":true,"href":"https:\/\/www.europesays.com\/fr\/wp-json\/wp\/v2\/categories?post=279094"},{"taxonomy":"post_tag","embeddable":true,"href":"https:\/\/www.europesays.com\/fr\/wp-json\/wp\/v2\/tags?post=279094"}],"curies":[{"name":"wp","href":"https:\/\/api.w.org\/{rel}","templated":true}]}}