{"id":279100,"date":"2025-07-28T07:58:10","date_gmt":"2025-07-28T07:58:10","guid":{"rendered":"https:\/\/www.europesays.com\/fr\/279100\/"},"modified":"2025-07-28T07:58:10","modified_gmt":"2025-07-28T07:58:10","slug":"une-attaque-de-drone-russe-sur-un-bus-tue-trois-civils","status":"publish","type":"post","link":"https:\/\/www.europesays.com\/fr\/279100\/","title":{"rendered":"Une attaque de drone russe sur un bus tue trois civils\u2026"},"content":{"rendered":"<p>Un vol commercial en provenance de Moscou a bien atterri lundi \u00e0 Pyongyang, selon un site de suivi du trafic a\u00e9rien, une premi\u00e8re depuis des d\u00e9cennies marquant une nouvelle \u00e9tape dans la coop\u00e9ration entre la Russie et la Cor\u00e9e du Nord.<\/p>\n<p>Selon Flight Aware, un Boeing 777 de la compagnie russe Nordwind Airlines s\u2019est pos\u00e9 au principal a\u00e9roport de la capitale nord-cor\u00e9enne \u00e0 09h15 locales (1h15 \u00e0 Paris), inaugurant la connexion a\u00e9rienne.<\/p>\n<p>Celle-ci repr\u00e9sente une avanc\u00e9e suppl\u00e9mentaire dans le partenariat Moscou-Pyongyang, qui se d\u00e9veloppe \u00e0 grande vitesse depuis l\u2019invasion russe de l\u2019Ukraine en f\u00e9vrier\u00a02022. La Cor\u00e9e du Nord a activement particip\u00e9 \u00e0 l\u2019effort de guerre de son alli\u00e9 en lui fournissant des milliers de soldats, en plus d\u2019armes et de munitions.<\/p>\n<p>Selon Moscou, la nouvelle ligne a\u00e9rienne doit \u00eatre desservie une fois par mois. Nordwind Airlines proposait des billets \u00e0 quelque 45.000 roubles (484 euros). \u00ab\u00a0C\u2019est un \u00e9v\u00e9nement historique, qui renforce les liens entre nos nations\u00a0\u00bb, s\u2019\u00e9tait f\u00e9licit\u00e9 dimanche aupr\u00e8s de l\u2019AFP Oleg, un employ\u00e9 de la compagnie ayant refus\u00e9 de donner son nom complet, au d\u00e9part de Moscou.<\/p>\n<p>Dans une vid\u00e9o publi\u00e9e par l\u2019agence officielle russe Ria Novosti sur Telegram, on peut voir des responsables et personnels de bord nord-cor\u00e9ens accueillir les voyageurs russes avec des fleurs \u00e0 l\u2019a\u00e9roport international de Pyongyang. L\u2019un d\u2019eux v\u00e9rifie la temp\u00e9rature des arrivants avec un thermom\u00e8tre \u00e9lectronique.<\/p>\n<p>Selon Ria Novosti, la d\u00e9l\u00e9gation russe \u00e9tait men\u00e9e par le ministre des Ressources naturelles, Alexander Kozlov.<\/p>\n<p>Selon une autre agence d\u2019Etat russe, Tass, le premier vol de Pyongyang vers Moscou doit d\u00e9coller mardi.<\/p>\n","protected":false},"excerpt":{"rendered":"Un vol commercial en provenance de Moscou a bien atterri lundi \u00e0 Pyongyang, selon un site de suivi&hellip;\n","protected":false},"author":2,"featured_media":279101,"comment_status":"","ping_status":"","sticky":false,"template":"","format":"standard","meta":{"footnotes":""},"categories":[1590],"tags":[47,11,75,73,1777,674,131,74,12,132,220,135,134],"class_list":{"0":"post-279100","1":"post","2":"type-post","3":"status-publish","4":"format-standard","5":"has-post-thumbnail","7":"category-ukraine","8":"tag-actualite","9":"tag-actualites","10":"tag-donald-trump","11":"tag-etats-unis","12":"tag-eu","13":"tag-europe","14":"tag-guerre-en-ukraine","15":"tag-monde","16":"tag-news","17":"tag-russie","18":"tag-ukraine","19":"tag-vladimir-poutine","20":"tag-volodymyr-zelensky"},"share_on_mastodon":{"url":"https:\/\/pubeurope.com\/@fr\/114929801904509199","error":""},"_links":{"self":[{"href":"https:\/\/www.europesays.com\/fr\/wp-json\/wp\/v2\/posts\/279100","targetHints":{"allow":["GET"]}}],"collection":[{"href":"https:\/\/www.europesays.com\/fr\/wp-json\/wp\/v2\/posts"}],"about":[{"href":"https:\/\/www.europesays.com\/fr\/wp-json\/wp\/v2\/types\/post"}],"author":[{"embeddable":true,"href":"https:\/\/www.europesays.com\/fr\/wp-json\/wp\/v2\/users\/2"}],"replies":[{"embeddable":true,"href":"https:\/\/www.europesays.com\/fr\/wp-json\/wp\/v2\/comments?post=279100"}],"version-history":[{"count":0,"href":"https:\/\/www.europesays.com\/fr\/wp-json\/wp\/v2\/posts\/279100\/revisions"}],"wp:featuredmedia":[{"embeddable":true,"href":"https:\/\/www.europesays.com\/fr\/wp-json\/wp\/v2\/media\/279101"}],"wp:attachment":[{"href":"https:\/\/www.europesays.com\/fr\/wp-json\/wp\/v2\/media?parent=279100"}],"wp:term":[{"taxonomy":"category","embeddable":true,"href":"https:\/\/www.europesays.com\/fr\/wp-json\/wp\/v2\/categories?post=279100"},{"taxonomy":"post_tag","embeddable":true,"href":"https:\/\/www.europesays.com\/fr\/wp-json\/wp\/v2\/tags?post=279100"}],"curies":[{"name":"wp","href":"https:\/\/api.w.org\/{rel}","templated":true}]}}