{"id":279105,"date":"2025-07-28T08:01:09","date_gmt":"2025-07-28T08:01:09","guid":{"rendered":"https:\/\/www.europesays.com\/fr\/279105\/"},"modified":"2025-07-28T08:01:09","modified_gmt":"2025-07-28T08:01:09","slug":"lallemagne-espere-rebondir-apres-labandon-par-intel-de-son-projet-de-mega-usine-a-30-milliards-deuros","status":"publish","type":"post","link":"https:\/\/www.europesays.com\/fr\/279105\/","title":{"rendered":"L\u2019Allemagne esp\u00e8re rebondir apr\u00e8s l\u2019abandon par Intel de son projet de m\u00e9ga-usine \u00e0 30 milliards d&rsquo;euros"},"content":{"rendered":"<p>&#13;<br \/>\n\tL\u2019arriv\u00e9e d\u2019Intel, annonc\u00e9e en grande pompe en mars 2022, avait \u00e9t\u00e9 per\u00e7ue comme une promesse de renaissance industrielle pour le Land de Saxe-Anhalt, encore marqu\u00e9 par les stigmates de la r\u00e9unification allemande. Le g\u00e9ant californien pr\u00e9voyait d\u2019y investir 30 milliards d\u2019euros avec, \u00e0 la cl\u00e9, pr\u00e8s de 3000 emplois directs, et jusqu\u2019\u00e0 11000 avec les sous-traitants et start-ups environnants. D\u00e9roulant le tapis rouge, l\u2019Etat f\u00e9d\u00e9ral avait garanti un soutien public de 9,9 milliards d\u2019euros, soit 3,3 millions d\u2019euros de subvention par emploi, un chiffre pourtant jug\u00e9 excessif et politiquement risqu\u00e9.<\/p>\n<p>&#13;<br \/>\n\tPas une surprise<\/p>\n<p>&#13;<br \/>\n\tSi les dirigeants politiques ont fait part de leur d\u00e9ception apr\u00e8s cette volte-face, il ne s\u2019agit pour autant pas d\u2019une surprise. D\u00e9j\u00e0, en septembre 2024, Intel avait annonc\u00e9 un report de deux ans, interpr\u00e9t\u00e9 comme un premier signal d\u2019alarme. \u00ab Si l\u2019on regarde les derniers mois, la d\u00e9cision d\u2019Intel n\u2019est pas surprenante \u00bb, a r\u00e9agi Sven Schulze, ministre (CDU) de l\u2019\u00e9conomie de Saxe-Anhalt. Selon lui, les difficult\u00e9s \u00e9conomiques du groupe, ainsi que <a href=\"https:\/\/www.usinenouvelle.com\/editorial\/guerre-commerciale-de-donald-trump-ou-en-est-elle-apres-les-dernieres-volte-face-du-president-americain.N2228555\" target=\"_blank\" rel=\"noopener\">le retour de la politique \u00abAmerica First\u00bb de Donald Trump aux \u00c9tats-Unis, <\/a>ont largement compromis la faisabilit\u00e9 d\u2019un investissement strat\u00e9gique en Europe.<\/p>\n<p>&#13;<br \/>\n\tC\u00f4t\u00e9 syndical, IG Metall a imm\u00e9diatement r\u00e9agi en appelant \u00e0 \u00abde nouvelles perspectives\u00bb pour le site de Magdebourg. \u00abLa d\u00e9cision d\u2019Intel ne doit pas remettre en cause les ambitions industrielles de la Saxe-Anhalt, ni de l\u2019Allemagne\u00bb, a argument\u00e9 Thorsten Gr\u00f6ger, son directeur r\u00e9gional. Selon lui, les bases sont l\u00e0 : terrains disponibles, bonne connectivit\u00e9 en mati\u00e8re de transports, main-d\u2019\u0153uvre qualifi\u00e9e\u2026, qui sont autant d\u2019atouts pour les futurs investisseurs.<\/p>\n<p>&#13;<br \/>\n\tUn avis partag\u00e9 par Sven Schulze, pour qui un \u00ab effet Intel \u00bb a profit\u00e9 au Land en termes d\u2019image et d\u2019attractivit\u00e9. Il fait r\u00e9f\u00e9rence \u00e0 l\u2019entreprise allemande de Dresde Ferroelectric Memory Company (FMC), qui a annonc\u00e9 r\u00e9cemment son intention de construire une usine de puces m\u00e9moire \u00e0 S\u00fclzetal, pr\u00e8s de Magdebourg. Une lettre d\u2019intention avec le Land de Saxe-Anhalt devrait \u00eatre sign\u00e9e prochainement. \u00ab C\u2019est notre plan B \u00bb, a assur\u00e9 le ministre.<\/p>\n<p>&#13;<br \/>\n\tLa r\u00e9industrialisation de la tech remise en question<\/p>\n<p>&#13;<br \/>\n\t\u00c0 200 kilom\u00e8tres au sud, un autre projet avance, celui de l\u2019usine du Taiwanais <a title=\"Actualit\u00e9s fonderie taiwanaise de semiconducteurs TSMC \" href=\"https:\/\/www.usine-digitale.fr\/tsmc\/\" rel=\"noopener\" target=\"\" class=\"lien-contextuel\">TSMC<\/a> \u00e0 Dresde, qui porte sur des technologies plus matures et plus anciennes que celles d\u2019Intel, adapt\u00e9es aux besoins de l\u2019industrie automobile et manufacturi\u00e8re. Sa construction est aussi moins subventionn\u00e9e, \u00e0 hauteur de 5 milliards d\u2019euros, soit moiti\u00e9 moins que celle d\u2019Intel. Car le retrait de l\u2019Am\u00e9ricain relance le d\u00e9bat sur la strat\u00e9gie allemande en mati\u00e8re de r\u00e9industrialisation technologique. Faut-il engager des sommes colossales d\u2019argent public pour des acteurs \u00e9trangers en difficult\u00e9 ? Ou plut\u00f4t miser sur les fleurons nationaux ? \u00abLe gouvernement f\u00e9d\u00e9ral a d\u00e9sormais l\u2019opportunit\u00e9 de repenser sa strat\u00e9gie en mati\u00e8re de semi-conducteurs, pour soutenir les concepteurs nationaux d\u2019infrastructures pour l\u2019IA, ou miser davantage sur les march\u00e9s de demain comme l\u2019informatique quantique\u00bb, peut-on lire dans un \u00e9ditorial du journal \u00e9conomique WirtschaftsWoche.<\/p>\n<p>&#13;<br \/>\n\tEn d\u00e9but de semaine, 61 entreprises, en majorit\u00e9 allemande, ont promis d\u2019investir au total 631 milliards d\u2019euros directement dans le pays, afin de relancer la machine des investissements, y compris parmi les sous-traitants, et de redonner confiance dans le \u00abMade in Germany\u00bb. Parmi elles, quatre \u2013 Infineon, <a title=\"Actus du fournisseurs de processeurs graphiques Nvidia\" href=\"https:\/\/www.usinenouvelle.com\/nvidia\/\" rel=\"noopener\" target=\"\" class=\"lien-contextuel\">Nvidia<\/a>, <a title=\"News de l&#039;entreprise de conception de logiciels allemande SAP - L&#039;Usine Digitale\" href=\"https:\/\/www.usine-digitale.fr\/sap\/\" rel=\"noopener\" target=\"\" class=\"lien-contextuel\">SAP<\/a> et <a title=\"Actualit\u00e9s du groupe allemand sp\u00e9cialis\u00e9 en hautes technologies sur L&#039;Usine Nouvelle\" href=\"https:\/\/www.usinenouvelle.com\/siemens\/\" rel=\"noopener\" target=\"\" class=\"lien-contextuel\">Siemens<\/a> \u2013 sont directement actives dans l\u2019\u00e9lectronique et l\u2019intelligence artificielle. De quoi faire oublier l\u2019\u00e9chec d\u2019Intel ?<\/p>\n","protected":false},"excerpt":{"rendered":"&#13; L\u2019arriv\u00e9e d\u2019Intel, annonc\u00e9e en grande pompe en mars 2022, avait \u00e9t\u00e9 per\u00e7ue comme une promesse de renaissance&hellip;\n","protected":false},"author":2,"featured_media":279106,"comment_status":"","ping_status":"","sticky":false,"template":"","format":"standard","meta":{"footnotes":""},"categories":[1587],"tags":[11,672,1804,41863,2160,1805,1803,5203,1777,674,1801,1874,14,12,1802],"class_list":{"0":"post-279105","1":"post","2":"type-post","3":"status-publish","4":"format-standard","5":"has-post-thumbnail","7":"category-allemagne","8":"tag-actualites","9":"tag-allemagne","10":"tag-bundesrepublik-deutschland","11":"tag-carte-a-puce","12":"tag-commerce-international","13":"tag-de","14":"tag-deutschland","15":"tag-electronique-informati","16":"tag-eu","17":"tag-europe","18":"tag-germany","19":"tag-intel","20":"tag-international","21":"tag-news","22":"tag-republique-federale-dallemagne"},"share_on_mastodon":{"url":"https:\/\/pubeurope.com\/@fr\/114929813807488134","error":""},"_links":{"self":[{"href":"https:\/\/www.europesays.com\/fr\/wp-json\/wp\/v2\/posts\/279105","targetHints":{"allow":["GET"]}}],"collection":[{"href":"https:\/\/www.europesays.com\/fr\/wp-json\/wp\/v2\/posts"}],"about":[{"href":"https:\/\/www.europesays.com\/fr\/wp-json\/wp\/v2\/types\/post"}],"author":[{"embeddable":true,"href":"https:\/\/www.europesays.com\/fr\/wp-json\/wp\/v2\/users\/2"}],"replies":[{"embeddable":true,"href":"https:\/\/www.europesays.com\/fr\/wp-json\/wp\/v2\/comments?post=279105"}],"version-history":[{"count":0,"href":"https:\/\/www.europesays.com\/fr\/wp-json\/wp\/v2\/posts\/279105\/revisions"}],"wp:featuredmedia":[{"embeddable":true,"href":"https:\/\/www.europesays.com\/fr\/wp-json\/wp\/v2\/media\/279106"}],"wp:attachment":[{"href":"https:\/\/www.europesays.com\/fr\/wp-json\/wp\/v2\/media?parent=279105"}],"wp:term":[{"taxonomy":"category","embeddable":true,"href":"https:\/\/www.europesays.com\/fr\/wp-json\/wp\/v2\/categories?post=279105"},{"taxonomy":"post_tag","embeddable":true,"href":"https:\/\/www.europesays.com\/fr\/wp-json\/wp\/v2\/tags?post=279105"}],"curies":[{"name":"wp","href":"https:\/\/api.w.org\/{rel}","templated":true}]}}