{"id":279107,"date":"2025-07-28T08:02:28","date_gmt":"2025-07-28T08:02:28","guid":{"rendered":"https:\/\/www.europesays.com\/fr\/279107\/"},"modified":"2025-07-28T08:02:28","modified_gmt":"2025-07-28T08:02:28","slug":"les-valeurs-a-suivre-a-paris-et-en-europe-28-07-2025-a-0854","status":"publish","type":"post","link":"https:\/\/www.europesays.com\/fr\/279107\/","title":{"rendered":"Les valeurs \u00e0 suivre \u00e0 Paris et en Europe &#8211; 28\/07\/2025 \u00e0 08:54"},"content":{"rendered":"<p>\n SECTEUR DE L&rsquo;EXPORTATION &#8211; Les Etats-Unis et l&rsquo;Union europ\u00e9enne (UE) ont conclu dimanche un accord commercial instaurant des droits de douane de 15% sur la plupart des produits des 27 Etats membres du bloc, y compris le secteur automobile, les produits pharmaceutiques et les semi-conducteurs.\n<\/p>\n<p>\n La pr\u00e9sidente de la Commission europ\u00e9enne, Ursula Von der Leyen, a pr\u00e9cis\u00e9 qu&rsquo;il y aurait des exon\u00e9rations pour les avions et les pi\u00e8ces a\u00e9ronautiques.\n<\/p>\n<p>\n * FORVIA<br \/>\n <a href=\"https:\/\/www.boursorama.com\/cours\/1rPFRVIA\/\" rel=\"nofollow noopener\" target=\"_blank\"><br \/>\n  FRVIA.PA<br \/>\n <\/a><br \/>\n &#8211; L&rsquo;\u00e9quipementier automobile a fait \u00e9tat lundi d&rsquo;une perte nette, part du groupe, de 269 millions d&rsquo;euros au premier semestre \u00e0 cause d&rsquo;une d\u00e9pr\u00e9ciation d&rsquo;actifs de 136 millions d&rsquo;euros non cash li\u00e9e \u00e0 la co-entreprise d&rsquo;hydrog\u00e8ne Symbio, mais confirm\u00e9 ses objectifs financiers annuels.\n<\/p>\n<p>\n * LVMH<br \/>\n <a href=\"https:\/\/www.boursorama.com\/cours\/1rPMC\/\" rel=\"nofollow noopener\" target=\"_blank\"><br \/>\n  LVMH.PA<br \/>\n <\/a><br \/>\n &#8211; Le groupe de luxe est en discussions pour vendre sa marque Marc Jacobs dans le cadre d&rsquo;une transaction qui pourrait se monter \u00e0 environ 1 milliard de dollars, a rapport\u00e9 vendredi le Wall Street Journal.\n<\/p>\n<p>\n * ROBERTET<br \/>\n <a href=\"https:\/\/www.boursorama.com\/cours\/1rPRBT\/\" rel=\"nofollow noopener\" target=\"_blank\"><br \/>\n  ROBF.PA<br \/>\n <\/a><br \/>\n a fait \u00e9tat vendredi d&rsquo;une hausse de 7,7% de son chiffre d&rsquo;affaires au premier semestre, \u00e0 446,3 millions d&rsquo;euros, port\u00e9 principalement par la forte croissance des divisions Ar\u00f4mes et Mati\u00e8res Premi\u00e8res.\n<\/p>\n<p>\n * VALLOUREC<br \/>\n <a href=\"https:\/\/www.boursorama.com\/cours\/1rPVK\/\" rel=\"nofollow noopener\" target=\"_blank\"><br \/>\n  VLLP.PA<br \/>\n <\/a><br \/>\n a finalis\u00e9 la cession de Serimax.\n<\/p>\n<p>\n * R\u00c9MY COINTREAU<br \/>\n <a href=\"https:\/\/www.boursorama.com\/cours\/1rPRCO\/\" rel=\"nofollow noopener\" target=\"_blank\"><br \/>\n  RCOP.PA<br \/>\n <\/a><br \/>\n &#8211; Barclays a abaiss\u00e9 sa recommandation \u00e0 \u00ab\u00a0sous-pond\u00e9rer\u00a0\u00bb contre \u00ab\u00a0pond\u00e9ration en ligne\u00a0\u00bb.\n<\/p>\n<p>\n * HEINEKEN<br \/>\n <a href=\"https:\/\/www.boursorama.com\/cours\/1rAHEIA\/\" rel=\"nofollow noopener\" target=\"_blank\"><br \/>\n  HEIN.AS<br \/>\n <\/a><br \/>\n &#8211; Le brasseur a annonc\u00e9 lundi une hausse de 7,4% de son b\u00e9n\u00e9fice d&rsquo;exploitation organique au premier semestre, d\u00e9passant les attentes des analystes, malgr\u00e9 le ralentissement de ses ventes en Europe et les risques li\u00e9s aux droits de douane.\n<\/p>\n<p>\n * PROSIEBENSAT 1<br \/>\n <a href=\"https:\/\/www.boursorama.com\/cours\/1zPSM\/\" rel=\"nofollow noopener\" target=\"_blank\"><br \/>\n  PSMGN.DE<br \/>\n <\/a><br \/>\n est attendue en hausse de plus de 9% lundi \u00e0 la Bourse de Francfort apr\u00e8s que MFE-MEDIAFOREUROPE<br \/>\n <a href=\"https:\/\/www.boursorama.com\/cours\/1gMFEB\/\" rel=\"nofollow noopener\" target=\"_blank\"><br \/>\n  MFEB.MI<br \/>\n <\/a><br \/>\n , le groupe de t\u00e9l\u00e9vision contr\u00f4l\u00e9 par la famille Berlusconi, a relev\u00e9 son offre publique d&rsquo;achat pour la soci\u00e9t\u00e9 de t\u00e9l\u00e9vision allemande.\n<\/p>\n<p>\n * NORDEX<br \/>\n <a href=\"https:\/\/www.boursorama.com\/cours\/1zNDX1\/\" rel=\"nofollow noopener\" target=\"_blank\"><br \/>\n  NDXG.DE<br \/>\n <\/a><br \/>\n &#8211; Le fabricant allemand d&rsquo;\u00e9oliennes a publi\u00e9 lundi un b\u00e9n\u00e9fice avant int\u00e9r\u00eats, imp\u00f4ts, d\u00e9pr\u00e9ciation et amortissement (EBITDA) de 108,2 millions d&rsquo;euros, alors que les analystes tablaient sur 102 millions d&rsquo;euros, selon un consensus fourni par la soci\u00e9t\u00e9.\n<\/p>\n<p>\n * ROCHE<br \/>\n <a href=\"https:\/\/www.boursorama.com\/cours\/2aROG\/\" rel=\"nofollow noopener\" target=\"_blank\"><br \/>\n  ROG.S<br \/>\n <\/a><br \/>\n pr\u00e9voit d&rsquo;\u00e9tudier si le Trontinemab, un m\u00e9dicament exp\u00e9rimental, peut retarder ou pr\u00e9venir les sympt\u00f4mes de la maladie d&rsquo;Alzheimer, a-t-elle annonc\u00e9 dimanche, dans le cadre de son programme de d\u00e9veloppement consacr\u00e9 \u00e0 cette maladie.\n<\/p>\n<p>\n * CRANSWICK<br \/>\n <a href=\"https:\/\/www.boursorama.com\/cours\/1uCWK.L\/\" rel=\"nofollow noopener\" target=\"_blank\"><br \/>\n  CWK.L<br \/>\n <\/a><br \/>\n &#8211; Le producteur britannique de viande a annonc\u00e9 lundi une croissance de 7,9% de son chiffre d&rsquo;affaires \u00e0 p\u00e9rim\u00e8tre constant au premier trimestre, soutenue par la demande soutenue des consommateurs pour les produits haut de gamme ainsi que par de nouveaux contrats commerciaux.\n<\/p>\n<p>\n (R\u00e9dig\u00e9 par Mara V\u00eelcu et Diana Mandi\u00e1, \u00e9dit\u00e9 par Augustin Turpin)<\/p>\n","protected":false},"excerpt":{"rendered":"SECTEUR DE L&rsquo;EXPORTATION &#8211; Les Etats-Unis et l&rsquo;Union europ\u00e9enne (UE) ont conclu dimanche un accord commercial instaurant des&hellip;\n","protected":false},"author":2,"featured_media":64038,"comment_status":"","ping_status":"","sticky":false,"template":"","format":"standard","meta":{"footnotes":""},"categories":[1586],"tags":[400,11,398,408,405,1777,674,1011,27,403,402,399,404,12,25,401,406,407],"class_list":{"0":"post-279107","1":"post","2":"type-post","3":"status-publish","4":"format-standard","5":"has-post-thumbnail","7":"category-europe","8":"tag-action-cac-40","9":"tag-actualites","10":"tag-bourse-de-paris","11":"tag-boursorama","12":"tag-cotations","13":"tag-eu","14":"tag-europe","15":"tag-fr","16":"tag-france","17":"tag-indices-devises","18":"tag-investir","19":"tag-investissement","20":"tag-marche-boursier","21":"tag-news","22":"tag-republique-francaise","23":"tag-sicav","24":"tag-trackers","25":"tag-warrants"},"share_on_mastodon":{"url":"https:\/\/pubeurope.com\/@fr\/114929817571955656","error":""},"_links":{"self":[{"href":"https:\/\/www.europesays.com\/fr\/wp-json\/wp\/v2\/posts\/279107","targetHints":{"allow":["GET"]}}],"collection":[{"href":"https:\/\/www.europesays.com\/fr\/wp-json\/wp\/v2\/posts"}],"about":[{"href":"https:\/\/www.europesays.com\/fr\/wp-json\/wp\/v2\/types\/post"}],"author":[{"embeddable":true,"href":"https:\/\/www.europesays.com\/fr\/wp-json\/wp\/v2\/users\/2"}],"replies":[{"embeddable":true,"href":"https:\/\/www.europesays.com\/fr\/wp-json\/wp\/v2\/comments?post=279107"}],"version-history":[{"count":0,"href":"https:\/\/www.europesays.com\/fr\/wp-json\/wp\/v2\/posts\/279107\/revisions"}],"wp:featuredmedia":[{"embeddable":true,"href":"https:\/\/www.europesays.com\/fr\/wp-json\/wp\/v2\/media\/64038"}],"wp:attachment":[{"href":"https:\/\/www.europesays.com\/fr\/wp-json\/wp\/v2\/media?parent=279107"}],"wp:term":[{"taxonomy":"category","embeddable":true,"href":"https:\/\/www.europesays.com\/fr\/wp-json\/wp\/v2\/categories?post=279107"},{"taxonomy":"post_tag","embeddable":true,"href":"https:\/\/www.europesays.com\/fr\/wp-json\/wp\/v2\/tags?post=279107"}],"curies":[{"name":"wp","href":"https:\/\/api.w.org\/{rel}","templated":true}]}}