{"id":279108,"date":"2025-07-28T08:03:14","date_gmt":"2025-07-28T08:03:14","guid":{"rendered":"https:\/\/www.europesays.com\/fr\/279108\/"},"modified":"2025-07-28T08:03:14","modified_gmt":"2025-07-28T08:03:14","slug":"plusieurs-accidents-de-deux-roues-ont-eu-lieu-ce-week-end","status":"publish","type":"post","link":"https:\/\/www.europesays.com\/fr\/279108\/","title":{"rendered":"Plusieurs accidents de deux-roues ont eu lieu ce week-end"},"content":{"rendered":"<p style=\"margin: 0;\">lundi 28 juillet 2025 \u00e0 07:04<\/p>\n<p>\t<img decoding=\"async\" src=\"https:\/\/www.europesays.com\/fr\/wp-content\/uploads\/2025\/07\/15731-plusieurs-accidents-de-deux-roues-ont-eu-lieu-ce-week-end_w1500.jpg\" class=\"blur\" alt=\"Plusieurs accidents de deux-roues ont eu lieu ce week-end\"\/><br \/>\n\t<img decoding=\"async\" src=\"https:\/\/www.europesays.com\/fr\/wp-content\/uploads\/2025\/07\/15731-plusieurs-accidents-de-deux-roues-ont-eu-lieu-ce-week-end_w1500.jpg\" class=\"main\" alt=\"Plusieurs accidents de deux-roues ont eu lieu ce week-end\"\/><\/p>\n<p>Avec le beau temps, les motards sont de sortie. Des sorties qui tournent parfois mal. Ce samedi un motard a \u00e9t\u00e9 gri\u00e8vement bless\u00e9 dans une collision avec un tracteur entre Woelfling-l\u00e8s-Sarreguemines et Sarreguemines.<\/p>\n<p>&#13;<\/p>\n<p>La m\u00eame journ\u00e9e, un jeune Sarregueminois de 19 ans a \u00e9t\u00e9 bless\u00e9 \u00e0 la jambe apr\u00e8s avoir perdu le contr\u00f4le de sa moto et percut\u00e9 une voiture entre Goetzenbruck et Wimmenau.<\/p>\n<p>&#13;<\/p>\n<p>Dans la nuit de samedi \u00e0 dimanche, c\u2019est un jeune mineur qui pilotait un deux-roues qui a termin\u00e9 \u00e0 l\u2019h\u00f4pital apr\u00e8s un accident avec une voiture \u00e0 Hommarting<\/p>\n","protected":false},"excerpt":{"rendered":"lundi 28 juillet 2025 \u00e0 07:04 Avec le beau temps, les motards sont de sortie. Des sorties qui&hellip;\n","protected":false},"author":2,"featured_media":279109,"comment_status":"","ping_status":"","sticky":false,"template":"","format":"standard","meta":{"footnotes":""},"categories":[1586],"tags":[11,1777,674,1779,1011,27,12,25,1778,364],"class_list":{"0":"post-279108","1":"post","2":"type-post","3":"status-publish","4":"format-standard","5":"has-post-thumbnail","7":"category-europe","8":"tag-actualites","9":"tag-eu","10":"tag-europe","11":"tag-european-union","12":"tag-fr","13":"tag-france","14":"tag-news","15":"tag-republique-francaise","16":"tag-ue","17":"tag-union-europeenne"},"share_on_mastodon":{"url":"https:\/\/pubeurope.com\/@fr\/114929821531802272","error":""},"_links":{"self":[{"href":"https:\/\/www.europesays.com\/fr\/wp-json\/wp\/v2\/posts\/279108","targetHints":{"allow":["GET"]}}],"collection":[{"href":"https:\/\/www.europesays.com\/fr\/wp-json\/wp\/v2\/posts"}],"about":[{"href":"https:\/\/www.europesays.com\/fr\/wp-json\/wp\/v2\/types\/post"}],"author":[{"embeddable":true,"href":"https:\/\/www.europesays.com\/fr\/wp-json\/wp\/v2\/users\/2"}],"replies":[{"embeddable":true,"href":"https:\/\/www.europesays.com\/fr\/wp-json\/wp\/v2\/comments?post=279108"}],"version-history":[{"count":0,"href":"https:\/\/www.europesays.com\/fr\/wp-json\/wp\/v2\/posts\/279108\/revisions"}],"wp:featuredmedia":[{"embeddable":true,"href":"https:\/\/www.europesays.com\/fr\/wp-json\/wp\/v2\/media\/279109"}],"wp:attachment":[{"href":"https:\/\/www.europesays.com\/fr\/wp-json\/wp\/v2\/media?parent=279108"}],"wp:term":[{"taxonomy":"category","embeddable":true,"href":"https:\/\/www.europesays.com\/fr\/wp-json\/wp\/v2\/categories?post=279108"},{"taxonomy":"post_tag","embeddable":true,"href":"https:\/\/www.europesays.com\/fr\/wp-json\/wp\/v2\/tags?post=279108"}],"curies":[{"name":"wp","href":"https:\/\/api.w.org\/{rel}","templated":true}]}}