{"id":279114,"date":"2025-07-28T08:06:10","date_gmt":"2025-07-28T08:06:10","guid":{"rendered":"https:\/\/www.europesays.com\/fr\/279114\/"},"modified":"2025-07-28T08:06:10","modified_gmt":"2025-07-28T08:06:10","slug":"la-france-copreside-une-reunion-a-lonu-sur-la-mise-en-oeuvre-de-la-solution-a-deux-etats","status":"publish","type":"post","link":"https:\/\/www.europesays.com\/fr\/279114\/","title":{"rendered":"La France copr\u00e9side une r\u00e9union \u00e0 l\u2019ONU sur la mise en \u0153uvre de la solution \u00e0 deux \u00c9tats"},"content":{"rendered":"<p>La conf\u00e9rence convoqu\u00e9e par l\u2019Assembl\u00e9e g\u00e9n\u00e9rale des Nations unies, et copr\u00e9sid\u00e9e par Paris et Ryad, esp\u00e8re enclencher une dynamique en la mati\u00e8re.<\/p>\n<p class=\"fig-paragraph\">Pouss\u00e9e par la France et l&rsquo;Arabie saoudite, l&rsquo;ONU se penche \u00e0 partir de lundi sur\u00a0<a href=\"http:\/\/www.lefigaro.fr\/vox\/monde\/georges-bensoussan-dans-le-conflit-israelo-palestinien-c-est-la-partie-arabe-qui-a-toujours-refuse-la-solution-a-deux-etats-20250626\" data-fig-type=\"Article\" data-gtm-custom-categorie=\"navigation\" data-gtm-custom-action=\"crossclick\" data-gtm-custom-label=\"Contextuel\" data-gtm-event=\"customEventSPE\" data-fig-domain=\"LEFIGARO\" target=\"_blank\" rel=\"noopener\">la mise en \u0153uvre d\u2019une solution \u00e0 deux \u00c9tats<\/a>, isra\u00e9lien et palestinien, au moment o\u00f9 la pression internationale sur Isra\u00ebl s&rsquo;intensifie pour mettre un terme \u00e0 la\u00a0<a href=\"http:\/\/www.lefigaro.fr\/international\/dossier\/attaque-du-hamas-contre-israel-le-point-sur-la-situation\" data-fig-type=\"Topic\" data-gtm-custom-categorie=\"navigation\" data-gtm-custom-action=\"crossclick\" data-gtm-custom-label=\"Contextuel\" data-gtm-event=\"customEventSPE\" data-fig-domain=\"LEFIGARO\" target=\"_blank\" rel=\"noopener\">guerre \u00e0 Gaza<\/a>. \u00ab\u00c0 cette occasion, le ministre (fran\u00e7ais) et ses homologues lanceront un appel pour que d\u2019autres pays poursuivent la dynamique politique globale impuls\u00e9e par la France, qui doit permettre la reconnaissance de l\u2019\u00c9tat de Palestine, la normalisation avec Isra\u00ebl [&#8230;] le d\u00e9sarmement et l\u2019exclusion du Hamas\u00bb, fait savoir le Quai d\u2019Orsay.<\/p>\n<p class=\"fig-paragraph\">Apr\u00e8s l&rsquo;annonce jeudi du pr\u00e9sident fran\u00e7ais, Emmanuel Macron, qu&rsquo;il\u00a0<a href=\"http:\/\/www.lefigaro.fr\/international\/etat-de-palestine-le-pari-risque-d-emmanuel-macron-20250725\" data-fig-type=\"Article\" data-gtm-custom-categorie=\"navigation\" data-gtm-custom-action=\"crossclick\" data-gtm-custom-label=\"Contextuel\" data-gtm-event=\"customEventSPE\" data-fig-domain=\"LEFIGARO\" target=\"_blank\" rel=\"noopener\">reconna\u00eetra un \u00c9tat Palestinien<\/a>\u00a0formellement en septembre, la conf\u00e9rence convoqu\u00e9e par l&rsquo;Assembl\u00e9e g\u00e9n\u00e9rale des Nations unies, et copr\u00e9sid\u00e9e par Paris et Ryad, esp\u00e8re enclencher une dynamique en la mati\u00e8re. Alors que la conf\u00e9rence semblait \u00abvou\u00e9e \u00e0 l&rsquo;insignifiance\u00bb, \u00abl&rsquo;annonce de Macron change la donne\u00bb, estime Richard Gowan, analyste \u00e0 l&rsquo;International Crisis Group. \u00abD&rsquo;autres participants vont r\u00e9fl\u00e9chir \u00e0 la h\u00e2te pour savoir s&rsquo;ils doivent aussi d\u00e9clarer une intention de reconna\u00eetre la Palestine\u00bb, d\u00e9clare-t-il \u00e0 l&rsquo;AFP.<\/p>\n<p>                                    <a class=\"fig-a11y-skip a11y-hidden\" href=\"#fig-a11y-skip-main-inarticle\"><br \/>\n        Passer la publicit\u00e9<br \/>\n    <\/a><\/p>\n<p class=\"fig-paragraph\">Le ministre fran\u00e7ais des Affaires \u00e9trang\u00e8res, Jean-No\u00ebl Barrot, a d&rsquo;ailleurs affirm\u00e9\u00a0<a href=\"https:\/\/www.latribune.fr\/la-tribune-dimanche\/dans-le-monde\/jean-noel-barrot-ministre-de-l-europe-et-des-affaires-etrangeres-a-new-york-nous-allons-consacrer-l-isolement-definitif-du-hamas-1030424.html\" target=\"_blank\" rel=\"sponsored noopener\" data-gtm-custom-categorie=\"navigation\" data-gtm-custom-action=\"crossclick\" data-gtm-custom-label=\"Contextuel\" data-gtm-event=\"customEventSPE\">dans un entretien \u00e0 l&rsquo;hebdomadaire La Tribune Dimanche<\/a> \u00a0que d&rsquo;autres pays europ\u00e9ens confirmeraient \u00ableur intention de reconna\u00eetre l&rsquo;\u00c9tat de Palestine\u00bb lors de la conf\u00e9rence, sans pr\u00e9ciser lesquels. Parmi les grandes puissances que la France aimerait convaincre de sauter le pas figure le Royaume-Uni. Mais le Premier ministre britannique, Keir Starmer, a r\u00e9p\u00e9t\u00e9 vendredi qu&rsquo;une reconnaissance devait \u00abs&rsquo;inscrire dans un plan plus global\u00bb. Tandis que l&rsquo;Allemagne ne l&rsquo;envisage pas \u00ab\u00e0 court terme\u00bb.<\/p>\n<p class=\"fig-body-link\">\n            \u00c0 lire aussi<br \/>\n        <a class=\"fig-body-link__link fig-premium-mark\" href=\"http:\/\/www.lefigaro.fr\/vox\/monde\/pierre-lellouche-macron-reconnait-la-palestine-mais-le-monde-reconnait-il-encore-la-france-20250726\" target=\"_blank\" data-fig-type=\"Article\" rel=\"noopener\" data-gtm-custom-categorie=\"navigation\" data-gtm-custom-action=\"crossclick\" data-gtm-custom-label=\"Contextuel\" data-gtm-event=\"customEventSPE\" data-fig-domain=\"LEFIGARO\">Pierre Lellouche\u00a0: \u00abMacron reconna\u00eet la Palestine, mais le monde reconna\u00eet-il encore la France\u00a0?\u00bb<br \/>\n    <\/a>\n<\/p>\n<p class=\"fig-paragraph\">Selon le d\u00e9compte et les v\u00e9rifications de l&rsquo;AFP, au moins 142 des 193 \u00c9tats membres de l&rsquo;ONU &#8211; en comptant la France &#8211; reconnaissent d\u00e9sormais l&rsquo;\u00c9tat palestinien proclam\u00e9 par la direction palestinienne en exil en 1988. En 1947, une r\u00e9solution de l&rsquo;Assembl\u00e9e g\u00e9n\u00e9rale de l&rsquo;ONU avait d\u00e9cid\u00e9 le partage de la Palestine alors sous mandat britannique, en deux \u00c9tats ind\u00e9pendants, l&rsquo;un juif et l&rsquo;autre arabe. Une solution rejet\u00e9e par les Arabes. L&rsquo;ann\u00e9e suivante, l&rsquo;\u00c9tat d&rsquo;Isra\u00ebl \u00e9tait proclam\u00e9 et une longue guerre s\u2019en \u00e9tait suivie. Malgr\u00e9 leur \u00e9crasante sup\u00e9riorit\u00e9 num\u00e9rique et militaire les sept pays arabes ont \u00e9t\u00e9 d\u00e9faits par le minuscule \u00c9tat juif.<\/p>\n<p>Pas de normalisation en vue<\/p>\n<p class=\"fig-paragraph\">Depuis plusieurs d\u00e9cennies, la grande majorit\u00e9 de la communaut\u00e9 internationale soutient le principe d&rsquo;une solution \u00e0 deux \u00c9tats, isra\u00e9lien et palestinien, vivant c\u00f4te \u00e0 c\u00f4te en paix et s\u00e9curit\u00e9. Toutefois, personne ne s\u2019accorde sur les fronti\u00e8res exactes \u00e0 lui donner. Mais apr\u00e8s plus de 21 mois de guerre \u00e0 Gaza, l&rsquo;extension de la colonisation isra\u00e9lienne en Cisjordanie et les vell\u00e9it\u00e9s de responsables isra\u00e9liens d&rsquo;annexer ce territoire occup\u00e9, la crainte que la cr\u00e9ation d&rsquo;un \u00c9tat palestinien ne soit physiquement impossible gagne du terrain. D&rsquo;o\u00f9 l&rsquo;id\u00e9e de cette conf\u00e9rence \u00e0 laquelle sont notamment attendus le premier ministre palestinien, Mohammad Mustafa, et plusieurs dizaines de ministres du monde entier.<\/p>\n<p class=\"fig-paragraph\">La r\u00e9union intervient \u00e0 un moment o\u00f9 \u00abla perspective de l&rsquo;existence d&rsquo;un \u00c9tat de Palestine n&rsquo;a jamais \u00e9t\u00e9 aussi menac\u00e9e ni aussi n\u00e9cessaire\u00bb, a comment\u00e9 Jean-No\u00ebl Barrot. Au-del\u00e0 de cr\u00e9er une dynamique pour la reconnaissance de l&rsquo;\u00c9tat palestinien, la conf\u00e9rence se concentrera sur trois autres axes: la r\u00e9forme de la gouvernance de l&rsquo;Autorit\u00e9 palestinienne, le d\u00e9sarmement du Hamas et son exclusion de la gouvernance palestinienne, et enfin la normalisation des relations avec Isra\u00ebl par les \u00c9tats arabes qui ne l&rsquo;ont pas encore fait.<\/p>\n<p class=\"fig-body-link\">\n            \u00c0 lire aussi<br \/>\n        <a class=\"fig-body-link__link fig-premium-mark\" href=\"http:\/\/www.lefigaro.fr\/que-changera-la-reconnaissance-par-la-france-d-un-etat-palestinien-20250410\" target=\"_blank\" data-fig-type=\"NewsFlash\" rel=\"noopener\" data-gtm-custom-categorie=\"navigation\" data-gtm-custom-action=\"crossclick\" data-gtm-custom-label=\"Contextuel\" data-gtm-event=\"customEventSPE\" data-fig-domain=\"LEFIGARO\">Que va changer la reconnaissance par la France d\u2019un \u00c9tat palestinien\u00a0?<br \/>\n    <\/a>\n<\/p>\n<p class=\"fig-paragraph\">Aucune annonce de normalisation avec Isra\u00ebl n&rsquo;est attendue cette semaine, selon une source diplomatique fran\u00e7aise. Mais \u00abpour la premi\u00e8re fois, les pays arabes condamneront le Hamas et appelleront \u00e0 son d\u00e9sarmement\u00bb, a assur\u00e9 Jean-No\u00ebl Barrot.<\/p>\n<p>                                    <a class=\"fig-a11y-skip a11y-hidden\" href=\"#fig-a11y-skip-main-inarticle_mtf\"><br \/>\n        Passer la publicit\u00e9<br \/>\n    <\/a><\/p>\n<p>\u00abCourage\u00bb<\/p>\n<p class=\"fig-paragraph\">La conf\u00e9rence \u00aboffre une opportunit\u00e9 unique de transformer le droit international et le consensus international en un plan r\u00e9aliste, et de prouver la d\u00e9termination de mettre fin \u00e0 l&rsquo;occupation et au conflit une fois pour toutes\u00bb, a plaid\u00e9 la semaine derni\u00e8re l&rsquo;ambassadeur palestinien \u00e0 l&rsquo;ONU, Riyad Mansour, en r\u00e9clamant du \u00abcourage\u00bb. Isra\u00ebl et les \u00c9tats-Unis en revanche ne participeront pas \u00e0 la r\u00e9union, qui avait \u00e9t\u00e9 report\u00e9e en juin en raison de la guerre en Iran. Apr\u00e8s le segment minist\u00e9riel cette semaine, un sommet devrait suivre en septembre.<\/p>\n<p class=\"fig-paragraph\">La pression internationale ne cesse de s&rsquo;intensifier sur Isra\u00ebl pour mettre fin \u00e0 la guerre \u00e0 Gaza, d\u00e9clench\u00e9e par les attaques du Hamas du 7 octobre 2023. La catastrophe humanitaire dans le petit territoire ravag\u00e9 devrait donc \u00eatre au c\u0153ur des discours des repr\u00e9sentants de plus de 100 pays annonc\u00e9s \u00e0 la tribune de lundi \u00e0 mercredi, m\u00eame si Isra\u00ebl a d\u00e9clar\u00e9 une pause des combats \u00e0 des fins humanitaires dans certains secteurs.<\/p>\n","protected":false},"excerpt":{"rendered":"La conf\u00e9rence convoqu\u00e9e par l\u2019Assembl\u00e9e g\u00e9n\u00e9rale des Nations unies, et copr\u00e9sid\u00e9e par Paris et Ryad, esp\u00e8re enclencher une&hellip;\n","protected":false},"author":2,"featured_media":279115,"comment_status":"","ping_status":"","sticky":false,"template":"","format":"standard","meta":{"footnotes":""},"categories":[4],"tags":[11,1011,27,12,3518,25],"class_list":{"0":"post-279114","1":"post","2":"type-post","3":"status-publish","4":"format-standard","5":"has-post-thumbnail","7":"category-france","8":"tag-actualites","9":"tag-fr","10":"tag-france","11":"tag-news","12":"tag-palestine","13":"tag-republique-francaise"},"share_on_mastodon":{"url":"https:\/\/pubeurope.com\/@fr\/114929833552148730","error":""},"_links":{"self":[{"href":"https:\/\/www.europesays.com\/fr\/wp-json\/wp\/v2\/posts\/279114","targetHints":{"allow":["GET"]}}],"collection":[{"href":"https:\/\/www.europesays.com\/fr\/wp-json\/wp\/v2\/posts"}],"about":[{"href":"https:\/\/www.europesays.com\/fr\/wp-json\/wp\/v2\/types\/post"}],"author":[{"embeddable":true,"href":"https:\/\/www.europesays.com\/fr\/wp-json\/wp\/v2\/users\/2"}],"replies":[{"embeddable":true,"href":"https:\/\/www.europesays.com\/fr\/wp-json\/wp\/v2\/comments?post=279114"}],"version-history":[{"count":0,"href":"https:\/\/www.europesays.com\/fr\/wp-json\/wp\/v2\/posts\/279114\/revisions"}],"wp:featuredmedia":[{"embeddable":true,"href":"https:\/\/www.europesays.com\/fr\/wp-json\/wp\/v2\/media\/279115"}],"wp:attachment":[{"href":"https:\/\/www.europesays.com\/fr\/wp-json\/wp\/v2\/media?parent=279114"}],"wp:term":[{"taxonomy":"category","embeddable":true,"href":"https:\/\/www.europesays.com\/fr\/wp-json\/wp\/v2\/categories?post=279114"},{"taxonomy":"post_tag","embeddable":true,"href":"https:\/\/www.europesays.com\/fr\/wp-json\/wp\/v2\/tags?post=279114"}],"curies":[{"name":"wp","href":"https:\/\/api.w.org\/{rel}","templated":true}]}}