{"id":279116,"date":"2025-07-28T08:07:18","date_gmt":"2025-07-28T08:07:18","guid":{"rendered":"https:\/\/www.europesays.com\/fr\/279116\/"},"modified":"2025-07-28T08:07:18","modified_gmt":"2025-07-28T08:07:18","slug":"dans-le-detail-de-la-reprise-du-makila-golf-club-de-bayonne-bassussary-par-ugolf","status":"publish","type":"post","link":"https:\/\/www.europesays.com\/fr\/279116\/","title":{"rendered":"Dans le d\u00e9tail de la reprise du Makila Golf Club de Bayonne-Bassussary par Ugolf"},"content":{"rendered":"<p>\t\t\t\t\t\t<img width=\"770\" height=\"556\" src=\"https:\/\/www.europesays.com\/fr\/wp-content\/uploads\/2025\/07\/makila-golf-club-24-01-770x556.jpg\" class=\"img-responsive wp-post-image\" alt=\"\" decoding=\"async\" fetchpriority=\"high\"  \/>\t\t\t\t\t<\/p>\n<p>\t\t\t\t\t\t Partager cet article <\/p>\n<p class=\"screen-reader-text juiz_sps_maybe_hidden_text\">Partager la publication \u00ab\u00a0Dans le d\u00e9tail de la reprise du Makila Golf Club de Bayonne-Bassussary par Ugolf\u00a0\u00bb<\/p>\n<p><strong>Ouvert en 1992, le Makila Golf Club va changer de mains. Le conseil municipal de la ville de Bayonne, actionnaire majoritaire avait le choix entre deux dossiers apr\u00e8s avoir d\u00e9cid\u00e9 de se s\u00e9parer de cet actif.<\/strong><\/p>\n<p><strong>Jean-Luc Clouard<\/strong><\/p>\n<p>\t\t\t\t\t<a id=\"178042\" href=\"https:\/\/leclub-golf.com\/fr\/actualites\/team-sud-ouest-vs-team-sud-est-le-duel-de-lete?utm_source=golf+planete&amp;utm_medium=referral&amp;utm_campaign=team+sud&amp;utm_id=team+sud_golf+planete_referral_banner\" target=\"_blank\" rel=\"sponsorised nofollow noopener\"><img decoding=\"async\" src=\"data:image\/svg+xml,%3Csvg%20xmlns=\" http:=\"\" class=\"img-responsive\" alt=\"\" data-lazy-src=\"https:\/\/www.europesays.com\/fr\/wp-content\/uploads\/2025\/07\/leclubgolf-e08-duel-teams-1170x275-1.png\"\/><\/a><\/p>\n<p>Propri\u00e9t\u00e9 depuis 2004 de la ville de <strong>Bayonne<\/strong> (58%), de la commune de <strong>Bassussarry<\/strong> (5%), des communes avoisinantes (1%) et de <strong>18 entreprises locales<\/strong>, parmi lesquelles Eiffage Immobilier Atlantique, Financi\u00e8re Labruquere, Urrutian D\u00e9veloppement (pr\u00e9sid\u00e9e par Sylvie Durruty, par ailleurs 1\u00e8re adjointe au Maire de Bayonne), SO.BA.MAT\u2026 via la Soci\u00e9t\u00e9 d\u2019\u00e9conomie mixte Makila Bayonne Bassussarry Pays basque, va changer de mains.<\/p>\n<p>La d\u00e9cision de la <strong>mairie de Bayonne<\/strong> de c\u00e9der sa participation a \u00e9t\u00e9 approuv\u00e9e le 17 juillet par le Conseil municipal. D\u2019un montant de 2,746 millions d\u2019euros, la cession effective interviendra entre octobre et d\u00e9cembre.<\/p>\n<blockquote><p>\nNous avons la volont\u00e9 de p\u00e9renniser l\u2019exploitation du golf et nous assurerons la promotion de notre nouveau golf aupr\u00e8s de nos adh\u00e9rents.<\/p>\n<p>Pierre-Andr\u00e9 Uhlen, directeur g\u00e9n\u00e9ral Ugolf\u00a0<\/p>\n<\/blockquote>\n<p>En janvier, le maire de Bayonne, <strong>Jean-Ren\u00e9 Etchegaray<\/strong>, apr\u00e8s avoir conduit un d\u00e9bat autour des orientations budg\u00e9taires de la ville (tendues), avait expliqu\u00e9 que \u00ab\u00a0g\u00e9rer un golf n\u2019\u00e9tait pas le m\u00e9tier\u00a0\u00bb d\u2019une municipalit\u00e9.<\/p>\n<p>Pour l\u2019exercice 2024, le Makila Golf affichait un chiffre d\u2019affaires HT de 1,568 million d\u2019euros, avec un r\u00e9sultat net de 591.000 euros (li\u00e9 \u00e0 la cession d\u2019un immeuble situ\u00e9 sur le golf), le r\u00e9sultat net de 2023 (118.000 euros) \u00e9tant plus significatif de la r\u00e9alit\u00e9 \u00e9conomique du golf.<\/p>\n<p>\t\t\t\t\t<a id=\"180488\" href=\"https:\/\/golfplus.fr\/\" target=\"_blank\" rel=\"sponsorised nofollow noopener\"><img decoding=\"async\" src=\"data:image\/svg+xml,%3Csvg%20xmlns=\" http:=\"\" class=\"img-responsive\" alt=\"\" data-lazy-src=\"https:\/\/www.europesays.com\/fr\/wp-content\/uploads\/2025\/07\/golfplus-e19-livraison-lieu-vacances-1170x275-1.jpg\"\/><\/a><br \/>\nUgolf, mieux not\u00e9 sur tous les points<\/p>\n<p>A l\u2019issue d\u2019un appel \u00e0 manifestation d\u2019int\u00e9r\u00eat et apr\u00e8s \u00e9tude des deux seules candidatures re\u00e7ues par le cabinet d\u2019audit parisien EY, c\u2019est l\u2019offre conjointe de Ugolf et de Patrimoine &amp; Golf 3 (Groupe Financi\u00e8re Duval) qui a \u00e9t\u00e9 retenue.<\/p>\n<p>La ville n\u2019a communiqu\u00e9 aucun d\u00e9tail argument\u00e9 sur les raisons de son choix, le pr\u00e9sident de la SEM, <strong>Nicolas Alqui\u00e9<\/strong>, se contentant d\u2019expliquer que le prix n\u2019avait pas \u00e9t\u00e9 le seul crit\u00e8re et que Ugolf, \u00ab\u00a0sur tous les points\u00a0\u00bb, avait \u00e9t\u00e9 mieux not\u00e9 que l\u2019autre candidat, le golf d\u2019Arcangues, situ\u00e9 \u00e0 quelques kilom\u00e8tres.<\/p>\n<p>\t\t\t\t\t<a id=\"181043\" href=\"https:\/\/www.garmin.com\/fr-FR\/c\/sports-fitness\/golf-gps-devices-smartwatches\/\" target=\"_blank\" rel=\"sponsorised nofollow noopener\"><img decoding=\"async\" src=\"data:image\/svg+xml,%3Csvg%20xmlns=\" http:=\"\" class=\"img-responsive\" alt=\"\" data-lazy-src=\"https:\/\/www.europesays.com\/fr\/wp-content\/uploads\/2025\/06\/garmin-e01-serie-approach-1170x275-1.jpeg\"\/><\/a><br \/>\nLes emplois sauv\u00e9s<\/p>\n<p>Le directeur-g\u00e9n\u00e9ral de Ugolf, <strong>Pierre-Andr\u00e9 Uhlen<\/strong> s\u2019est r\u00e9joui de cette d\u00e9cision expliquant que cette acquisition entrait dans la logique du savoir-faire d\u2019Ugolf qui poursuit une politique d\u2019une \u00ab\u00a0pratique golfique accessible \u00e0 tous\u00a0\u00bb, g\u00e9rant actuellement quelque 66 golfs en France et dans le monde, le dernier ayant rejoint le r\u00e9seau \u00e9tant le golf de Valescure (Saint-Rapha\u00ebl).<\/p>\n<p>\u00ab\u00a0Nous avons la volont\u00e9 de p\u00e9renniser l\u2019exploitation du golf et nous assurerons la promotion de notre nouveau golf aupr\u00e8s de nos adh\u00e9rents et les encouragerons \u00e0 d\u00e9couvrir cette belle r\u00e9gion touristique qu\u2019est le Pays basque\u00a0\u00bb, a-t-il confi\u00e9 \u00e0 Golf Plan\u00e8te. Il n\u2019envisage pas d\u2019imposer de droit d\u2019entr\u00e9e aux nouveaux membres.<\/p>\n<p>Par ailleurs, Ugolf s\u2019est engag\u00e9 \u00e0 reprendre l\u2019ensemble des salari\u00e9s. M\u00eame si quelques ha restent disponibles \u00e0 la construction dans l\u2019emprise du golf, aucun projet immobilier ne serait \u00e0 l\u2019ordre du jour.<\/p>\n<p>\t\t\t\t\t<a id=\"180462\" href=\"https:\/\/www.makilas-golftour.com\/sejour\/makilas-agadir-2023-2-2\/\" target=\"_blank\" rel=\"sponsorised nofollow noopener\"><img decoding=\"async\" src=\"data:image\/svg+xml,%3Csvg%20xmlns=\" http:=\"\" class=\"img-responsive\" alt=\"\" data-lazy-src=\"https:\/\/www.europesays.com\/fr\/wp-content\/uploads\/2025\/07\/challengeorganisation-e01-rencontres-agadir-1170x275-1.jpeg\"\/><\/a><br \/>\nUn nouveau directeur attendu<\/p>\n<p>Joint au t\u00e9l\u00e9phone, <strong>Benjamin d\u2019Arcangues<\/strong>, le directeur du golf d\u2019Arcangues dont la candidature n\u2019a pas \u00e9t\u00e9 retenue, n\u2019a pas cach\u00e9 sa \u00abprofonde d\u00e9ception\u00bb\u00a0 regrettant que l\u2019analyse du dossier ait \u00e9t\u00e9 confi\u00e9e \u00e0 un cabinet d\u2019audit parisien \u00ab n\u2019appr\u00e9ciant pas n\u00e9cessairement la r\u00e9alit\u00e9 locale \u00e0 sa juste mesure \u00bb.<\/p>\n<p>La commune de Bassussarry et les communes avoisinantes ont l\u2019obligation l\u00e9gale de c\u00e9der leurs parts. Plusieurs actionnaires priv\u00e9s sont \u00e9galement en contact avec Ugolf pour une \u00e9ventuelle cession de leur participation.<\/p>\n<p>A la connaissance de Golf Plan\u00e8te, le choix du nouveau directeur du Makila n\u2019est pas encore d\u00e9cid\u00e9.<\/p>\n<p>En effet l\u2019actuel directeur du golf de Bayonne-Bassussarry, <strong>St\u00e9phane Flamand<\/strong>, va succ\u00e9der au directeur des golfs de Biarritz (Le Phare, Ilbarritz), <strong>St\u00e9phane Turin<\/strong>, en poste depuis 2 ans. Celui-ci quittera ses fonctions le 15 septembre pour prendre la direction du golf de Saint-Cloud (92).<\/p>\n","protected":false},"excerpt":{"rendered":"Partager cet article Partager la publication \u00ab\u00a0Dans le d\u00e9tail de la reprise du Makila Golf Club de Bayonne-Bassussary&hellip;\n","protected":false},"author":2,"featured_media":279117,"comment_status":"","ping_status":"","sticky":false,"template":"","format":"standard","meta":{"footnotes":""},"categories":[1418],"tags":[1011,27,1472,60],"class_list":{"0":"post-279116","1":"post","2":"type-post","3":"status-publish","4":"format-standard","5":"has-post-thumbnail","7":"category-golf","8":"tag-fr","9":"tag-france","10":"tag-golf","11":"tag-sports"},"share_on_mastodon":{"url":"https:\/\/pubeurope.com\/@fr\/114929837257008378","error":""},"_links":{"self":[{"href":"https:\/\/www.europesays.com\/fr\/wp-json\/wp\/v2\/posts\/279116","targetHints":{"allow":["GET"]}}],"collection":[{"href":"https:\/\/www.europesays.com\/fr\/wp-json\/wp\/v2\/posts"}],"about":[{"href":"https:\/\/www.europesays.com\/fr\/wp-json\/wp\/v2\/types\/post"}],"author":[{"embeddable":true,"href":"https:\/\/www.europesays.com\/fr\/wp-json\/wp\/v2\/users\/2"}],"replies":[{"embeddable":true,"href":"https:\/\/www.europesays.com\/fr\/wp-json\/wp\/v2\/comments?post=279116"}],"version-history":[{"count":0,"href":"https:\/\/www.europesays.com\/fr\/wp-json\/wp\/v2\/posts\/279116\/revisions"}],"wp:featuredmedia":[{"embeddable":true,"href":"https:\/\/www.europesays.com\/fr\/wp-json\/wp\/v2\/media\/279117"}],"wp:attachment":[{"href":"https:\/\/www.europesays.com\/fr\/wp-json\/wp\/v2\/media?parent=279116"}],"wp:term":[{"taxonomy":"category","embeddable":true,"href":"https:\/\/www.europesays.com\/fr\/wp-json\/wp\/v2\/categories?post=279116"},{"taxonomy":"post_tag","embeddable":true,"href":"https:\/\/www.europesays.com\/fr\/wp-json\/wp\/v2\/tags?post=279116"}],"curies":[{"name":"wp","href":"https:\/\/api.w.org\/{rel}","templated":true}]}}