{"id":279118,"date":"2025-07-28T08:09:11","date_gmt":"2025-07-28T08:09:11","guid":{"rendered":"https:\/\/www.europesays.com\/fr\/279118\/"},"modified":"2025-07-28T08:09:11","modified_gmt":"2025-07-28T08:09:11","slug":"le-nombre-dabonnements-va-exploser-a-montauban","status":"publish","type":"post","link":"https:\/\/www.europesays.com\/fr\/279118\/","title":{"rendered":"Le nombre d&rsquo;abonnements va exploser \u00e0 Montauban !"},"content":{"rendered":"<p>La mont\u00e9e en puissance de l\u2019US Montauban, sacr\u00e9e championne de Pro D2 en juin dernier, continue de d\u00e9cha\u00eener les passions.<\/p>\n<p>Pour son grand retour dans l\u2019\u00e9lite du rugby fran\u00e7ais, quinze ans apr\u00e8s l\u2019avoir quitt\u00e9e, le club de Sapiac enregistre un engouement sans pr\u00e9c\u00e9dent autour de sa campagne d\u2019abonnements.<\/p>\n<p>Apr\u00e8s une premi\u00e8re phase r\u00e9serv\u00e9e aux fid\u00e8les de la saison pass\u00e9e, le club ouvre officiellement ce <strong>lundi 28 juillet<\/strong> les ventes d\u2019abonnements au grand public. L\u2019op\u00e9ration, plac\u00e9e sous le slogan \u00ab L\u2019histoire s\u2019\u00e9crit en vert \u00bb, repose sur un principe simple : premier arriv\u00e9, premier servi.<\/p>\n<p>L\u2019objectif est ambitieux. \u00ab On vise une fourchette entre 2 500 et 2 700 abonn\u00e9s \u00bb, pr\u00e9cise Johan Dalla Riva, directeur g\u00e9n\u00e9ral de l\u2019USM, via <a href=\"https:\/\/www.ladepeche.fr\/2025\/07\/27\/lus-montauban-de-retour-en-top-14-objectif-2-500-a-2-700-abonnes-pour-la-campagne-grand-public-qui-debute-ce-lundi-28-juillet-12847300.php\" rel=\"nofollow noopener\" target=\"_blank\">La D\u00e9p\u00eache<\/a>.<\/p>\n<p>Une projection bien sup\u00e9rieure \u00e0 celle de la saison pr\u00e9c\u00e9dente, o\u00f9 environ 850 supporters avaient souscrit leur carte\u2026 sans imaginer que leur club d\u00e9crocherait un bouclier historique \u00e0 Ernest-Wallon.<\/p>\n<p>La vague verte ne faiblit pas. \u00ab Quasiment tous nos abonn\u00e9s de la saison derni\u00e8re se sont r\u00e9abonn\u00e9s. Certains en ont fait profiter la personne de leur choix en utilisant la formule du parrainage \u00bb, d\u00e9taille Jean-Baptiste Fourcade, responsable communication, toujours via La D\u00e9p\u00eache.<\/p>\n<p>\u00ab \u00c0 l\u2019heure actuelle, nous en sommes \u00e0 1 200 abonnements grand public, sans compter les abonnements souscrits par nos partenaires \u00bb.<\/p>\n<p>Les trav\u00e9es des Ultras Sapiac et du Club des supporters affichent complet.<\/p>\n<p>Premier rendez-vous : le 6 septembre, \u00e0 Paris, contre le Stade Fran\u00e7ais.<\/p>\n<p>Le Top 14 s\u2019annonce bouillant.<\/p>\n","protected":false},"excerpt":{"rendered":"La mont\u00e9e en puissance de l\u2019US Montauban, sacr\u00e9e championne de Pro D2 en juin dernier, continue de d\u00e9cha\u00eener&hellip;\n","protected":false},"author":2,"featured_media":279119,"comment_status":"","ping_status":"","sticky":false,"template":"","format":"standard","meta":{"footnotes":""},"categories":[1416],"tags":[1011,27,479,1468,60],"class_list":{"0":"post-279118","1":"post","2":"type-post","3":"status-publish","4":"format-standard","5":"has-post-thumbnail","7":"category-rugby","8":"tag-fr","9":"tag-france","10":"tag-rugby","11":"tag-rugby-football","12":"tag-sports"},"share_on_mastodon":{"url":"https:\/\/pubeurope.com\/@fr\/114929845155560514","error":""},"_links":{"self":[{"href":"https:\/\/www.europesays.com\/fr\/wp-json\/wp\/v2\/posts\/279118","targetHints":{"allow":["GET"]}}],"collection":[{"href":"https:\/\/www.europesays.com\/fr\/wp-json\/wp\/v2\/posts"}],"about":[{"href":"https:\/\/www.europesays.com\/fr\/wp-json\/wp\/v2\/types\/post"}],"author":[{"embeddable":true,"href":"https:\/\/www.europesays.com\/fr\/wp-json\/wp\/v2\/users\/2"}],"replies":[{"embeddable":true,"href":"https:\/\/www.europesays.com\/fr\/wp-json\/wp\/v2\/comments?post=279118"}],"version-history":[{"count":0,"href":"https:\/\/www.europesays.com\/fr\/wp-json\/wp\/v2\/posts\/279118\/revisions"}],"wp:featuredmedia":[{"embeddable":true,"href":"https:\/\/www.europesays.com\/fr\/wp-json\/wp\/v2\/media\/279119"}],"wp:attachment":[{"href":"https:\/\/www.europesays.com\/fr\/wp-json\/wp\/v2\/media?parent=279118"}],"wp:term":[{"taxonomy":"category","embeddable":true,"href":"https:\/\/www.europesays.com\/fr\/wp-json\/wp\/v2\/categories?post=279118"},{"taxonomy":"post_tag","embeddable":true,"href":"https:\/\/www.europesays.com\/fr\/wp-json\/wp\/v2\/tags?post=279118"}],"curies":[{"name":"wp","href":"https:\/\/api.w.org\/{rel}","templated":true}]}}