{"id":279132,"date":"2025-07-28T08:17:12","date_gmt":"2025-07-28T08:17:12","guid":{"rendered":"https:\/\/www.europesays.com\/fr\/279132\/"},"modified":"2025-07-28T08:17:12","modified_gmt":"2025-07-28T08:17:12","slug":"hokusai-expose-au-musee-dhistoire-de-nantes","status":"publish","type":"post","link":"https:\/\/www.europesays.com\/fr\/279132\/","title":{"rendered":"Hokusai expos\u00e9 au mus\u00e9e d&rsquo;Histoire de Nantes"},"content":{"rendered":"<p class=\"c-chapo \">\n  Le plus connu des peintres japonais, Hokusai, est \u00e0 l\u2019honneur tout l\u2019\u00e9t\u00e9 au mus\u00e9e d\u2019histoire de Nantes avec une grande exposition qui r\u00e9unit \u0153uvres c\u00e9l\u00e8bres et d\u00e9couvertes.\n<\/p>\n<p>            lire plus tard<\/p>\n<p id=\"dialog__title\" class=\"dialog__title\">Pour sauvegarder cet article, connectez-vous ou cr\u00e9ez un compte franceinfo<\/p>\n<p class=\"dialog__description\">Sans paiement. Sans abonnement.<\/p>\n<p>        Fermer la fen\u00eatre d\u2019activation des notifications France Info<\/p>\n<p>            cr\u00e9er votre compte<\/p>\n<p>            se connecter<\/p>\n<p>        Fermer la fen\u00eatre de pr\u00e9sentation<\/p>\n<p>    <img loading=\"lazy\" decoding=\"async\" class=\"signature__image lazyload\" width=\"100\" height=\"100\" data- alt=\"\" src=\"https:\/\/www.europesays.com\/fr\/wp-content\/uploads\/2025\/07\/anne-chepeau-65e601666d9ec483359792.png\"\/><\/p>\n<p>    Publi\u00e9 le 28\/07\/2025 07:16<\/p>\n<p>        Temps de lecture : 3min<\/p>\n<p>    <img decoding=\"async\"  alt=\"&quot;La Grande Vague de Kanagawa&quot;, une estampe de Hokusai, devenue une ic\u00f4ne de l'art. (ANNE CHEPEAU \/ RADIO FRANCE)\" width=\"432\" height=\"243\" src=\"https:\/\/www.europesays.com\/fr\/wp-content\/uploads\/2025\/07\/vague-hokusai-687e05b0a696c757866145.jpg\" fetchpriority=\"high\"\/><\/p>\n<p>      \u00ab\u00a0La Grande Vague de Kanagawa\u00a0\u00bb, une estampe de Hokusai, devenue une ic\u00f4ne de l&rsquo;art. (ANNE CHEPEAU \/ RADIO FRANCE)<\/p>\n<p>Si le nom d\u2019<a href=\"https:\/\/www.franceinfo.fr\/culture\/cinema\/sorties-de-films\/hokusai-le-biopic-romanesque-du-celebre-peintre-d-estampes-japonaises-auteur-de-la-grande-vague_5791058.html\" rel=\"nofollow noopener\" target=\"_blank\">Hokusai<\/a> est peu connu du grand public, sa c\u00e9l\u00e8bre estampe La Grande Vague est, quant \u00e0 elle, devenue une ic\u00f4ne de l\u2019art mondial. Cette \u0153uvre est, d&rsquo;ailleurs, pr\u00e9sent\u00e9e dans l\u2019exposition \u00ab\u00a0Hokusai\u00a0\u00bb \u00e0 d\u00e9couvrir au mus\u00e9e d\u2019Histoire de Nantes jusqu\u2019au 7 septembre. \u00ab\u00a0C&rsquo;est une \u0153uvre g\u00e9niale dans sa composition, une image qui parle \u00e0 tous, c&rsquo;est un \u00e9moji et m\u00eame un logo de certaines marques, elle est omnipr\u00e9sente. Le public vient ici pour regarder cet original qui a construit toute une somme de d\u00e9clinaison\u00a0\u00bb, affirme Bertrand Guillet, directeur du mus\u00e9e d\u2019histoire de Nantes.\u00a0\u00ab\u00a0La Vague est une \u0153uvre universelle, c\u2019est le doigt de Michel-Ange, la Joconde du Louvre\u00a0\u00bb, conclut-il.<\/p>\n<p>Cette vague, devenue une v\u00e9ritable ic\u00f4ne, a \u00e9t\u00e9 d\u00e9clin\u00e9e par Hokusai dans deux peintures tr\u00e8s rares, expos\u00e9es pour la premi\u00e8re fois hors du Japon. Ces deux \u0153uvres d\u00e9coraient autrefois des chars de procession dans la ville d\u2019Obuse, o\u00f9 l\u2019artiste a pass\u00e9 la fin de sa vie, et r\u00e9v\u00e8lent l&rsquo;immense talent du peintre.\u00a0<\/p>\n<p>    <img decoding=\"async\" class=\"cms-media-image lazyload\" alt=\"Vue de l'exposition Hokusai au mus\u00e9e d'histoire de Nantes. (ANNE CHEPEAU \/ RADIO FRANCE)\" width=\"720\" height=\"404.78952291862\" data- src=\"https:\/\/www.europesays.com\/fr\/wp-content\/uploads\/2025\/07\/20250630-131435-687e0fd7d9bb8720890833.jpg\"\/><\/p>\n<p>      Vue de l&rsquo;exposition Hokusai au mus\u00e9e d&rsquo;histoire de Nantes. (ANNE CHEPEAU \/ RADIO FRANCE)<\/p>\n<p>\u00ab\u00a0Contrairement \u00e0 la grande vague de Kanagawa o\u00f9 l&rsquo;on voit cet enroulement de la vague, ces navires qui vont \u00eatre submerg\u00e9s par la vague, et au loin le mont Fuji, ici on a une esp\u00e8ce de grosse vague qui tourne sur elle-m\u00eame. On ne voit plus rien, il n&rsquo;y a pas de paysages ni de sc\u00e8nes humaines, d\u00e9crit le directeur du mus\u00e9e nantais. C&rsquo;est l&rsquo;\u00e9nergie vitale de l&rsquo;eau qui est repr\u00e9sent\u00e9e. Ces \u0153uvres ont \u00e9t\u00e9 r\u00e9alis\u00e9es une quinzaine d&rsquo;ann\u00e9es apr\u00e8s la grande vague et t\u00e9moignent finalement de l&rsquo;aboutissement de sa recherche\u00a0\u00bb.<\/p>\n<p>L\u2019exposition pr\u00e9sente 161\u00a0\u0153uvres provenant toutes du mus\u00e9e Hokusai-Kan d\u2019Obuse, le premier mus\u00e9e au Japon consacr\u00e9 \u00e0 l\u2019artiste. Si le Mont Fuji a \u00e9t\u00e9 le sujet de pr\u00e9dilection d\u2019Hokusai notamment avec sa s\u00e9rie d\u2019estampes Trente-six vues du mont Fuji, il a aussi peint de nombreuses beaut\u00e9s f\u00e9minines, qu&rsquo;elles soient danseuses ou courtisanes, l\u2019eau sous toutes ses formes\u00a0: pluie, cascade ou rivi\u00e8res.<\/p>\n<p>La nature est \u00e9galement omnipr\u00e9sente dans le travail du peintre avec des repr\u00e9sentations d&rsquo;animaux ou de fleurs comme ces deux peintures sur soie de chrysanth\u00e8mes. Bertrand Guillet ne m\u00e9nage pas ses \u00e9loges lorsqu\u2019il \u00e9voque l\u2019\u0153uvre\u00a0: \u00ab\u00a0C&rsquo;est un chef-d\u2019\u0153uvre du mus\u00e9e, c&rsquo;est une paire de chrysanth\u00e8mes r\u00e9alis\u00e9e \u00e0 l&rsquo;\u00e2ge de 85\u00a0ans. On voit \u00e0 la fois toute sa dext\u00e9rit\u00e9 du point de vue du dessin mais son immense talent de coloris. Cette capacit\u00e9 \u00e0 capter la nature, on le voit dans la douceur des p\u00e9tales. C&rsquo;est vraiment une \u0153uvre magnifique abouti du point de vue de l&rsquo;art de la nature.\u00a0\u00bb<\/p>\n<p>    <img loading=\"lazy\" decoding=\"async\" class=\"cms-media-image lazyload\" alt=\"&quot;Chrysanth\u00e8mes&quot; d'Hokusai. (ANNE CHEPEAU \/ RADIO FRANCE)\" width=\"720\" height=\"960\" data- src=\"https:\/\/www.europesays.com\/fr\/wp-content\/uploads\/2025\/07\/20250630-130427-68870540b0e1e812253783.jpg\"\/><\/p>\n<p>      \u00ab\u00a0Chrysanth\u00e8mes\u00a0\u00bb d&rsquo;Hokusai. (ANNE CHEPEAU \/ RADIO FRANCE)<\/p>\n<p>En 70\u00a0ans d\u2019activit\u00e9, Hokusai a cr\u00e9\u00e9 plus de 3\u00a0000\u00a0gravures, des milliers de dessins, 2\u00a0000\u00a0livres imprim\u00e9s et quelque 450\u00a0peintures.<\/p>\n","protected":false},"excerpt":{"rendered":"Le plus connu des peintres japonais, Hokusai, est \u00e0 l\u2019honneur tout l\u2019\u00e9t\u00e9 au mus\u00e9e d\u2019histoire de Nantes avec&hellip;\n","protected":false},"author":2,"featured_media":279133,"comment_status":"","ping_status":"","sticky":false,"template":"","format":"standard","meta":{"footnotes":""},"categories":[1358],"tags":[1348,1384,1385,1386,58,59,1011,27],"class_list":{"0":"post-279132","1":"post","2":"type-post","3":"status-publish","4":"format-standard","5":"has-post-thumbnail","7":"category-arts-et-design","8":"tag-arts","9":"tag-arts-and-design","10":"tag-arts-et-design","11":"tag-design","12":"tag-divertissement","13":"tag-entertainment","14":"tag-fr","15":"tag-france"},"share_on_mastodon":{"url":"https:\/\/pubeurope.com\/@fr\/114929876913445709","error":""},"_links":{"self":[{"href":"https:\/\/www.europesays.com\/fr\/wp-json\/wp\/v2\/posts\/279132","targetHints":{"allow":["GET"]}}],"collection":[{"href":"https:\/\/www.europesays.com\/fr\/wp-json\/wp\/v2\/posts"}],"about":[{"href":"https:\/\/www.europesays.com\/fr\/wp-json\/wp\/v2\/types\/post"}],"author":[{"embeddable":true,"href":"https:\/\/www.europesays.com\/fr\/wp-json\/wp\/v2\/users\/2"}],"replies":[{"embeddable":true,"href":"https:\/\/www.europesays.com\/fr\/wp-json\/wp\/v2\/comments?post=279132"}],"version-history":[{"count":0,"href":"https:\/\/www.europesays.com\/fr\/wp-json\/wp\/v2\/posts\/279132\/revisions"}],"wp:featuredmedia":[{"embeddable":true,"href":"https:\/\/www.europesays.com\/fr\/wp-json\/wp\/v2\/media\/279133"}],"wp:attachment":[{"href":"https:\/\/www.europesays.com\/fr\/wp-json\/wp\/v2\/media?parent=279132"}],"wp:term":[{"taxonomy":"category","embeddable":true,"href":"https:\/\/www.europesays.com\/fr\/wp-json\/wp\/v2\/categories?post=279132"},{"taxonomy":"post_tag","embeddable":true,"href":"https:\/\/www.europesays.com\/fr\/wp-json\/wp\/v2\/tags?post=279132"}],"curies":[{"name":"wp","href":"https:\/\/api.w.org\/{rel}","templated":true}]}}