{"id":279144,"date":"2025-07-28T08:23:12","date_gmt":"2025-07-28T08:23:12","guid":{"rendered":"https:\/\/www.europesays.com\/fr\/279144\/"},"modified":"2025-07-28T08:23:12","modified_gmt":"2025-07-28T08:23:12","slug":"le-verdict-des-pilotes-sur-le-depart-retarde-du-gp-de-belgique","status":"publish","type":"post","link":"https:\/\/www.europesays.com\/fr\/279144\/","title":{"rendered":"Le verdict des pilotes sur le d\u00e9part retard\u00e9 du GP de Belgique"},"content":{"rendered":"<p>                        \u00a0<br \/>\nC&rsquo;\u00e9tait la bonne d\u00e9cision<\/p>\n<p><strong><a href=\"https:\/\/fr.motorsport.com\/driver\/fernando-alonso\/76096\/\" target=\"_blank\" rel=\"noopener\">Fernando Alonso<\/a>\u00a0:<\/strong> \u00ab\u00a0Nous savons que la s\u00e9curit\u00e9 est une priorit\u00e9, nous en avons m\u00eame parl\u00e9 vendredi, lors du briefing pr\u00e9c\u00e9dent. Et je pense qu&rsquo;au d\u00e9but, les conditions de visibilit\u00e9 ne permettaient pas de courir, donc je pense que la course a commenc\u00e9 au bon moment, pour \u00eatre honn\u00eate.\u00a0\u00bb<\/p>\n<p><strong><a href=\"https:\/\/fr.motorsport.com\/driver\/gabriel-bortoleto\/947555\/\" target=\"_blank\" rel=\"noopener\">Gabriel Bortoleto<\/a>\u00a0: <\/strong>\u00ab\u00a0La s\u00e9curit\u00e9 passe avant tout. Je pense que lors de notre premi\u00e8re sortie, il y avait tellement de projections d&rsquo;eau et d&rsquo;aquaplaning que si nous avions couru dans ces conditions, quelqu&rsquo;un aurait pu \u00eatre bless\u00e9. J&rsquo;adore courir dans toutes les conditions, mais quand elles ne sont pas bonnes, elles ne sont pas bonnes, et nous devons \u00eatre r\u00e9alistes \u00e0 ce sujet. J&rsquo;ai vraiment l&rsquo;impression qu&rsquo;aujourd&rsquo;hui, nous avons pris le d\u00e9part au bon moment, et la FIA a tr\u00e8s bien g\u00e9r\u00e9 la situation.\u00a0\u00bb<\/p>\n<p><strong><a href=\"https:\/\/fr.motorsport.com\/driver\/pierre-gasly\/95098\/\" target=\"_blank\" rel=\"noopener\">Pierre Gasly<\/a>\u00a0:<\/strong> \u00ab\u00a0Le premier tour o\u00f9 on est parti, on voyait strictement rien, donc c&rsquo;\u00e9tait beaucoup trop dangereux. C&rsquo;\u00e9tait compliqu\u00e9 avec la pluie qu&rsquo;il y avait autour de la piste. C&rsquo;est toujours la question : est-ce que l&rsquo;on aurait d\u00fb partir dix minutes plus t\u00f4t ou dix minutes plus tard ? Je pense que la finalit\u00e9 c&rsquo;est que, pour nous les pilotes dans la voiture, quand on prend le d\u00e9part \u00e0 300 [km\/h] sur cette piste, connaissant les pr\u00e9c\u00e9dents, il vaut mieux partir dix minutes trop tard que trop t\u00f4t. Je pense qu&rsquo;ils ont fait le bon choix en terme de s\u00e9curit\u00e9.\u00a0\u00bb<\/p>\n<p>   <img decoding=\"async\" draggable=\"false\" src=\"https:\/\/www.europesays.com\/fr\/wp-content\/uploads\/2025\/07\/1753690991_396_pierre-gasly-alpine.jpg\" alt=\"Pierre Gasly, Alpine\" width=\"1200\" height=\"800\" loading=\"lazy\"\/> <\/p>\n<p class=\"title\">Pierre Gasly, Alpine<\/p>\n<p class=\"photographer\">Photo by: Sam Bloxham \/ LAT Images via Getty Images<\/p>\n<p><strong><a href=\"https:\/\/fr.motorsport.com\/driver\/liam-lawson\/826061\/\" target=\"_blank\" rel=\"noopener\">Liam Lawson<\/a> :<\/strong> \u00ab\u00a0Honn\u00eatement, je pense que le timing \u00e9tait parfait. Nous avons fait quelques tours derri\u00e8re la voiture de s\u00e9curit\u00e9, les conditions s&rsquo;am\u00e9lioraient et je pense sinc\u00e8rement que c&rsquo;\u00e9tait le bon moment pour lancer la course. Les projections d&rsquo;eau sont toujours importantes en Formule 1, mais je ne pense pas qu&rsquo;il y ait eu d&rsquo;accident ou quoi que ce soit de ce genre. Pour nous, en tout cas l\u00e0 o\u00f9 je me trouvais, c&rsquo;\u00e9tait correct.\u00a0\u00bb<\/p>\n<p><strong><a href=\"https:\/\/fr.motorsport.com\/driver\/esteban-ocon\/95096\/\" target=\"_blank\" rel=\"noopener\">Esteban Ocon<\/a> :<\/strong> \u00ab\u00a0La FIA a vraiment fait du bon travail en veillant sur nous. Je pense qu&rsquo;ils ont pris la bonne d\u00e9cision en d\u00e9marrant au bon moment.\u00a0\u00bb<\/p>\n<p><strong><a href=\"https:\/\/fr.motorsport.com\/driver\/oscar-piastri\/835356\/\" target=\"_blank\" rel=\"noopener\">Oscar\u00a0Piastri<\/a> :<\/strong> \u00ab\u00a0Ces derni\u00e8res ann\u00e9es, ici en particulier, nous avons fait savoir \u00e0 la FIA que nous pr\u00e9f\u00e9rions jouer la carte de la s\u00e9curit\u00e9 plut\u00f4t que de prendre des risques. Et je pense que c&rsquo;est ce que nous avons fait aujourd&rsquo;hui. Si l&rsquo;on veut vraiment chipoter, on aurait peut-\u00eatre pu faire un tour de formation de moins. Mais dans l&rsquo;ensemble, si c&rsquo;est un tour trop t\u00f4t, est-ce que cela en vaut la peine ? Non.\u00a0\u00bb<\/p>\n<p>\u00ab\u00a0De plus, nous trois [les trois pilotes sur le podium, Piastri, <a href=\"https:\/\/fr.motorsport.com\/driver\/lando-norris\/289708\/\" target=\"_blank\" rel=\"noopener\">Lando Norris<\/a> et <a href=\"https:\/\/fr.motorsport.com\/driver\/charles-leclerc\/109632\/\" target=\"_blank\" rel=\"noopener\">Charles Leclerc<\/a>] sommes les moins bien plac\u00e9s pour r\u00e9pondre \u00e0 cette question, car nous avons le moins de voitures devant nous. Donc oui, pour quelqu&rsquo;un qui se trouve \u00e0 l&rsquo;arri\u00e8re&#8230; La premi\u00e8re fois que nous avons essay\u00e9 de prendre le d\u00e9part, m\u00eame pour moi qui n&rsquo;avais que Lando devant, je ne voyais rien. Vous pouvez donc imaginer ce que peuvent ressentir les pilotes \u00e0 l&rsquo;arri\u00e8re. C&rsquo;est toujours difficile \u00e0 g\u00e9rer,\u00a0car les pilotes \u00e0 l&rsquo;avant ont la vie plus facile que ceux \u00e0 l&rsquo;arri\u00e8re.\u00a0\u00bb<\/p>\n<p><strong><a href=\"https:\/\/fr.motorsport.com\/driver\/yuki-tsunoda\/828578\/\" target=\"_blank\" rel=\"noopener\">Yuki Tsunoda<\/a> :<\/strong> \u00ab\u00a0Bonne d\u00e9cision.\u00a0\u00bb<\/p>\n<p>   <img decoding=\"async\" draggable=\"false\" src=\"https:\/\/www.europesays.com\/fr\/wp-content\/uploads\/2025\/07\/1753690991_810_lando-norris-mclaren-oscar-pia.jpg\" alt=\"Oscar Piastri devant Lando Norris.\" width=\"1200\" height=\"800\" loading=\"lazy\"\/> <\/p>\n<p class=\"title\">Oscar Piastri devant Lando Norris.<\/p>\n<p class=\"photographer\">Photo de: Michael Potts \/ Motorsport Images<\/p>\n<p>Un d\u00e9part un peu tardif, mais rien de grave<\/p>\n<p><strong><a href=\"https:\/\/fr.motorsport.com\/driver\/franco-colapinto\/875918\/\" target=\"_blank\" rel=\"noopener\">Franco Colapinto<\/a> :<\/strong> \u00ab\u00a0Je pense que c&rsquo;est d\u00e9licat pour la FIA. \u00c0 Silverstone, les [gens] disaient que la piste \u00e9tait trop mouill\u00e9e, et maintenant qu&rsquo;elle est trop s\u00e8che. C&rsquo;est compliqu\u00e9 pour eux, je pense. C&rsquo;est tr\u00e8s difficile \u00e0 juger avant que les voitures ne sortent en piste. Je pense que la piste \u00e9tait trop mouill\u00e9e lorsqu&rsquo;ils ont brandi le drapeau rouge. Mais peut-\u00eatre \u00e9tait-il d\u00e9j\u00e0 trop tard ensuite. Je n&rsquo;ai pas vraiment de r\u00e9ponse. Bien s\u00fbr, nous allons discuter pour essayer de comprendre si nous aurions d\u00fb partir plus t\u00f4t ou non.\u00a0\u00bb<\/p>\n<p><strong><a href=\"https:\/\/fr.motorsport.com\/driver\/isack-hadjar\/876622\/\" target=\"_blank\" rel=\"noopener\">Isack Hadjar<\/a> :<\/strong> \u00ab\u00a0Nous avons boucl\u00e9 44 tours. La course a \u00e9t\u00e9 bien g\u00e9r\u00e9e. La visibilit\u00e9 \u00e9tait excellente lorsque nous avons repris. Nous aurions peut-\u00eatre pu prendre moins de marge, mais c&rsquo;\u00e9tait vraiment bien g\u00e9r\u00e9 dans l&rsquo;ensemble.\u00a0\u00bb<\/p>\n<p>Lire aussi :<\/p>\n<p><strong><a href=\"https:\/\/fr.motorsport.com\/driver\/lewis-hamilton\/76878\/\" target=\"_blank\" rel=\"noopener\">Lewis Hamilton<\/a> :<\/strong> \u00ab\u00a0Je dirais que nous avons clairement pris le d\u00e9part un peu trop tard. Je n&rsquo;arr\u00eatais pas de crier &lsquo;On peut y aller, on peut y aller&rsquo;, mais ils continuaient \u00e0 nous faire tourner en rond. Je pense qu&rsquo;ils ont probablement r\u00e9agi de mani\u00e8re excessive apr\u00e8s la derni\u00e8re course, o\u00f9 nous leur avions demand\u00e9 de ne pas red\u00e9marrer trop t\u00f4t en raison de la mauvaise visibilit\u00e9. Ce week-end, ils sont all\u00e9s un peu trop loin dans l&rsquo;autre sens, car nous n&rsquo;avions pas besoin d&rsquo;un d\u00e9part lanc\u00e9.\u00a0\u00bb<\/p>\n<p>\u00ab\u00a0Je pense qu&rsquo;ils ont quand m\u00eame fait du bon travail. Bien s\u00fbr, nous avons manqu\u00e9 une partie de la course sous une pluie battante, ce qui aurait \u00e9t\u00e9 sympa. Mais pour je ne sais quelle raison, les projections d&rsquo;eau ici, du moins cette ann\u00e9e, donnent l&rsquo;impression de rouler dans le brouillard. Je ne sais pas ce que nous allons faire pour essayer d&rsquo;y rem\u00e9dier.\u00a0\u00bb<\/p>\n<p>   <img decoding=\"async\" draggable=\"false\" src=\"https:\/\/www.europesays.com\/fr\/wp-content\/uploads\/2025\/07\/1753690992_934_lewis-hamilton-ferrari.jpg\" alt=\"Lewis Hamilton, Ferrari\" width=\"1200\" height=\"800\" loading=\"lazy\"\/> <\/p>\n<p class=\"title\">Lewis Hamilton, Ferrari<\/p>\n<p class=\"photographer\">Photo by: Peter Fox \/ Getty Images<\/p>\n<p><strong>Charles Leclerc :<\/strong> \u00ab\u00a0Je pense que c&rsquo;est toujours une question de juste \u00e9quilibre. Je dois dire que sur un circuit comme celui-ci, compte tenu de son histoire, je pense qu&rsquo;on ne peut pas faire abstraction. C&rsquo;est pourquoi je pr\u00e9f\u00e8re jouer la carte de la s\u00e9curit\u00e9 plut\u00f4t que de prendre des risques pr\u00e9matur\u00e9s. Encore une fois, je pense que c&rsquo;est un d\u00e9bat permanent et que ceux qui ont pris cette d\u00e9cision se diront probablement qu&rsquo;ils ont peut-\u00eatre agi un peu tard, mais je n&rsquo;aurais rien chang\u00e9.\u00a0\u00bb<\/p>\n<p><strong><a href=\"https:\/\/fr.motorsport.com\/driver\/carlos-sainz-jr\/91450\/\" target=\"_blank\" rel=\"noopener\">Carlos Sainz<\/a> :<\/strong> \u00ab\u00a0Sur un circuit normal, oui, je pense que nous aurions pu partir peut-\u00eatre 5 \u00e0 10 minutes plus t\u00f4t. \u00c0 Spa-Francorchamps, compte tenu de l&rsquo;histoire de ce circuit, mieux vaut pr\u00e9venir que gu\u00e9rir. Vous avez pu avoir une course compl\u00e8te, vous avez pu la regarder dans son int\u00e9gralit\u00e9, donc je ne pense pas que ce soit une mauvaise d\u00e9cision. [C&rsquo;\u00e9tait] une d\u00e9cision prudente, mais mes respects au directeur de course [Rui Marques], car il nous avait dit apr\u00e8s Silverstone et les accidents qui s&rsquo;y \u00e9taient produits qu&rsquo;il serait plus prudent ici, et c&rsquo;est ce qu&rsquo;il a fait. Il vaut mieux \u00eatre prudent que d&rsquo;avoir un accident et d&rsquo;avoir des regrets.\u00a0\u00bb<\/p>\n<p>Le d\u00e9part a \u00e9t\u00e9 donn\u00e9 trop tard<\/p>\n<p><strong><a href=\"https:\/\/fr.motorsport.com\/driver\/alexander-albon\/109635\/\" target=\"_blank\" rel=\"noopener\">Alex Albon<\/a> :<\/strong>\u00a0\u00ab\u00a0Je pense [que \u00e7a aurait pu commencer plus t\u00f4t]. Quand on a vraiment commenc\u00e9, c&rsquo;\u00e9tait presque des [conditions pour les] pneus slicks. Je ne sais pas si \u00e7a aurait chang\u00e9 grand-chose. Peut-\u00eatre que \u00e7a aurait rendu la course un peu plus excitante, avec un peu plus de roulage sous la pluie.\u00a0\u00bb<\/p>\n<p><strong><a href=\"https:\/\/fr.motorsport.com\/driver\/max-verstappen\/93029\/\" target=\"_blank\" rel=\"noopener\">Max Verstappen<\/a> :<\/strong> \u00ab\u00a0Bien s\u00fbr, apr\u00e8s Silverstone, on a discut\u00e9 du fait d&rsquo;\u00eatre un peu plus prudents dans les d\u00e9cisions [de la direction de course], mais l\u00e0, c&rsquo;\u00e9tait l&rsquo;extr\u00eame inverse pour moi. [&#8230;] Ils ne nous ont pas autoris\u00e9s \u00e0 courir sur piste mouill\u00e9e.\u00a0\u00bb<\/p>\n<p>Lire aussi :<\/p>\n<p>\u00ab\u00a0[J&rsquo;aurais aim\u00e9 un d\u00e9part \u00e0] 15h pile. Il ne pleuvait m\u00eame pas. Et bien s\u00fbr, entre les virages 1 et 5, il y avait pas mal d&rsquo;eau, mais avec deux tours derri\u00e8re la voiture de s\u00e9curit\u00e9, cela aurait \u00e9t\u00e9 beaucoup plus d\u00e9gag\u00e9. Et le reste de la piste \u00e9tait de toute fa\u00e7on praticable. C&rsquo;est un peu dommage.\u00a0\u00bb<\/p>\n<p>\u00ab\u00a0Bien s\u00fbr, je savais qu&rsquo;il y aurait un peu plus de prudence qu&rsquo;\u00e0 Silverstone, mais \u00e7a n&rsquo;avait pas de sens. Dans ce cas, il vaut mieux dire : &lsquo;\u00c9coutez, attendons que la piste soit compl\u00e8tement s\u00e8che et on partira en slicks&rsquo;, parce que pour moi, ce ne sont pas vraiment des conditions de course sur piste humide.\u00a0\u00bb<\/p>\n<p>   <img decoding=\"async\" draggable=\"false\" src=\"https:\/\/www.europesays.com\/fr\/wp-content\/uploads\/2025\/07\/1753690992_934_max-verstappen-red-bull-racing.jpg\" alt=\"Max Verstappen (Red Bull)\" width=\"1200\" height=\"800\" loading=\"lazy\"\/> <\/p>\n<p class=\"title\">Max Verstappen (Red Bull)<\/p>\n<p class=\"photographer\">Photo de: Simon Wohlfahrt \/ AFP via Getty Images<\/p>\n<p>Dans cet article<\/p>\n<p>Soyez le premier inform\u00e9 et souscrivez aux alertes mails pour recevoir les infos en temps r\u00e9el<\/p>\n<p>    S&rsquo;abonner aux alertes de news<\/p>\n","protected":false},"excerpt":{"rendered":"\u00a0 C&rsquo;\u00e9tait la bonne d\u00e9cision Fernando Alonso\u00a0: \u00ab\u00a0Nous savons que la s\u00e9curit\u00e9 est une priorit\u00e9, nous en avons&hellip;\n","protected":false},"author":2,"featured_media":279145,"comment_status":"","ping_status":"","sticky":false,"template":"","format":"standard","meta":{"footnotes":""},"categories":[9],"tags":[1454,1011,27,38196,19528,60],"class_list":{"0":"post-279144","1":"post","2":"type-post","3":"status-publish","4":"format-standard","5":"has-post-thumbnail","7":"category-sports","8":"tag-formule-1","9":"tag-fr","10":"tag-france","11":"tag-gp-de-belgique","12":"tag-spa-francorchamps","13":"tag-sports"},"share_on_mastodon":{"url":"https:\/\/pubeurope.com\/@fr\/114929900299087605","error":""},"_links":{"self":[{"href":"https:\/\/www.europesays.com\/fr\/wp-json\/wp\/v2\/posts\/279144","targetHints":{"allow":["GET"]}}],"collection":[{"href":"https:\/\/www.europesays.com\/fr\/wp-json\/wp\/v2\/posts"}],"about":[{"href":"https:\/\/www.europesays.com\/fr\/wp-json\/wp\/v2\/types\/post"}],"author":[{"embeddable":true,"href":"https:\/\/www.europesays.com\/fr\/wp-json\/wp\/v2\/users\/2"}],"replies":[{"embeddable":true,"href":"https:\/\/www.europesays.com\/fr\/wp-json\/wp\/v2\/comments?post=279144"}],"version-history":[{"count":0,"href":"https:\/\/www.europesays.com\/fr\/wp-json\/wp\/v2\/posts\/279144\/revisions"}],"wp:featuredmedia":[{"embeddable":true,"href":"https:\/\/www.europesays.com\/fr\/wp-json\/wp\/v2\/media\/279145"}],"wp:attachment":[{"href":"https:\/\/www.europesays.com\/fr\/wp-json\/wp\/v2\/media?parent=279144"}],"wp:term":[{"taxonomy":"category","embeddable":true,"href":"https:\/\/www.europesays.com\/fr\/wp-json\/wp\/v2\/categories?post=279144"},{"taxonomy":"post_tag","embeddable":true,"href":"https:\/\/www.europesays.com\/fr\/wp-json\/wp\/v2\/tags?post=279144"}],"curies":[{"name":"wp","href":"https:\/\/api.w.org\/{rel}","templated":true}]}}