{"id":27915,"date":"2025-04-15T23:59:34","date_gmt":"2025-04-15T23:59:34","guid":{"rendered":"https:\/\/www.europesays.com\/fr\/27915\/"},"modified":"2025-04-15T23:59:34","modified_gmt":"2025-04-15T23:59:34","slug":"nominations-celine-darie-geoffrey-lavielle-johanna-ambil-les-mouvements-du-jour","status":"publish","type":"post","link":"https:\/\/www.europesays.com\/fr\/27915\/","title":{"rendered":"Nominations. C\u00e9line Darie, Geoffrey Lavielle, Johanna Ambil&#8230; : les mouvements du jour"},"content":{"rendered":"<p>  &#13;<br \/>\n      <a href=\"https:\/\/cdn-s-www.ledauphine.com\/images\/856b8e9a-caaa-484a-af16-43ed0b47eafb\/NW_raw\/avec-nomination-premier-service-d-informations-sur-les-decideurs-en-france-de-veille-strategique-et-de-mise-en-relation-business-to-business-1744289595.jpg\" title=\"Avec Nomination, premier service d&#039;informations sur les d\u00e9cideurs en France, de veille strat\u00e9gique et de mise en relation Business-to-Business.\" class=\"chocolat-image GA-tracking\" data-ga_type=\"click\" data-ga_category=\"D\u00e9tail\" data-ga_action=\"zoomer\" data-ga_label=\"agrandir image\" target=\"_blank\" rel=\"noopener\">&#13;<br \/>\n          <img loading=\"lazy\" decoding=\"async\" src=\"https:\/\/www.europesays.com\/fr\/wp-content\/uploads\/2025\/04\/avec-nomination-premier-service-d-informations-sur-les-decideurs-en-france-de-veille-strategique-et-.jpeg\" data-mobile=\"NW_listC_M|1744289595\" data-base=\"NW_listC|1744289595\" alt=\"Avec Nomination, premier service d'informations sur les d\u00e9cideurs en France, de veille strat\u00e9gique et de mise en relation Business-to-Business.\"\/>&#13;<br \/>\n      <\/a>&#13;<br \/>\n              Avec Nomination, premier service d&rsquo;informations sur les d\u00e9cideurs en France, de veille strat\u00e9gique et de mise en relation Business-to-Business.&#13;<\/p>\n<p>  <strong>Is\u00e8re\u00a0: C\u00e9line Darie r\u00e9\u00e9lue directrice de Polytech Grenoble \u2013 INP, UGA<\/strong><\/p>\n<p>C\u00e9line Darie a \u00e9t\u00e9 r\u00e9\u00e9lue il y a quelques semaines pour cinq ans en qualit\u00e9 de directrice de l\u2019\u00e9cole d\u2019ing\u00e9nieurs Polytech Grenoble \u2013 INP, UGA. Pour son nouveau mandat, elle se fixe notamment objectif de faire de l\u2019\u00e9cole un lieu de travail, de vie et d\u2019apprentissage, ou encore de de r\u00e9pondre aux d\u00e9fis soci\u00e9taux et environnementaux dans une d\u00e9marche r\u00e9g\u00e9n\u00e9rative.<\/p>\n<p>C\u00e9line Darie est dipl\u00f4m\u00e9e de l\u2019ENSCMu et titulaire d\u2019un doctorat obtenu \u00e0 l\u2019Universit\u00e9 de Haute-Alsace. Elle a int\u00e9gr\u00e9 Polytech Grenoble en 1996. Avant de prendre la direction de l\u2019\u00e9cole en 2020, C\u00e9line Darie a notamment \u00e9t\u00e9 directrice adjointe du d\u00e9partement Physique Lumi\u00e8re Mati\u00e8re entre 2016 et 2020. Depuis 2023, elle assure la Coordination adjointe du r\u00e9seau Polytech, et est \u00e9galement depuis 2024 la pr\u00e9sidente de la SCIC Axel, acc\u00e9l\u00e9rateur industriel d\u00e9di\u00e9 aux start-up medtech.<\/p>\n","protected":false},"excerpt":{"rendered":"&#13; &#13; &#13; &#13; Avec Nomination, premier service d&rsquo;informations sur les d\u00e9cideurs en France, de veille strat\u00e9gique et&hellip;\n","protected":false},"author":2,"featured_media":27916,"comment_status":"","ping_status":"","sticky":false,"template":"","format":"standard","meta":{"footnotes":""},"categories":[9566],"tags":[1111,11,2430,9810,33,1777,674,1011,27,2731,12,9350,25,216],"class_list":{"0":"post-27915","1":"post","2":"type-post","3":"status-publish","4":"format-standard","5":"has-post-thumbnail","7":"category-grenoble","8":"tag-actu","9":"tag-actualites","10":"tag-auvergne-rhone-alpes","11":"tag-direct-entreprises","12":"tag-economie","13":"tag-eu","14":"tag-europe","15":"tag-fr","16":"tag-france","17":"tag-grenoble","18":"tag-news","19":"tag-nominations","20":"tag-republique-francaise","21":"tag-vie-des-entreprises"},"share_on_mastodon":{"url":"https:\/\/pubeurope.com\/@fr\/114344700459384290","error":""},"_links":{"self":[{"href":"https:\/\/www.europesays.com\/fr\/wp-json\/wp\/v2\/posts\/27915","targetHints":{"allow":["GET"]}}],"collection":[{"href":"https:\/\/www.europesays.com\/fr\/wp-json\/wp\/v2\/posts"}],"about":[{"href":"https:\/\/www.europesays.com\/fr\/wp-json\/wp\/v2\/types\/post"}],"author":[{"embeddable":true,"href":"https:\/\/www.europesays.com\/fr\/wp-json\/wp\/v2\/users\/2"}],"replies":[{"embeddable":true,"href":"https:\/\/www.europesays.com\/fr\/wp-json\/wp\/v2\/comments?post=27915"}],"version-history":[{"count":0,"href":"https:\/\/www.europesays.com\/fr\/wp-json\/wp\/v2\/posts\/27915\/revisions"}],"wp:featuredmedia":[{"embeddable":true,"href":"https:\/\/www.europesays.com\/fr\/wp-json\/wp\/v2\/media\/27916"}],"wp:attachment":[{"href":"https:\/\/www.europesays.com\/fr\/wp-json\/wp\/v2\/media?parent=27915"}],"wp:term":[{"taxonomy":"category","embeddable":true,"href":"https:\/\/www.europesays.com\/fr\/wp-json\/wp\/v2\/categories?post=27915"},{"taxonomy":"post_tag","embeddable":true,"href":"https:\/\/www.europesays.com\/fr\/wp-json\/wp\/v2\/tags?post=27915"}],"curies":[{"name":"wp","href":"https:\/\/api.w.org\/{rel}","templated":true}]}}