{"id":27917,"date":"2025-04-16T00:00:24","date_gmt":"2025-04-16T00:00:24","guid":{"rendered":"https:\/\/www.europesays.com\/fr\/27917\/"},"modified":"2025-04-16T00:00:24","modified_gmt":"2025-04-16T00:00:24","slug":"un-rat-penetre-dans-sa-chambre-par-le-conduit-daeration-2","status":"publish","type":"post","link":"https:\/\/www.europesays.com\/fr\/27917\/","title":{"rendered":"Un rat p\u00e9n\u00e8tre dans sa chambre par le conduit d\u2019a\u00e9ration"},"content":{"rendered":"<p>Depuis le d\u00e9but du mois d\u2019avril, certains locataires du bailleur social Pluralis \u00e0 la caserne de Bonne, \u00e0 <a href=\"https:\/\/www.20minutes.fr\/grenoble\/\" class=\"color-ultramarine c-link\" target=\"_blank\" rel=\"noopener\">Grenoble<\/a> (<a href=\"https:\/\/www.20minutes.fr\/societe\/isere\/\" class=\"color-ultramarine c-link\" target=\"_blank\" rel=\"noopener\">Is\u00e8re<\/a>), vivent dans la psychose. Et pour cause, selon <a href=\"https:\/\/www.francebleu.fr\/infos\/societe\/grenoble-des-rats-dans-les-aerations-des-logements-sociaux-7081715\" target=\"_blank\" class=\"color-ultramarine c-link\" rel=\"noopener\">Ici Is\u00e8re<\/a>, un adolescent s\u2019est retrouv\u00e9 nez \u00e0 nez avec <a href=\"https:\/\/www.20minutes.fr\/dossier\/rats\" class=\"color-ultramarine c-link\" target=\"_blank\" rel=\"noopener\">un rat<\/a>, en pleine nuit, alors qu\u2019il \u00e9tait dans la chambre de son appartement.<\/p>\n<p>Les locataires ont signal\u00e9 la pr\u00e9sence de rongeurs, par mail, \u00e0 Ici Is\u00e8re. Selon eux, la prolif\u00e9ration des rats dans les appartements est notamment due \u00e0 leur pr\u00e9sence dans les conduits d\u2019a\u00e9ration. Plus pr\u00e9cis\u00e9ment, c\u2019est par les VMC des chambres que les animaux tentent d\u2019atteindre les logements.<\/p>\n<p>Op\u00e9ration de d\u00e9ratisation<\/p>\n<p>La sonnette d\u2019alarme a \u00e9t\u00e9 tir\u00e9e lorsqu\u2019un adolescent a \u00e9t\u00e9 r\u00e9veill\u00e9 par un rat qui voulait p\u00e9n\u00e9trer dans sa chambre en pleine nuit. Le jeune homme \u00e0 peine majeur a alors sorti son smartphone pour filmer la sc\u00e8ne et avoir une preuve. Il a ensuite fui dans son salon, pour \u00ab\u00a0se mettre \u00e0 l\u2019abri\u00a0\u00bb.<\/p>\n<p>Deux jours plus tard, une entreprise de d\u00e9ratisation a \u00e9t\u00e9 d\u00e9p\u00each\u00e9e par le bailleur \u00e0 la caserne de Bonne afin de r\u00e9soudre ce probl\u00e8me. Des grilles en pied d\u2019immeuble, afin d\u2019\u00e9viter que les rongeurs ne puissent monter, et des pi\u00e8ges ont \u00e9t\u00e9 install\u00e9s.<\/p>\n","protected":false},"excerpt":{"rendered":"Depuis le d\u00e9but du mois d\u2019avril, certains locataires du bailleur social Pluralis \u00e0 la caserne de Bonne, \u00e0&hellip;\n","protected":false},"author":2,"featured_media":27918,"comment_status":"","ping_status":"","sticky":false,"template":"","format":"standard","meta":{"footnotes":""},"categories":[9566],"tags":[1111,47,11,1867,2430,1777,674,118,1011,27,2731,108,12,9811,25,2431],"class_list":{"0":"post-27917","1":"post","2":"type-post","3":"status-publish","4":"format-standard","5":"has-post-thumbnail","7":"category-grenoble","8":"tag-actu","9":"tag-actualite","10":"tag-actualites","11":"tag-animaux","12":"tag-auvergne-rhone-alpes","13":"tag-eu","14":"tag-europe","15":"tag-faits-divers","16":"tag-fr","17":"tag-france","18":"tag-grenoble","19":"tag-isere","20":"tag-news","21":"tag-rat","22":"tag-republique-francaise","23":"tag-rhone-alpes"},"share_on_mastodon":{"url":"https:\/\/pubeurope.com\/@fr\/114344704301210094","error":""},"_links":{"self":[{"href":"https:\/\/www.europesays.com\/fr\/wp-json\/wp\/v2\/posts\/27917","targetHints":{"allow":["GET"]}}],"collection":[{"href":"https:\/\/www.europesays.com\/fr\/wp-json\/wp\/v2\/posts"}],"about":[{"href":"https:\/\/www.europesays.com\/fr\/wp-json\/wp\/v2\/types\/post"}],"author":[{"embeddable":true,"href":"https:\/\/www.europesays.com\/fr\/wp-json\/wp\/v2\/users\/2"}],"replies":[{"embeddable":true,"href":"https:\/\/www.europesays.com\/fr\/wp-json\/wp\/v2\/comments?post=27917"}],"version-history":[{"count":0,"href":"https:\/\/www.europesays.com\/fr\/wp-json\/wp\/v2\/posts\/27917\/revisions"}],"wp:featuredmedia":[{"embeddable":true,"href":"https:\/\/www.europesays.com\/fr\/wp-json\/wp\/v2\/media\/27918"}],"wp:attachment":[{"href":"https:\/\/www.europesays.com\/fr\/wp-json\/wp\/v2\/media?parent=27917"}],"wp:term":[{"taxonomy":"category","embeddable":true,"href":"https:\/\/www.europesays.com\/fr\/wp-json\/wp\/v2\/categories?post=27917"},{"taxonomy":"post_tag","embeddable":true,"href":"https:\/\/www.europesays.com\/fr\/wp-json\/wp\/v2\/tags?post=27917"}],"curies":[{"name":"wp","href":"https:\/\/api.w.org\/{rel}","templated":true}]}}