{"id":279174,"date":"2025-07-28T08:41:09","date_gmt":"2025-07-28T08:41:09","guid":{"rendered":"https:\/\/www.europesays.com\/fr\/279174\/"},"modified":"2025-07-28T08:41:09","modified_gmt":"2025-07-28T08:41:09","slug":"pres-de-grenoble-un-homme-se-jette-volontairement-du-balcon-de-son-appartement-en-pleine-nuit","status":"publish","type":"post","link":"https:\/\/www.europesays.com\/fr\/279174\/","title":{"rendered":"Pr\u00e8s de Grenoble. Un homme se jette volontairement du balcon de son appartement en pleine nuit"},"content":{"rendered":"<p>            Par<br \/>\n        <strong><br \/>\n            <a href=\"https:\/\/actu.fr\/auteur\/lisa-rodrigues\" title=\"Consulter tous les articles de Lisa Rodrigues\" rel=\"nofollow noopener\" target=\"_blank\">Lisa Rodrigues<\/a><br \/>\n        <\/strong><\/p>\n<p>        Publi\u00e9 le<\/p>\n<p>            28 juil. 2025 \u00e0 9h42        <\/p>\n<p>L\u2019incident s\u2019est produit dimanche 27 juillet peu apr\u00e8s 23h30, au 14 rue Albert-Londres \u00e0 <a href=\"https:\/\/actu.fr\/auvergne-rhone-alpes\/echirolles_38151\" rel=\"nofollow noopener\" target=\"_blank\">\u00c9chirolles<\/a>, pr\u00e8s de <a href=\"https:\/\/actu.fr\/auvergne-rhone-alpes\/grenoble_38185\" rel=\"nofollow noopener\" target=\"_blank\">Grenoble<\/a>.<\/p>\n<p>    <a href=\"https:\/\/www.google.com\/maps\/embed?pb=!1m18!1m12!1m3!1d2813.957295211272!2d5.720760620691291!3d45.14746145027394!2m3!1f0!2f0!3f0!3m2!1i1024!2i768!4f13.1!3m3!1m2!1s0x478a8b489b74fb4d%3A0x788725a09e7266cd!2s14%20Rue%20Albert%20Londres%2C%2038130%20%C3%89chirolles!5e0!3m2!1sfr!2sfr!4v1753686479016!5m2!1sfr!2sfr\" title=\"Ouvrie le lien\" rel=\"nofollow noopener\" target=\"_blank\">Cliquez ici pour visualiser le contenu<\/a><\/p>\n<p class=\" wall-content\">Les secours y ont pris en charge un jeune homme majeur qui se serait, selon les forces de l\u2019ordre, <strong>volontairement jet\u00e9 du balcon<\/strong> de son immeuble avant d\u2019atterrir sur la voie publique.<\/p>\n<p>La victime souffre d\u2019une fracture<\/p>\n<p class=\" wall-content\">La chute n\u2019ayant eu lieu que depuis le premier \u00e9tage du b\u00e2timent, le jeune homme s\u2019en est sorti sans blessure grave visible. Les secours sur place lui ont d\u00e9tect\u00e9 une fracture de la mall\u00e9ole, mais il a toutefois \u00e9t\u00e9 transport\u00e9 au <a href=\"https:\/\/actu.fr\/tag\/chu-grenoble-alpes\" rel=\"nofollow noopener\" target=\"_blank\">CHU Grenoble-Alpes<\/a>, sans pronostic vital engag\u00e9, pour plus d\u2019examens.<\/p>\n<p class=\" wall-content\">La victime \u00e9tait \u00e9galement sous <strong>l\u2019emprise de l\u2019alcool et de produits stup\u00e9fiants<\/strong>, et \u00e9tait seule dans l\u2019appartement au moment de sa chute.<\/p>\n<p class=\" wall-content\">Suivez toute l\u2019actualit\u00e9 de vos villes et m\u00e9dias favoris en vous inscrivant \u00e0 <a href=\"https:\/\/moncompte.actu.fr\" title=\"D\u00e9couvez Mon Actu\" rel=\"nofollow noopener\" data-trk=\"{&quot;cta&quot;:{&quot;action&quot;:&quot;https:\\\/\\\/moncompte.actu.fr&quot;,&quot;category&quot;:&quot;mon compte&quot;,&quot;from&quot;:&quot;article footer&quot;,&quot;name&quot;:&quot;Mon actu&quot;,&quot;type&quot;:&quot;cta&quot;}}\" target=\"_blank\">Mon Actu<\/a>.<\/p>\n","protected":false},"excerpt":{"rendered":"Par Lisa Rodrigues Publi\u00e9 le 28 juil. 2025 \u00e0 9h42 L\u2019incident s\u2019est produit dimanche 27 juillet peu apr\u00e8s&hellip;\n","protected":false},"author":2,"featured_media":279175,"comment_status":"","ping_status":"","sticky":false,"template":"","format":"standard","meta":{"footnotes":""},"categories":[9566],"tags":[1111,11,2430,1777,674,118,1011,27,2731,12,1311,25],"class_list":{"0":"post-279174","1":"post","2":"type-post","3":"status-publish","4":"format-standard","5":"has-post-thumbnail","7":"category-grenoble","8":"tag-actu","9":"tag-actualites","10":"tag-auvergne-rhone-alpes","11":"tag-eu","12":"tag-europe","13":"tag-faits-divers","14":"tag-fr","15":"tag-france","16":"tag-grenoble","17":"tag-news","18":"tag-pompiers","19":"tag-republique-francaise"},"share_on_mastodon":{"url":"https:\/\/pubeurope.com\/@fr\/114929970937068230","error":""},"_links":{"self":[{"href":"https:\/\/www.europesays.com\/fr\/wp-json\/wp\/v2\/posts\/279174","targetHints":{"allow":["GET"]}}],"collection":[{"href":"https:\/\/www.europesays.com\/fr\/wp-json\/wp\/v2\/posts"}],"about":[{"href":"https:\/\/www.europesays.com\/fr\/wp-json\/wp\/v2\/types\/post"}],"author":[{"embeddable":true,"href":"https:\/\/www.europesays.com\/fr\/wp-json\/wp\/v2\/users\/2"}],"replies":[{"embeddable":true,"href":"https:\/\/www.europesays.com\/fr\/wp-json\/wp\/v2\/comments?post=279174"}],"version-history":[{"count":0,"href":"https:\/\/www.europesays.com\/fr\/wp-json\/wp\/v2\/posts\/279174\/revisions"}],"wp:featuredmedia":[{"embeddable":true,"href":"https:\/\/www.europesays.com\/fr\/wp-json\/wp\/v2\/media\/279175"}],"wp:attachment":[{"href":"https:\/\/www.europesays.com\/fr\/wp-json\/wp\/v2\/media?parent=279174"}],"wp:term":[{"taxonomy":"category","embeddable":true,"href":"https:\/\/www.europesays.com\/fr\/wp-json\/wp\/v2\/categories?post=279174"},{"taxonomy":"post_tag","embeddable":true,"href":"https:\/\/www.europesays.com\/fr\/wp-json\/wp\/v2\/tags?post=279174"}],"curies":[{"name":"wp","href":"https:\/\/api.w.org\/{rel}","templated":true}]}}