{"id":279182,"date":"2025-07-28T08:48:22","date_gmt":"2025-07-28T08:48:22","guid":{"rendered":"https:\/\/www.europesays.com\/fr\/279182\/"},"modified":"2025-07-28T08:48:22","modified_gmt":"2025-07-28T08:48:22","slug":"harry-potter-la-vie-devant-soi-invitee-du-festival-des-mots-alice-taglioni-nous-parle-de-ses-livres-preferes","status":"publish","type":"post","link":"https:\/\/www.europesays.com\/fr\/279182\/","title":{"rendered":"\u00ab\u00a0Harry Potter\u00a0\u00bb, \u00ab\u00a0La Vie devant soi\u00a0\u00bb&#8230; Invit\u00e9e du Festival des Mots, Alice Taglioni nous parle de ses livres pr\u00e9f\u00e9r\u00e9s"},"content":{"rendered":"<p>Nice, ville de soleil et de culture, a une place particuli\u00e8re dans le c\u0153ur d\u2019Alice Taglioni. L\u2019actrice, connue pour ses r\u00f4les au cin\u00e9ma, ses talents de pianiste ou encore pour sa plume d\u00e9licate (notamment avec Un papa vivant, 2023, \u00e9ditions Robert Laffont), \u00e9tait de passage \u00e0 P\u00e9one-Valberg, pour une lecture d\u2019extraits du roman de Jean Giono, Le Chant du monde, dans le cadre du Festival des Mots. Entre deux projets, l\u2019artiste cultive une relation intime avec la litt\u00e9rature, o\u00f9 le papier a encore une odeur, o\u00f9 les phrases s\u2019animent sous les doigts et o\u00f9 les grands classiques de la litt\u00e9rature c\u00f4toient les plaisirs coupables. Elle nous a donn\u00e9 rendez-vous \u00e0 Nice, \u00e0 son h\u00f4tel.<\/p>\n<p><strong>Nice semble \u00eatre une ville qui vous inspire. Pourquoi?<\/strong><\/p>\n<p>Nice, c\u2019est une ville o\u00f9 je pourrais vivre. Je suis tomb\u00e9e amoureuse d\u2019elle, il y a trois ans, pendant le tournage de Nice Girls. La M\u00e9diterran\u00e9e, les couleurs, la vieille ville, le m\u00e9lange des cultures\u2026 Tout cela me touche profond\u00e9ment. Et puis c\u2019est une ville jeune, dynamique, avec une gastronomie incroyable. Travailler ici, sous le soleil du mois de septembre et d\u2019octobre, c\u2019\u00e9tait un vrai bonheur.<\/p>\n<p><strong>Pour cette nouvelle \u00e9dition du Festival des Mots, vous (avez lu) un extrait du roman de Jean Giono, Le Chant du monde. Comment abordez-vous cet exercice?<\/strong><\/p>\n<p>Lire \u00e0 voix haute, c\u2019est une d\u00e9couverte ou une red\u00e9couverte. Quand je travaille un texte, j\u2019aime bien l\u2019\u00e9crire et le dire \u00e0 voix haute, \u00e7a me permet de mieux le comprendre. L\u2019an dernier, j\u2019avais \u00e9t\u00e9 frapp\u00e9e par l\u2019\u00e9coute du public, comme si on racontait une histoire \u00e0 un enfant. \u00c7a m\u2019a m\u00eame inspir\u00e9e \u00e0 jouer un peu les personnages. C\u2019est un moment de recueillement rare dans un monde o\u00f9 tout va si vite.<\/p>\n<p><strong>En 2023, vous sortez votre premier roman, Un papa vivant, dont l\u2019histoire est tr\u00e8s li\u00e9e \u00e0 la v\u00f4tre. Quel est votre rapport \u00e0 l\u2019\u00e9criture?<\/strong><\/p>\n<p>\u00c9trangement, la litt\u00e9rature n\u2019a pas toujours fait partie de mon quotidien. Mon approche est technique, parce que j\u2019\u00e9cris d\u2019abord des sc\u00e9narios. Le roman m\u2019a offert une libert\u00e9 incroyable, notamment pour explorer l\u2019imaginaire. Avec un livre, on peut tout se permettre, m\u00eame ce qui serait impossible \u00e0 filmer. C\u2019est sans limites, comme pour la composition d\u2019une musique.<\/p>\n<p><strong>En tant que lectrice, avez-vous des rituels?<\/strong><\/p>\n<p>Je pr\u00e9f\u00e8re le papier. J\u2019aime les marque-pages, les coins pli\u00e9s, les phrases surlign\u00e9es\u2026 Tout ce qui engage les sens. Par contre, sans mes lunettes, c\u2019est compliqu\u00e9. Je lis surtout la journ\u00e9e, quand j\u2019ai un moment, ou \u00e0 la plage, o\u00f9 le livre devient un refuge contre le soleil \u00e9blouissant.<\/p>\n<p><strong>Quel est le premier livre qui vous a marqu\u00e9e?<\/strong><\/p>\n<p>Mon bel oranger, de Jos\u00e9 Mauro de Vasconcelos, sans h\u00e9siter. C\u2019est le premier livre qui m\u2019a fait pleurer, rire et d\u00e9couvrir la puissance des \u00e9motions litt\u00e9raires. J\u2019ai recommand\u00e9 \u00e0 mes enfants de le lire, il n\u2019y en a pas un qui l\u2019a fait. (rires) Sinon, j\u2019ai \u00e9t\u00e9 boulevers\u00e9e par La Vie devant soi, de Romain Gary. Et j\u2019ai un petit faible pour les livres de Daphn\u00e9 du Maurier, qui gagneraient \u00e0 \u00eatre adapt\u00e9s.<\/p>\n<p><strong>En parlant d\u2019adaptation, laquelle est votre pr\u00e9f\u00e9r\u00e9e?<\/strong><\/p>\n<p>Harry Potter. J\u2019ai d\u00e9vor\u00e9 les livres et j\u2019ai ador\u00e9 voir les personnages prendre vie \u00e0 l\u2019\u00e9cran. M\u00eame si ce n\u2019est pas de la grande litt\u00e9rature, cette saga a un univers formidable. En revanche, pour Daphn\u00e9 du Maurier, j\u2019ai pr\u00e9f\u00e9r\u00e9 le livre au film d\u2019Alfred Hitchcock [L\u2019Auberge de la Jama\u00efque, ndlr]. Le myst\u00e8re du texte \u00e9tait trop puissant pour \u00eatre \u00e9gal\u00e9.<\/p>\n<p><strong>Et c\u00f4t\u00e9 plaisir coupable, avez-vous des livres que vous aimez en secret, sans vouloir forc\u00e9ment l\u2019avouer?<\/strong><\/p>\n<p>Mon p\u00e8re adorait les San-Antonio. Un jour, j&rsquo;en ai lu un, par pure curiosit\u00e9, et j\u2019ai trouv\u00e9 \u00e7a g\u00e9nial! Bien s\u00fbr, je n\u2019en parle pas trop, c\u2019est mon petit secret. Il y a quelque chose de jubilatoire dans ces histoires polici\u00e8res avec ce personnage d\u2019aventurier franchouillard. C\u2019est un peu un James Bond \u00e0 la fran\u00e7aise, mais en plus dr\u00f4le. D\u2019ailleurs, \u00e7a ferait une excellente adaptation!<\/p>\n<p><strong>Savoir+<\/strong><\/p>\n<p>Prochain rendez-vous au Festival des Mots, ce samedi 26 juillet, avec St\u00e9phane Freiss \u00e0 Saint-Etienne-de-Tin\u00e9e. Eglise, 21h. <a href=\"http:\/\/soirees-estivales.departement06.fr\/le-festival-des-mots\" target=\"_blank\" rel=\"noopener\">soirees-estivales.departement06.fr\/le-festival-des-mots<\/a><\/p>\n","protected":false},"excerpt":{"rendered":"Nice, ville de soleil et de culture, a une place particuli\u00e8re dans le c\u0153ur d\u2019Alice Taglioni. L\u2019actrice, connue&hellip;\n","protected":false},"author":2,"featured_media":279183,"comment_status":"","ping_status":"","sticky":false,"template":"","format":"standard","meta":{"footnotes":""},"categories":[2819],"tags":[1111,11,251,1777,674,1011,27,1351,12,2401,882,25],"class_list":{"0":"post-279182","1":"post","2":"type-post","3":"status-publish","4":"format-standard","5":"has-post-thumbnail","7":"category-nice","8":"tag-actu","9":"tag-actualites","10":"tag-culture","11":"tag-eu","12":"tag-europe","13":"tag-fr","14":"tag-france","15":"tag-litterature","16":"tag-news","17":"tag-nice","18":"tag-provence-alpes-cote-dazur","19":"tag-republique-francaise"},"share_on_mastodon":{"url":"https:\/\/pubeurope.com\/@fr\/114929998364768600","error":""},"_links":{"self":[{"href":"https:\/\/www.europesays.com\/fr\/wp-json\/wp\/v2\/posts\/279182","targetHints":{"allow":["GET"]}}],"collection":[{"href":"https:\/\/www.europesays.com\/fr\/wp-json\/wp\/v2\/posts"}],"about":[{"href":"https:\/\/www.europesays.com\/fr\/wp-json\/wp\/v2\/types\/post"}],"author":[{"embeddable":true,"href":"https:\/\/www.europesays.com\/fr\/wp-json\/wp\/v2\/users\/2"}],"replies":[{"embeddable":true,"href":"https:\/\/www.europesays.com\/fr\/wp-json\/wp\/v2\/comments?post=279182"}],"version-history":[{"count":0,"href":"https:\/\/www.europesays.com\/fr\/wp-json\/wp\/v2\/posts\/279182\/revisions"}],"wp:featuredmedia":[{"embeddable":true,"href":"https:\/\/www.europesays.com\/fr\/wp-json\/wp\/v2\/media\/279183"}],"wp:attachment":[{"href":"https:\/\/www.europesays.com\/fr\/wp-json\/wp\/v2\/media?parent=279182"}],"wp:term":[{"taxonomy":"category","embeddable":true,"href":"https:\/\/www.europesays.com\/fr\/wp-json\/wp\/v2\/categories?post=279182"},{"taxonomy":"post_tag","embeddable":true,"href":"https:\/\/www.europesays.com\/fr\/wp-json\/wp\/v2\/tags?post=279182"}],"curies":[{"name":"wp","href":"https:\/\/api.w.org\/{rel}","templated":true}]}}