{"id":279184,"date":"2025-07-28T08:50:17","date_gmt":"2025-07-28T08:50:17","guid":{"rendered":"https:\/\/www.europesays.com\/fr\/279184\/"},"modified":"2025-07-28T08:50:17","modified_gmt":"2025-07-28T08:50:17","slug":"double-vigilances-activees-dans-les-alpes-maritimes","status":"publish","type":"post","link":"https:\/\/www.europesays.com\/fr\/279184\/","title":{"rendered":"double vigilances activ\u00e9es dans les Alpes-Maritimes"},"content":{"rendered":"<p>            Par<br \/>\n        <strong><br \/>\n            <a href=\"https:\/\/actu.fr\/auteur\/ugo-maillard\" title=\"Consulter tous les articles de Ugo Maillard\" rel=\"nofollow noopener\" target=\"_blank\">Ugo Maillard<\/a><br \/>\n        <\/strong><\/p>\n<p>        Publi\u00e9 le<\/p>\n<p>            28 juil. 2025 \u00e0 10h41        <\/p>\n<p>Un d\u00e9but de semaine agit\u00e9. La ville de <a href=\"https:\/\/actu.fr\/nice\/\" rel=\"nofollow noopener\" target=\"_blank\">Nice<\/a> et le d\u00e9partement des <a href=\"https:\/\/actu.fr\/provence-alpes-cote-d-azur\/alpes-maritimes_06\" rel=\"nofollow noopener\" target=\"_blank\">Alpes-Maritimes<\/a> sont plac\u00e9s en<strong> vigilance jaune<\/strong> pour un risque d\u2019orage et pour un risque de pluie-inondation, lors de cette journ\u00e9e du lundi 28\u00a0juillet 2025.<\/p>\n<p class=\" wall-content\">On fait le point sur les pr\u00e9visions m\u00e9t\u00e9orologiques des prochaines heures.<\/p>\n<p>Des orages \u00e0 l\u2019est du d\u00e9partement<\/p>\n<p class=\" wall-content\">Selon les donn\u00e9es de M\u00e9t\u00e9o France, les deux vigilances seront activ\u00e9es \u00e0 12h dans les Alpes-Maritimes et devraient \u00eatre lev\u00e9es vers 19h.<\/p>\n<p class=\" wall-content\">Les orages sont annonc\u00e9s sur l\u2019est du d\u00e9partement, de Nice \u00e0 Tende en passant par Roquebilli\u00e8re.<\/p>\n<p class=\" wall-content\">Pour ce qui est des <strong>averses<\/strong>, elles devraient concerner l\u2019int\u00e9gralit\u00e9 des Alpes-Maritimes, dans l\u2019apr\u00e8s-midi de ce lundi.<\/p>\n<p class=\" wall-content\">C\u00f4t\u00e9 temp\u00e9ratures, la maximale du jour sera de <strong>28\u00b0C<\/strong>, pr\u00e9vus \u00e0 Antibes.<\/p>\n<p>Une semaine ensoleill\u00e9e<\/p>\n<p class=\" wall-content\">Le reste de la semaine sera marqu\u00e9 par un temps ensoleill\u00e9. De nouvelles averses sont tout de m\u00eame annonc\u00e9es \u00e0 l\u2019approche du week-end.<\/p>\n<p class=\" wall-content\">Suivez toute l\u2019actualit\u00e9 de vos villes et m\u00e9dias favoris en vous inscrivant \u00e0 <a href=\"https:\/\/moncompte.actu.fr\" title=\"D\u00e9couvez Mon Actu\" rel=\"nofollow noopener\" data-trk=\"{&quot;cta&quot;:{&quot;action&quot;:&quot;https:\\\/\\\/moncompte.actu.fr&quot;,&quot;category&quot;:&quot;mon compte&quot;,&quot;from&quot;:&quot;article footer&quot;,&quot;name&quot;:&quot;Mon actu&quot;,&quot;type&quot;:&quot;cta&quot;}}\" target=\"_blank\">Mon Actu<\/a>.<\/p>\n","protected":false},"excerpt":{"rendered":"Par Ugo Maillard Publi\u00e9 le 28 juil. 2025 \u00e0 10h41 Un d\u00e9but de semaine agit\u00e9. La ville de&hellip;\n","protected":false},"author":2,"featured_media":279185,"comment_status":"","ping_status":"","sticky":false,"template":"","format":"standard","meta":{"footnotes":""},"categories":[2819],"tags":[1111,11,1777,674,1011,27,2487,2357,12,2401,4594,882,25],"class_list":{"0":"post-279184","1":"post","2":"type-post","3":"status-publish","4":"format-standard","5":"has-post-thumbnail","7":"category-nice","8":"tag-actu","9":"tag-actualites","10":"tag-eu","11":"tag-europe","12":"tag-fr","13":"tag-france","14":"tag-meteo","15":"tag-meteo-france","16":"tag-news","17":"tag-nice","18":"tag-orages","19":"tag-provence-alpes-cote-dazur","20":"tag-republique-francaise"},"share_on_mastodon":{"url":"https:\/\/pubeurope.com\/@fr\/114930006307471588","error":""},"_links":{"self":[{"href":"https:\/\/www.europesays.com\/fr\/wp-json\/wp\/v2\/posts\/279184","targetHints":{"allow":["GET"]}}],"collection":[{"href":"https:\/\/www.europesays.com\/fr\/wp-json\/wp\/v2\/posts"}],"about":[{"href":"https:\/\/www.europesays.com\/fr\/wp-json\/wp\/v2\/types\/post"}],"author":[{"embeddable":true,"href":"https:\/\/www.europesays.com\/fr\/wp-json\/wp\/v2\/users\/2"}],"replies":[{"embeddable":true,"href":"https:\/\/www.europesays.com\/fr\/wp-json\/wp\/v2\/comments?post=279184"}],"version-history":[{"count":0,"href":"https:\/\/www.europesays.com\/fr\/wp-json\/wp\/v2\/posts\/279184\/revisions"}],"wp:featuredmedia":[{"embeddable":true,"href":"https:\/\/www.europesays.com\/fr\/wp-json\/wp\/v2\/media\/279185"}],"wp:attachment":[{"href":"https:\/\/www.europesays.com\/fr\/wp-json\/wp\/v2\/media?parent=279184"}],"wp:term":[{"taxonomy":"category","embeddable":true,"href":"https:\/\/www.europesays.com\/fr\/wp-json\/wp\/v2\/categories?post=279184"},{"taxonomy":"post_tag","embeddable":true,"href":"https:\/\/www.europesays.com\/fr\/wp-json\/wp\/v2\/tags?post=279184"}],"curies":[{"name":"wp","href":"https:\/\/api.w.org\/{rel}","templated":true}]}}