{"id":279188,"date":"2025-07-28T08:55:29","date_gmt":"2025-07-28T08:55:29","guid":{"rendered":"https:\/\/www.europesays.com\/fr\/279188\/"},"modified":"2025-07-28T08:55:29","modified_gmt":"2025-07-28T08:55:29","slug":"municipales-depuis-1989-la-machine-a-perdre-de-la-droite-nantaise","status":"publish","type":"post","link":"https:\/\/www.europesays.com\/fr\/279188\/","title":{"rendered":"Municipales\u00a0: depuis 1989, la machine \u00e0 perdre de la droite nantaise"},"content":{"rendered":"<tr wp_automatic_readability=\"3.8823529411765\">\n<td valign=\"middle\" align=\"center\" class=\"col-logo\">\n    <img decoding=\"async\" src=\"https:\/\/www.europesays.com\/fr\/wp-content\/uploads\/2025\/04\/presse-ocean.gif\" alt=\"logo Presse-Oc\u00e9an\" height=\"66\"\/><\/p>\n<\/td>\n<td class=\"col-titre\">\n\t\t\tLundi 28 juillet 2025 06:36<br \/>\n\t\t\t<a class=\"icon-bulle sizeL count\" href=\"#ancreAvis\"><br \/>\n\t&#8230;<br \/>\n<\/a><\/td>\n<\/tr>\n<p>\t\t<a class=\"mavillebox2 elmt-photo\" href=\"https:\/\/maville.com\/photosmvi\/2025\/07\/28\/P35378135D6916052G.jpg\" title=\" T\u00eate de liste de la droite et du centre en 2001, Jean-Luc Harousseau s\u2019est fracass\u00e9 sur \u00ab\u00a0la forteresse Ayrault\u00a0\u00bb.  \u00a9  Photo archives Presse Oc\u00e9an  &lt;!--TAG-BLC credit--&gt;\" rel=\"galerie_actu noopener\" target=\"_blank\"><br \/>\n\t<img decoding=\"async\" src=\"https:\/\/www.europesays.com\/fr\/wp-content\/uploads\/2025\/07\/P35378135D6916052G_crop_640-330_.jpg\" alt=\"photo  t\u00eate de liste de la droite et du centre en 2001, jean-luc harousseau s\u2019est fracass\u00e9 sur \u00ab\u00a0la forteresse ayrault\u00a0\u00bb.  \u00a9  photo archives presse oc\u00e9an \"\/><br \/>\n\t6<br \/>\n<\/a><\/p>\n<p class=\"elmt-legende\"> T\u00eate de liste de la droite et du centre en 2001, Jean-Luc Harousseau s\u2019est fracass\u00e9 sur \u00ab\u00a0la forteresse Ayrault\u00a0\u00bb.  \u00a9  Photo archives Presse Oc\u00e9an  <\/p>\n<p><a class=\"mavillebox2\" href=\"https:\/\/maville.com\/photosmvi\/2025\/07\/28\/P35378136D6916052G.jpg\" title=\"daniel augereau, le premier candidat de droite battu par jean-marc ayrault en 1989. \u00a9  photo archives presse oc\u00e9an \" rel=\"galerie_actu noopener\" target=\"_blank\"><a class=\"mavillebox2\" href=\"https:\/\/maville.com\/photosmvi\/2025\/07\/28\/P35378137D6916052G.jpg\" title=\"associ\u00e9e \u00e0 monique papon (udf), \u00e9lisabeth hubert (rpr) est s\u00e8chement battue par jean-marc ayrault en 1995. \u00a9  photo archives presse oc\u00e9an \" rel=\"galerie_actu noopener\" target=\"_blank\"><a class=\"mavillebox2\" href=\"https:\/\/maville.com\/photosmvi\/2025\/07\/28\/P35378138D6916052G.jpg\" title=\"sophie jozan n\u2019a pas r\u00e9ussi \u00e0 faire vaciller la citadelle ayrault en 2008. \u00a9  photo archives presse oc\u00e9an \" rel=\"galerie_actu noopener\" target=\"_blank\"><a class=\"mavillebox2\" href=\"https:\/\/maville.com\/photosmvi\/2025\/07\/28\/P35378139D6916052G.jpg\" title=\"le parachutage de l\u2019ancienne secr\u00e9taire d\u2019\u00e9tat marie-anne montchamp, associ\u00e9e \u00e0 l\u2019ex-d\u00e9put\u00e9 michel hunault, a tourn\u00e9 court en 2014. \u00a9  photo archives presse oc\u00e9an \" rel=\"galerie_actu noopener\" target=\"_blank\"><a class=\"mavillebox2\" href=\"https:\/\/maville.com\/photosmvi\/2025\/07\/28\/P35378140D6916052G.jpg\" title=\"malgr\u00e9 ses appels du pied, laurence garnier (lr) n\u2019a pas convaincu val\u00e9rie oppelt (lrem) de faire liste commune au second tour en 2020. \u00a9  photo archives presse oc\u00e9an \" rel=\"galerie_actu noopener\" target=\"_blank\"><\/p>\n<p>\t\t\u00c0 neuf mois du scrutin, la droite continue de se d\u00e9chirer autour de la d\u00e9signation de sa t\u00eate de liste \u00e0 Nantes. La question pourrait \u00eatre tranch\u00e9e ce lundi 28\u00a0juillet par la commission nationale d\u2019investiture de LR. \u00c0 moins qu\u2019elle d\u00e9cide de laisser les adh\u00e9rents locaux choisir leur candidat. Mais ces tergiversations \u00e0 n\u2019en plus finir risquent de peser lourd sur la suite de la campagne. Un sc\u00e9nario au go\u00fbt de d\u00e9j\u00e0-vu depuis 1989 pour l\u2019opposition nantaise. Flash-back.<\/p>\n<p><b>Cet article est r\u00e9serv\u00e9 aux abonn\u00e9s<\/b><\/p>\n<p>Pour un acc\u00e8s imm\u00e9diat, abonnez-vous<\/p>\n<p><b>1\u00e8re semaine offerte<\/b><\/p>\n<p>\t\t Xavier Boussion \u00a0\u00a0<br \/>\n\t\tPresse-Oc\u00e9an<\/p>\n<p>Retrouvez d&rsquo;autres actus sur la commune de :<\/p>\n<p>\t\t&#13;<\/p>\n","protected":false},"excerpt":{"rendered":"Lundi 28 juillet 2025 06:36 &#8230; 6 T\u00eate de liste de la droite et du centre en 2001,&hellip;\n","protected":false},"author":2,"featured_media":279189,"comment_status":"","ping_status":"","sticky":false,"template":"","format":"standard","meta":{"footnotes":""},"categories":[2818],"tags":[41867,1111,11,6592,1777,674,1011,27,35142,3554,7127,766,12,2636,41868,25],"class_list":{"0":"post-279188","1":"post","2":"type-post","3":"status-publish","4":"format-standard","5":"has-post-thumbnail","7":"category-nantes","8":"tag-41867","9":"tag-actu","10":"tag-actualites","11":"tag-droite","12":"tag-eu","13":"tag-europe","14":"tag-fr","15":"tag-france","16":"tag-machine","17":"tag-municipales","18":"tag-nantaise","19":"tag-nantes","20":"tag-news","21":"tag-pays-de-la-loire","22":"tag-perdre","23":"tag-republique-francaise"},"share_on_mastodon":{"url":"https:\/\/pubeurope.com\/@fr\/114930026903579603","error":""},"_links":{"self":[{"href":"https:\/\/www.europesays.com\/fr\/wp-json\/wp\/v2\/posts\/279188","targetHints":{"allow":["GET"]}}],"collection":[{"href":"https:\/\/www.europesays.com\/fr\/wp-json\/wp\/v2\/posts"}],"about":[{"href":"https:\/\/www.europesays.com\/fr\/wp-json\/wp\/v2\/types\/post"}],"author":[{"embeddable":true,"href":"https:\/\/www.europesays.com\/fr\/wp-json\/wp\/v2\/users\/2"}],"replies":[{"embeddable":true,"href":"https:\/\/www.europesays.com\/fr\/wp-json\/wp\/v2\/comments?post=279188"}],"version-history":[{"count":0,"href":"https:\/\/www.europesays.com\/fr\/wp-json\/wp\/v2\/posts\/279188\/revisions"}],"wp:featuredmedia":[{"embeddable":true,"href":"https:\/\/www.europesays.com\/fr\/wp-json\/wp\/v2\/media\/279189"}],"wp:attachment":[{"href":"https:\/\/www.europesays.com\/fr\/wp-json\/wp\/v2\/media?parent=279188"}],"wp:term":[{"taxonomy":"category","embeddable":true,"href":"https:\/\/www.europesays.com\/fr\/wp-json\/wp\/v2\/categories?post=279188"},{"taxonomy":"post_tag","embeddable":true,"href":"https:\/\/www.europesays.com\/fr\/wp-json\/wp\/v2\/tags?post=279188"}],"curies":[{"name":"wp","href":"https:\/\/api.w.org\/{rel}","templated":true}]}}