{"id":279190,"date":"2025-07-28T08:58:19","date_gmt":"2025-07-28T08:58:19","guid":{"rendered":"https:\/\/www.europesays.com\/fr\/279190\/"},"modified":"2025-07-28T08:58:19","modified_gmt":"2025-07-28T08:58:19","slug":"les-habitants-mis-a-contribution-pour-une-nouvelle-edition-du-budget-participatif","status":"publish","type":"post","link":"https:\/\/www.europesays.com\/fr\/279190\/","title":{"rendered":"les habitants mis \u00e0 contribution pour une nouvelle \u00e9dition du budget participatif"},"content":{"rendered":"<p>Les projets retenus seront financ\u00e9s par l\u2019affectation d\u2019une partie du budget d\u2019investissement, inscrit dans une enveloppe de 350\u00a0000\u00a0euros. Pour l\u2019occasion, le triporteur repart d\u00e8s cet \u00e9t\u00e9 \u00e0 la rencontre des habitants dans les quartiers. Il sera pr\u00e9sent sur le march\u00e9 et lors des deux prochains Jeudis festifs sur la place Charles-de-Gaulle, les 7 et 21\u00a0ao\u00fbt.<\/p>\n<p>Il est possible de d\u00e9poser un projet seul ou en \u00e9quipe (atelier de quartier, association ou collectif d\u2019habitants), quels que soient son \u00e2ge et sa nationalit\u00e9, \u00e0 condition d\u2019habiter, de travailler ou d\u2019\u00eatre scolaris\u00e9 \u00e0 M\u00e9rignac. Le nombre de projets par porteur est limit\u00e9 \u00e0 trois maximum. Le d\u00e9p\u00f4t des projets ouvrira le 6\u00a0septembre.<\/p>\n","protected":false},"excerpt":{"rendered":"Les projets retenus seront financ\u00e9s par l\u2019affectation d\u2019une partie du budget d\u2019investissement, inscrit dans une enveloppe de 350\u00a0000\u00a0euros.&hellip;\n","protected":false},"author":2,"featured_media":279191,"comment_status":"","ping_status":"","sticky":false,"template":"","format":"standard","meta":{"footnotes":""},"categories":[2817],"tags":[1111,11,1997,1777,674,1011,27,12,2219,25],"class_list":{"0":"post-279190","1":"post","2":"type-post","3":"status-publish","4":"format-standard","5":"has-post-thumbnail","7":"category-bordeaux","8":"tag-actu","9":"tag-actualites","10":"tag-bordeaux","11":"tag-eu","12":"tag-europe","13":"tag-fr","14":"tag-france","15":"tag-news","16":"tag-nouvelle-aquitaine","17":"tag-republique-francaise"},"share_on_mastodon":{"url":"https:\/\/pubeurope.com\/@fr\/114930037840351800","error":""},"_links":{"self":[{"href":"https:\/\/www.europesays.com\/fr\/wp-json\/wp\/v2\/posts\/279190","targetHints":{"allow":["GET"]}}],"collection":[{"href":"https:\/\/www.europesays.com\/fr\/wp-json\/wp\/v2\/posts"}],"about":[{"href":"https:\/\/www.europesays.com\/fr\/wp-json\/wp\/v2\/types\/post"}],"author":[{"embeddable":true,"href":"https:\/\/www.europesays.com\/fr\/wp-json\/wp\/v2\/users\/2"}],"replies":[{"embeddable":true,"href":"https:\/\/www.europesays.com\/fr\/wp-json\/wp\/v2\/comments?post=279190"}],"version-history":[{"count":0,"href":"https:\/\/www.europesays.com\/fr\/wp-json\/wp\/v2\/posts\/279190\/revisions"}],"wp:featuredmedia":[{"embeddable":true,"href":"https:\/\/www.europesays.com\/fr\/wp-json\/wp\/v2\/media\/279191"}],"wp:attachment":[{"href":"https:\/\/www.europesays.com\/fr\/wp-json\/wp\/v2\/media?parent=279190"}],"wp:term":[{"taxonomy":"category","embeddable":true,"href":"https:\/\/www.europesays.com\/fr\/wp-json\/wp\/v2\/categories?post=279190"},{"taxonomy":"post_tag","embeddable":true,"href":"https:\/\/www.europesays.com\/fr\/wp-json\/wp\/v2\/tags?post=279190"}],"curies":[{"name":"wp","href":"https:\/\/api.w.org\/{rel}","templated":true}]}}