{"id":279192,"date":"2025-07-28T08:59:10","date_gmt":"2025-07-28T08:59:10","guid":{"rendered":"https:\/\/www.europesays.com\/fr\/279192\/"},"modified":"2025-07-28T08:59:10","modified_gmt":"2025-07-28T08:59:10","slug":"un-impressionnant-navire-grec-en-escale-dans-le-port-de-la-lune","status":"publish","type":"post","link":"https:\/\/www.europesays.com\/fr\/279192\/","title":{"rendered":"un impressionnant navire grec en escale dans le port de la Lune"},"content":{"rendered":"<p>            Par<br \/>\n        <strong><br \/>\n            <a href=\"https:\/\/actu.fr\/auteur\/charlotte-lesprit\" title=\"Consulter tous les articles de Charlotte Lesprit\" target=\"_blank\" rel=\"noopener\">Charlotte Lesprit<\/a><br \/>\n        <\/strong><\/p>\n<p>        Publi\u00e9 le<\/p>\n<p>            28 juil. 2025 \u00e0 10h36        <\/p>\n<p>Il est un g\u00e9ant de 146 m\u00e8tres amarr\u00e9 entre les Quinconces et le miroir d\u2019eau :<a href=\"https:\/\/actu.fr\/nouvelle-aquitaine\/bordeaux_33063\/a-bordeaux-le-pont-chaban-delmas-bientot-ferme-pour-le-passage-d-un-navire-de-la-marine-grecque_62956506.html\" target=\"_blank\" rel=\"noopener\"> le ravitailleur HS \u00ab\u2009Prometheus\u2009\u00bb A374<\/a> est utilis\u00e9 comme navire de soutien logistique \u00e0<strong>\u00a0la marine grecque<\/strong>. Son \u00e9quipage comprend un peu plus de 130 marins qui sont en escale \u00e0 Bordeaux depuis ce samedi 26\u00a0juillet.<\/p>\n<p class=\" wall-content\">\n<p>Trois jours dans le port de la Lune<\/p>\n<p class=\" wall-content\">Celui qui porte le nom du titan grec Prom\u00e9th\u00e9e \u2014 c\u00e9l\u00e8bre pour avoir donn\u00e9 le feu aux hommes dans la mythologie \u2014 est le plus grand navire de la marine hell\u00e9nique en volume avec ses <strong>12\u2009000 tonnes<\/strong> et sa largeur de 21 m\u00e8tres.<\/p>\n<p class=\" wall-content\">Ses autres missions en mer\u2009: r\u00e9parations et maintenance, <strong>transport de mat\u00e9riel et carburant<\/strong> ou encore <strong>appui m\u00e9dical<\/strong> et op\u00e9rationnel. De plus, il lui arrive d\u2019accueillir des cadets dans le cadre de missions de formation ou d\u2019exercices maritimes.<\/p>\n<p class=\" wall-content\"><a href=\"https:\/\/www.instagram.com\/p\/DMpPgjJNAHy\/embed\" title=\"Ouvrir le lien sur Instagram\" target=\"_blank\" rel=\"noopener\">Visualiser le contenu sur Instagram<\/a><\/p>\n<p class=\" wall-content\">Son d\u00e9part est pr\u00e9vu<strong> mardi 29\u00a0juillet, vers 10\u2009h\u200930<\/strong>. Attention donc aux personnes qui ont pr\u00e9vu d\u2019emprunter le pont Chaban-Delmas. Par ailleurs, ao\u00fbt devrait \u00eatre plus calme en termes de lev\u00e9es de pont. La premi\u00e8re des quatre perturbations pr\u00e9vues pour le passage de paquebots est annonc\u00e9e dimanche 17\u00a0ao\u00fbt.<\/p>\n<p class=\" wall-content\">Suivez toute l\u2019actualit\u00e9 de vos villes et m\u00e9dias favoris en vous inscrivant \u00e0 <a href=\"https:\/\/moncompte.actu.fr\" title=\"D\u00e9couvez Mon Actu\" rel=\"nofollow noopener\" data-trk=\"{&quot;cta&quot;:{&quot;action&quot;:&quot;https:\\\/\\\/moncompte.actu.fr&quot;,&quot;category&quot;:&quot;mon compte&quot;,&quot;from&quot;:&quot;article footer&quot;,&quot;name&quot;:&quot;Mon actu&quot;,&quot;type&quot;:&quot;cta&quot;}}\" target=\"_blank\">Mon Actu<\/a>.<\/p>\n<ul class=\"ac-article-tag wall-content\">\n<li><a href=\"https:\/\/actu.fr\/tag\/armee\" data-trk=\"{&quot;cta&quot;:{&quot;action&quot;:&quot;Arm\\u00e9e&quot;,&quot;category&quot;:&quot;tag&quot;,&quot;from&quot;:&quot;article footer&quot;,&quot;name&quot;:&quot;Arm\\u00e9e&quot;,&quot;type&quot;:&quot;cta&quot;}}\" target=\"_blank\" rel=\"noopener\">#Arm\u00e9e<\/a><\/li>\n<li><a href=\"https:\/\/actu.fr\/tag\/ocean-atlantique\" data-trk=\"{&quot;cta&quot;:{&quot;action&quot;:&quot;Oc\\u00e9an Atlantique&quot;,&quot;category&quot;:&quot;tag&quot;,&quot;from&quot;:&quot;article footer&quot;,&quot;name&quot;:&quot;Oc\\u00e9an Atlantique&quot;,&quot;type&quot;:&quot;cta&quot;}}\" target=\"_blank\" rel=\"noopener\">#Oc\u00e9an Atlantique<\/a><\/li>\n<\/ul>\n<p>                    <script async src=\"\/\/www.instagram.com\/embed.js\"><\/script><\/p>\n","protected":false},"excerpt":{"rendered":"Par Charlotte Lesprit Publi\u00e9 le 28 juil. 2025 \u00e0 10h36 Il est un g\u00e9ant de 146 m\u00e8tres amarr\u00e9&hellip;\n","protected":false},"author":2,"featured_media":279193,"comment_status":"","ping_status":"","sticky":false,"template":"","format":"standard","meta":{"footnotes":""},"categories":[2817],"tags":[1111,11,1813,1997,1777,674,1011,27,12,2219,10424,25,104],"class_list":{"0":"post-279192","1":"post","2":"type-post","3":"status-publish","4":"format-standard","5":"has-post-thumbnail","7":"category-bordeaux","8":"tag-actu","9":"tag-actualites","10":"tag-armee","11":"tag-bordeaux","12":"tag-eu","13":"tag-europe","14":"tag-fr","15":"tag-france","16":"tag-news","17":"tag-nouvelle-aquitaine","18":"tag-ocean-atlantique","19":"tag-republique-francaise","20":"tag-societe"},"share_on_mastodon":{"url":"https:\/\/pubeurope.com\/@fr\/114930041736422324","error":""},"_links":{"self":[{"href":"https:\/\/www.europesays.com\/fr\/wp-json\/wp\/v2\/posts\/279192","targetHints":{"allow":["GET"]}}],"collection":[{"href":"https:\/\/www.europesays.com\/fr\/wp-json\/wp\/v2\/posts"}],"about":[{"href":"https:\/\/www.europesays.com\/fr\/wp-json\/wp\/v2\/types\/post"}],"author":[{"embeddable":true,"href":"https:\/\/www.europesays.com\/fr\/wp-json\/wp\/v2\/users\/2"}],"replies":[{"embeddable":true,"href":"https:\/\/www.europesays.com\/fr\/wp-json\/wp\/v2\/comments?post=279192"}],"version-history":[{"count":0,"href":"https:\/\/www.europesays.com\/fr\/wp-json\/wp\/v2\/posts\/279192\/revisions"}],"wp:featuredmedia":[{"embeddable":true,"href":"https:\/\/www.europesays.com\/fr\/wp-json\/wp\/v2\/media\/279193"}],"wp:attachment":[{"href":"https:\/\/www.europesays.com\/fr\/wp-json\/wp\/v2\/media?parent=279192"}],"wp:term":[{"taxonomy":"category","embeddable":true,"href":"https:\/\/www.europesays.com\/fr\/wp-json\/wp\/v2\/categories?post=279192"},{"taxonomy":"post_tag","embeddable":true,"href":"https:\/\/www.europesays.com\/fr\/wp-json\/wp\/v2\/tags?post=279192"}],"curies":[{"name":"wp","href":"https:\/\/api.w.org\/{rel}","templated":true}]}}