{"id":279202,"date":"2025-07-28T09:04:09","date_gmt":"2025-07-28T09:04:09","guid":{"rendered":"https:\/\/www.europesays.com\/fr\/279202\/"},"modified":"2025-07-28T09:04:09","modified_gmt":"2025-07-28T09:04:09","slug":"ce-marseillais-veut-faire-de-son-entreprise-orasio-une-championne-europeenne-de-la-video-intelligence","status":"publish","type":"post","link":"https:\/\/www.europesays.com\/fr\/279202\/","title":{"rendered":"Ce Marseillais veut faire de son entreprise Orasio une championne europ\u00e9enne de la \u00ab\u00a0vid\u00e9o intelligence\u00a0\u00bb"},"content":{"rendered":"<p>\u00c0 peine n\u00e9e, Orasio frappe fort. Cette jeune pousse de l\u2019intelligence artificielle appliqu\u00e9e \u00e0 la vid\u00e9o vient d\u2019annoncer une premi\u00e8re lev\u00e9e de fonds Seed de 16\u00a0millions d\u2019euros, r\u00e9unissant un consortium d\u2019investisseurs europ\u00e9ens de premier plan. Son objectif\u00a0? Rien de moins que devenir le nouveau champion europ\u00e9en de la vid\u00e9o intelligence, sur un march\u00e9 aujourd\u2019hui domin\u00e9 par les acteurs am\u00e9ricains, chinois et isra\u00e9liens.<\/p>\n<p>Au c\u0153ur de cette aventure\u00a0: Florian Fournier (ex-cofondateur de PayFit), Arnaud Delaunay, expert en IA et vision par ordinateur, et Fabio Gennari, cofondateur marseillais et CEO, ancien haut fonctionnaire du Conseil d\u2019\u00c9tat.<\/p>\n<p>Leur ambition est claire\u00a0: apporter une alternative souveraine, \u00e9thique et conforme aux exigences de l\u2019Union europ\u00e9enne.<\/p>\n<p>D\u00e9tecter automatiquement des comportements inhabituels<\/p>\n<p>Les premiers produits d\u2019Orasio s\u2019adresseront en priorit\u00e9 aux forces de s\u00e9curit\u00e9, aux collectivit\u00e9s territoriales, aux entreprises op\u00e9rant des syst\u00e8mes de vid\u00e9oprotection et aux acteurs de la d\u00e9fense.\u00a0Le principe\u00a0: <a href=\"https:\/\/www.laprovence.com\/article\/region\/19074976838231\/plus-de-cameras-pour-la-videosurveillance-a-marseille-oui-mais-ou\" target=\"_blank\" rel=\"noopener\">analyser en temps r\u00e9el des flux vid\u00e9o<\/a> pour d\u00e9tecter automatiquement des comportements inhabituels (intrusion, attroupement suspect, d\u00e9p\u00f4t d\u2019objets, comportements \u00e0 risque) et g\u00e9n\u00e9rer des alertes imm\u00e9diates.<\/p>\n","protected":false},"excerpt":{"rendered":"\u00c0 peine n\u00e9e, Orasio frappe fort. Cette jeune pousse de l\u2019intelligence artificielle appliqu\u00e9e \u00e0 la vid\u00e9o vient d\u2019annoncer&hellip;\n","protected":false},"author":2,"featured_media":279203,"comment_status":"","ping_status":"","sticky":false,"template":"","format":"standard","meta":{"footnotes":""},"categories":[2814],"tags":[17,1111,11,41869,33,257,1777,674,4560,1011,27,7424,761,884,12,882,25,3711,9870],"class_list":{"0":"post-279202","1":"post","2":"type-post","3":"status-publish","4":"format-standard","5":"has-post-thumbnail","7":"category-marseille","8":"tag-17","9":"tag-actu","10":"tag-actualites","11":"tag-artificielle","12":"tag-economie","13":"tag-entreprise","14":"tag-eu","15":"tag-europe","16":"tag-faire","17":"tag-fr","18":"tag-france","19":"tag-intelligence","20":"tag-marseillais","21":"tag-marseille","22":"tag-news","23":"tag-provence-alpes-cote-dazur","24":"tag-republique-francaise","25":"tag-son","26":"tag-veut"},"share_on_mastodon":{"url":"https:\/\/pubeurope.com\/@fr\/114930061607558276","error":""},"_links":{"self":[{"href":"https:\/\/www.europesays.com\/fr\/wp-json\/wp\/v2\/posts\/279202","targetHints":{"allow":["GET"]}}],"collection":[{"href":"https:\/\/www.europesays.com\/fr\/wp-json\/wp\/v2\/posts"}],"about":[{"href":"https:\/\/www.europesays.com\/fr\/wp-json\/wp\/v2\/types\/post"}],"author":[{"embeddable":true,"href":"https:\/\/www.europesays.com\/fr\/wp-json\/wp\/v2\/users\/2"}],"replies":[{"embeddable":true,"href":"https:\/\/www.europesays.com\/fr\/wp-json\/wp\/v2\/comments?post=279202"}],"version-history":[{"count":0,"href":"https:\/\/www.europesays.com\/fr\/wp-json\/wp\/v2\/posts\/279202\/revisions"}],"wp:featuredmedia":[{"embeddable":true,"href":"https:\/\/www.europesays.com\/fr\/wp-json\/wp\/v2\/media\/279203"}],"wp:attachment":[{"href":"https:\/\/www.europesays.com\/fr\/wp-json\/wp\/v2\/media?parent=279202"}],"wp:term":[{"taxonomy":"category","embeddable":true,"href":"https:\/\/www.europesays.com\/fr\/wp-json\/wp\/v2\/categories?post=279202"},{"taxonomy":"post_tag","embeddable":true,"href":"https:\/\/www.europesays.com\/fr\/wp-json\/wp\/v2\/tags?post=279202"}],"curies":[{"name":"wp","href":"https:\/\/api.w.org\/{rel}","templated":true}]}}