{"id":279206,"date":"2025-07-28T09:06:24","date_gmt":"2025-07-28T09:06:24","guid":{"rendered":"https:\/\/www.europesays.com\/fr\/279206\/"},"modified":"2025-07-28T09:06:24","modified_gmt":"2025-07-28T09:06:24","slug":"caluire-et-cuire-election-de-bastien-joint-un-maire-jeune-et-punchy","status":"publish","type":"post","link":"https:\/\/www.europesays.com\/fr\/279206\/","title":{"rendered":"Caluire et Cuire. Election de Bastien Joint, un maire jeune et punchy"},"content":{"rendered":"<p>\t\t\t\t<img fetchpriority=\"high\" decoding=\"async\" width=\"900\" height=\"657\" src=\"https:\/\/www.europesays.com\/fr\/wp-content\/uploads\/2025\/07\/01election-Bastien-Joint.jpg\" alt=\"\" title=\"01election Bastien Joint\"   class=\"wp-image-163442\"\/><\/p>\n<p>Photos \u00a9 Louis Polisson pour Lyon People <\/p>\n<p><strong>Texte\u00a0: Marco Polisson \u2013<\/strong> L\u2019opposition \u00e9cologiste et socialiste en short et sandales\u00a0pour \u00e9lire le successeur de Philippe Cochet. Les temps forts d\u2019une c\u00e9r\u00e9monie parfois surr\u00e9aliste.<\/p>\n<p>Treize jours apr\u00e8s la d\u00e9mission celui qui fut maire pendant 17 ans, les conseillers municipaux de Caluire et Cuire se sont r\u00e9unis pour d\u00e9signer leur nouveau maire. Sans surprise, <strong>Bastien Joint<\/strong>, le jeune candidat de la majorit\u00e9 de droite et de centre droit a \u00e9t\u00e9 \u00e9lu en r\u00e9coltant 37 voix sur 43.<\/p>\n<p><a href=\"https:\/\/www.lyonpeople.com\/?attachment_id=163434\" rel=\"attachment wp-att-163434 noopener\" target=\"_blank\"><img loading=\"lazy\" decoding=\"async\" class=\"alignnone size-full wp-image-163434\" src=\"data:image\/svg+xml,%3Csvg%20xmlns=\" http:=\"\" alt=\"\" width=\"900\" height=\"675\" data-lazy- data-lazy- data-lazy-src=\"https:\/\/www.europesays.com\/fr\/wp-content\/uploads\/2025\/07\/03-Election-maire-de-caluire.jpg\"\/><\/a><\/p>\n<p>Ceint de son \u00e9charpe tricolore, le trentenaire a ensuite fait \u00e9lire ses adjoints qui sont les m\u00eames que ceux de la mandature pr\u00e9c\u00e9dente, une mani\u00e8re intelligente de souder sa majorit\u00e9 sans provoquer de ressentiments et de la pr\u00e9parer \u00e0 la bataille \u00e9lectorale de 2026.<\/p>\n<p><strong>Cette reconduction \u00e0 l\u2019identique est \u00e9galement un pied de nez \u00e0 la r\u00e9publique des juges <\/strong><\/p>\n<p>Cette derni\u00e8re a mis hors-jeu <strong>Philippe Cochet<\/strong> \u00ab\u00a0dont chacun conna\u00eet l\u2019engagement et l\u2019attachement \u00e0 Caluire et Cuire, et qui a \u00e9t\u00e9 contraint \u00e0 la d\u00e9mission\u00a0\u00bb, a d\u00e9clar\u00e9 Bastien Joint apr\u00e8s avoir \u00e9num\u00e9r\u00e9 et salu\u00e9 ses pr\u00e9d\u00e9cesseurs <strong>Fr\u00e9d\u00e9ric Dugoujon<\/strong>, <strong>Bernard Roger-Dalbert<\/strong> et <strong>Alain Jeannot<\/strong>.<\/p>\n<p><a href=\"https:\/\/www.lyonpeople.com\/?attachment_id=163435\" rel=\"attachment wp-att-163435 noopener\" target=\"_blank\"><img loading=\"lazy\" decoding=\"async\" class=\"alignnone size-full wp-image-163435\" src=\"data:image\/svg+xml,%3Csvg%20xmlns=\" http:=\"\" alt=\"\" width=\"900\" height=\"674\" data-lazy- data-lazy- data-lazy-src=\"https:\/\/www.europesays.com\/fr\/wp-content\/uploads\/2025\/07\/05-Bastien-Joint-et-Anne-Laure-Chalet.jpg\"\/><\/a><\/p>\n<p>\u00ab\u00a0Si aujourd\u2019hui Caluire et Cuire renvoie parfois l\u2019image d\u2019un c\u00e9l\u00e8bre village gaulois, c\u2019est parce qu\u2019ils \u00e9taient tous, sans exception, anim\u00e9s par ce m\u00eame sentiment que je partage bien \u00e9videmment avec eux. Un amour profond de notre ville, qui nous oblige et fait de nous les garants de sa pr\u00e9servation, quoi qu\u2019il en co\u00fbte\u00a0\u00bb.<\/p>\n<p><a href=\"https:\/\/www.lyonpeople.com\/?attachment_id=163437\" rel=\"attachment wp-att-163437 noopener\" target=\"_blank\"><img loading=\"lazy\" decoding=\"async\" class=\"alignnone size-full wp-image-163437\" src=\"data:image\/svg+xml,%3Csvg%20xmlns=\" http:=\"\" alt=\"\" width=\"900\" height=\"675\" data-lazy- data-lazy- data-lazy-src=\"https:\/\/www.europesays.com\/fr\/wp-content\/uploads\/2025\/07\/06-Election-maire-de-caluire-1.jpg\"\/><\/a><\/p>\n<p><strong>\u00ab\u00a0Je n\u2019accepterai ni l\u2019\u00e9cologie punitive ni les caricatures. Les habitants de Caluire et Cuire m\u00e9ritent mieux que \u00e7a\u00a0\u00bb.<\/strong><\/p>\n<p>Ce, sous les applaudissements d\u2019une salle pleine, et sous les yeux de ses pairs et maires, J\u00e9r\u00e9mie Br\u00e9aud (Bron), Laurence Fautra (D\u00e9cines), Marie-H\u00e9l\u00e8ne Mathieu (Saint Didier au Mont d\u2019Or), S\u00e9bastien Michel (Ecully), Christophe Quiniou (Meyzieu), Alexandre Vincendet (Rillieux la Pape) et son premier adjoint Julien Smati, Damien Monnier (Sathonay), Olivier Araujo (Charly)\u2026<\/p>\n<p><strong>Moments forts de la c\u00e9r\u00e9monie, les uppercuts envoy\u00e9s \u00e0 l\u2019opposition<\/strong><\/p>\n<p>Ne pas se fier \u00e0 son allure de gendre id\u00e9al. Derri\u00e8re son visage d\u2019adolescent, se cachent une volont\u00e9 et une ma\u00eetrise qui ont impressionn\u00e9 l\u2019assistance du jour. Notamment quand il a fallu recadrer les zadistes de l\u2019opposition \u00e9colo-socialiste qui nous ont offert un festival de mauvais go\u00fbt fast fashion et de m\u00e9pris protocolaire.<\/p>\n<p><a href=\"https:\/\/www.lyonpeople.com\/?attachment_id=163438\" rel=\"attachment wp-att-163438 noopener\" target=\"_blank\"><img loading=\"lazy\" decoding=\"async\" class=\"alignnone size-full wp-image-163438\" src=\"data:image\/svg+xml,%3Csvg%20xmlns=\" http:=\"\" alt=\"\" width=\"900\" height=\"690\" data-lazy- data-lazy- data-lazy-src=\"https:\/\/www.europesays.com\/fr\/wp-content\/uploads\/2025\/07\/08-Elus-e\u0301cologistes-Caluire-Guedj-et-Faivre.jpg\"\/><\/a><\/p>\n<p>En ce jour c\u00e9r\u00e9monial, les conseillers \u00e9cologistes <strong>Nathan Guedj<\/strong> et <strong>Florian Ma\u00eetre<\/strong> ont en effet d\u00e9barqu\u00e9 en salle de conseil en pantacourt et short. \u00ab\u00a0Quels ploucs\u00a0!\u00a0Ils nous font honte\u00a0! \u00bb nous souffle un couple de Caluirards \u00e0 la sortie du conseil. Qui n\u2019avait pas manqu\u00e9 de remarquer que le doyen socialiste de l\u2019assembl\u00e9e <strong>Pierre Megevand<\/strong> \u00e9tait lui aussi en sandales\u2026<\/p>\n<p><a href=\"https:\/\/www.lyonpeople.com\/?attachment_id=163441\" rel=\"attachment wp-att-163441 noopener\" target=\"_blank\"><img loading=\"lazy\" decoding=\"async\" class=\"alignnone size-full wp-image-163441\" src=\"data:image\/svg+xml,%3Csvg%20xmlns=\" http:=\"\" alt=\"\" width=\"900\" height=\"593\" data-lazy- data-lazy- data-lazy-src=\"https:\/\/www.europesays.com\/fr\/wp-content\/uploads\/2025\/07\/010-Pierre-Megevand-Caluire.jpg\"\/><\/a><\/p>\n<p>Rien de bien \u00e9tonnant, finalement. Leur accoutrement vestimentaire est dans la droite ligne de ceux de leur coll\u00e8gue de Lyon 4 <strong>Samuel Mecklenburg<\/strong> (<a href=\"https:\/\/www.lyonpeople.com\/les-rumeurs\/lyon-croix-rousse-samuel-adjoint-ecologiste-en-tong-et-risee-des-internautes-2020-07-16.html\" target=\"_blank\" rel=\"noopener\">en tongs le jour de son investiture<\/a>) et de la maire \u00e9colo de Lyon 9 <strong>Anne Brabant<\/strong>, en short pour comm\u00e9morer la Lib\u00e9ration de Vaise (son adjointe <strong>Amaia Sainz-Ruiz<\/strong> \u00e9tait en <a href=\"https:\/\/www.lyonpeople.com\/les-rumeurs\/lyon-une-elue-ecologiste-commemore-la-liberation-de-vaise-en-maillot-de-bains-2022-09-03.html\" target=\"_blank\" rel=\"noopener\">haut de maillot de bains<\/a>).<\/p>\n<p>Ces tristes sires qui d\u00e9classent notre ville sont au diapason des r\u00e9alisations urbanistiques de leurs chefs Gregory Doucet et Bruno Bernard qui ont fait de la paup\u00e9risation de Lyon (place Bellecour, esplanade des Cordeliers, rive droite du Rh\u00f4ne, rue de la r\u00e9publique\u2026) leur marque de fabrique.<\/p>\n<p><a href=\"https:\/\/www.lyonpeople.com\/?attachment_id=163439\" rel=\"attachment wp-att-163439 noopener\" target=\"_blank\"><img loading=\"lazy\" decoding=\"async\" class=\"alignnone size-full wp-image-163439\" src=\"data:image\/svg+xml,%3Csvg%20xmlns=\" http:=\"\" alt=\"\" width=\"900\" height=\"631\" data-lazy- data-lazy- data-lazy-src=\"https:\/\/www.europesays.com\/fr\/wp-content\/uploads\/2025\/07\/011-conseil-municipal-caluire-et-cuire-2025.jpg\"\/><\/a><\/p>\n<p><strong>Le nouvel ex\u00e9cutif de Caluire et Cuire<\/strong><\/p>\n<p>                                <a href=\"https:\/\/www.europesays.com\/fr\/wp-content\/uploads\/2025\/07\/IMG_5796.jpg\" title=\"Maire de Caluire, BASTIEN JOINT\" data-rl_title=\"Maire de Caluire, BASTIEN JOINT\" class=\"rl-gallery-link\" data-rl_caption=\"\" data-rel=\"lightbox-gallery-bGlnaHRib3gtZ2FsbGVyeS0w\" data-rl_><img loading=\"lazy\" decoding=\"async\" width=\"900\" height=\"609\" src=\"data:image\/svg+xml,%3Csvg%20xmlns=\" http:=\"\" class=\"attachment-large size-large\" alt=\"\" aria-describedby=\"gallery--163443\" data-lazy- data-lazy- data-lazy-src=\"https:\/\/www.europesays.com\/fr\/wp-content\/uploads\/2025\/07\/IMG_5796.jpg\"\/><\/a><\/p>\n<p>\n                                Maire de Caluire, BASTIEN JOINT<\/p>\n<p>                                <a href=\"https:\/\/www.europesays.com\/fr\/wp-content\/uploads\/2025\/07\/1-COME-TOLLET.jpg\" title=\"Premier adjoint : COME TOLLET, Urbanisme\" data-rl_title=\"Premier adjoint : COME TOLLET, Urbanisme\" class=\"rl-gallery-link\" data-rl_caption=\"\" data-rel=\"lightbox-gallery-bGlnaHRib3gtZ2FsbGVyeS0w\" data-rl_><img loading=\"lazy\" decoding=\"async\" width=\"855\" height=\"900\" src=\"data:image\/svg+xml,%3Csvg%20xmlns=\" http:=\"\" class=\"attachment-large size-large\" alt=\"\" aria-describedby=\"gallery--163444\" data-lazy- data-lazy- data-lazy-src=\"https:\/\/www.europesays.com\/fr\/wp-content\/uploads\/2025\/07\/1-COME-TOLLET.jpg\"\/><\/a><\/p>\n<p>\n                                Premier adjoint : COME TOLLET, Urbanisme<\/p>\n<p><br style=\"clear: both\"\/><\/p>\n<p>                                <a href=\"https:\/\/www.europesays.com\/fr\/wp-content\/uploads\/2025\/07\/2-ISABELLE-MAINAND.jpg\" title=\"Deuxi\u00e8me adjointe : ISABELLE MAINAND, Petite enfance, jeunesse, associations\" data-rl_title=\"Deuxi\u00e8me adjointe : ISABELLE MAINAND, Petite enfance, jeunesse, associations\" class=\"rl-gallery-link\" data-rl_caption=\"\" data-rel=\"lightbox-gallery-bGlnaHRib3gtZ2FsbGVyeS0w\" data-rl_><img loading=\"lazy\" decoding=\"async\" width=\"900\" height=\"883\" src=\"data:image\/svg+xml,%3Csvg%20xmlns=\" http:=\"\" class=\"attachment-large size-large\" alt=\"\" aria-describedby=\"gallery--163445\" data-lazy- data-lazy- data-lazy-src=\"https:\/\/www.europesays.com\/fr\/wp-content\/uploads\/2025\/07\/2-ISABELLE-MAINAND.jpg\"\/><\/a><\/p>\n<p>\n                                Deuxi\u00e8me adjointe :<br \/>\nISABELLE MAINAND,<br \/>\nPetite enfance, jeunesse, associations<\/p>\n<p>                                <a href=\"https:\/\/www.europesays.com\/fr\/wp-content\/uploads\/2025\/07\/3-ROBERT-THEVENOT.jpg\" title=\"Troisi\u00e8me adjoint : ROBERT THEVENOT, Citoyennet\u00e9, affaires g\u00e9n\u00e9rales\" data-rl_title=\"Troisi\u00e8me adjoint : ROBERT THEVENOT, Citoyennet\u00e9, affaires g\u00e9n\u00e9rales\" class=\"rl-gallery-link\" data-rl_caption=\"\" data-rel=\"lightbox-gallery-bGlnaHRib3gtZ2FsbGVyeS0w\" data-rl_><img loading=\"lazy\" decoding=\"async\" width=\"895\" height=\"900\" src=\"data:image\/svg+xml,%3Csvg%20xmlns=\" http:=\"\" class=\"attachment-large size-large\" alt=\"\" aria-describedby=\"gallery--163447\" data-lazy- data-lazy- data-lazy-src=\"https:\/\/www.europesays.com\/fr\/wp-content\/uploads\/2025\/07\/3-ROBERT-THEVENOT.jpg\"\/><\/a><\/p>\n<p>\n                                Troisi\u00e8me adjoint :<br \/>\nROBERT THEVENOT,<br \/>\nCitoyennet\u00e9, affaires g\u00e9n\u00e9rales<\/p>\n<p><br style=\"clear: both\"\/><\/p>\n<p>                                <a href=\"https:\/\/www.europesays.com\/fr\/wp-content\/uploads\/2025\/07\/4-VIVIANE-WEBANCK.jpg\" title=\"Quatri\u00e8me adjointe : VIVIANE WEBANCK, Affaires scolaires\" data-rl_title=\"Quatri\u00e8me adjointe : VIVIANE WEBANCK, Affaires scolaires\" class=\"rl-gallery-link\" data-rl_caption=\"\" data-rel=\"lightbox-gallery-bGlnaHRib3gtZ2FsbGVyeS0w\" data-rl_><img loading=\"lazy\" decoding=\"async\" width=\"869\" height=\"900\" src=\"data:image\/svg+xml,%3Csvg%20xmlns=\" http:=\"\" class=\"attachment-large size-large\" alt=\"\" aria-describedby=\"gallery--163448\" data-lazy- data-lazy- data-lazy-src=\"https:\/\/www.europesays.com\/fr\/wp-content\/uploads\/2025\/07\/4-VIVIANE-WEBANCK.jpg\"\/><\/a><\/p>\n<p>\n                                Quatri\u00e8me adjointe :<br \/>\nVIVIANE WEBANCK,<br \/>\nAffaires scolaires<\/p>\n<p>                                <a href=\"https:\/\/www.europesays.com\/fr\/wp-content\/uploads\/2025\/07\/5-DAMIEN-COUTURIER.jpg\" title=\"Cinqui\u00e8me adjoint : DAMIEN COUTURIER, Sport et associations sportives\" data-rl_title=\"Cinqui\u00e8me adjoint : DAMIEN COUTURIER, Sport et associations sportives\" class=\"rl-gallery-link\" data-rl_caption=\"\" data-rel=\"lightbox-gallery-bGlnaHRib3gtZ2FsbGVyeS0w\" data-rl_><img loading=\"lazy\" decoding=\"async\" width=\"900\" height=\"891\" src=\"data:image\/svg+xml,%3Csvg%20xmlns=\" http:=\"\" class=\"attachment-large size-large\" alt=\"\" aria-describedby=\"gallery--163449\" data-lazy- data-lazy- data-lazy-src=\"https:\/\/www.europesays.com\/fr\/wp-content\/uploads\/2025\/07\/5-DAMIEN-COUTURIER.jpg\"\/><\/a><\/p>\n<p>\n                                Cinqui\u00e8me adjoint :<br \/>\nDAMIEN COUTURIER,<br \/>\nSport et associations sportives<\/p>\n<p><br style=\"clear: both\"\/><\/p>\n<p>                                <a href=\"https:\/\/www.europesays.com\/fr\/wp-content\/uploads\/2025\/07\/6-HAMZAOUIA-HAMZAOUI.jpg\" title=\"Sixi\u00e8me adjointe : HAMZAOUIA HAMZAOUI, Animations, manifestations et convivialit\u00e9\" data-rl_title=\"Sixi\u00e8me adjointe : HAMZAOUIA HAMZAOUI, Animations, manifestations et convivialit\u00e9\" class=\"rl-gallery-link\" data-rl_caption=\"\" data-rel=\"lightbox-gallery-bGlnaHRib3gtZ2FsbGVyeS0w\" data-rl_><img loading=\"lazy\" decoding=\"async\" width=\"900\" height=\"879\" src=\"data:image\/svg+xml,%3Csvg%20xmlns=\" http:=\"\" class=\"attachment-large size-large\" alt=\"\" aria-describedby=\"gallery--163450\" data-lazy- data-lazy- data-lazy-src=\"https:\/\/www.europesays.com\/fr\/wp-content\/uploads\/2025\/07\/6-HAMZAOUIA-HAMZAOUI.jpg\"\/><\/a><\/p>\n<p>\n                                Sixi\u00e8me adjointe :<br \/>\nHAMZAOUIA HAMZAOUI,<br \/>\nAnimations, manifestations et convivialit\u00e9<\/p>\n<p>                                <a href=\"https:\/\/www.europesays.com\/fr\/wp-content\/uploads\/2025\/07\/7-FREDERIC-JOUBERT.jpg\" title=\"Septi\u00e8me adjoint : FREDERIC JOUBERT, Culture et associations culturelles\" data-rl_title=\"Septi\u00e8me adjoint : FREDERIC JOUBERT, Culture et associations culturelles\" class=\"rl-gallery-link\" data-rl_caption=\"\" data-rel=\"lightbox-gallery-bGlnaHRib3gtZ2FsbGVyeS0w\" data-rl_><img loading=\"lazy\" decoding=\"async\" width=\"900\" height=\"880\" src=\"data:image\/svg+xml,%3Csvg%20xmlns=\" http:=\"\" class=\"attachment-large size-large\" alt=\"\" aria-describedby=\"gallery--163451\" data-lazy- data-lazy- data-lazy-src=\"https:\/\/www.europesays.com\/fr\/wp-content\/uploads\/2025\/07\/7-FREDERIC-JOUBERT.jpg\"\/><\/a><\/p>\n<p>\n                                Septi\u00e8me adjoint :<br \/>\nFREDERIC JOUBERT,<br \/>\nCulture et associations culturelles<\/p>\n<p><br style=\"clear: both\"\/><\/p>\n<p>                                <a href=\"https:\/\/www.europesays.com\/fr\/wp-content\/uploads\/2025\/07\/8-SONIA-FRIOLL-caluire.jpg\" title=\"Huiti\u00e8me adjointe : SONIA FRIOLL, Economie, entreprises, commerces et emploi\" data-rl_title=\"Huiti\u00e8me adjointe : SONIA FRIOLL, Economie, entreprises, commerces et emploi\" class=\"rl-gallery-link\" data-rl_caption=\"\" data-rel=\"lightbox-gallery-bGlnaHRib3gtZ2FsbGVyeS0w\" data-rl_><img loading=\"lazy\" decoding=\"async\" width=\"900\" height=\"881\" src=\"data:image\/svg+xml,%3Csvg%20xmlns=\" http:=\"\" class=\"attachment-large size-large\" alt=\"\" aria-describedby=\"gallery--163452\" data-lazy- data-lazy- data-lazy-src=\"https:\/\/www.europesays.com\/fr\/wp-content\/uploads\/2025\/07\/8-SONIA-FRIOLL-caluire.jpg\"\/><\/a><\/p>\n<p>\n                                Huiti\u00e8me adjointe :<br \/>\nSONIA FRIOLL,<br \/>\nEconomie, entreprises, commerces et emploi<\/p>\n<p>                                <a href=\"https:\/\/www.europesays.com\/fr\/wp-content\/uploads\/2025\/07\/9-PATRICK-CIAPPARA.jpg\" title=\"Neuvi\u00e8me adjoint : PATRICK CIAPPARA, S\u00e9curit\u00e9, logement et anciens combattants\" data-rl_title=\"Neuvi\u00e8me adjoint : PATRICK CIAPPARA, S\u00e9curit\u00e9, logement et anciens combattants\" class=\"rl-gallery-link\" data-rl_caption=\"\" data-rel=\"lightbox-gallery-bGlnaHRib3gtZ2FsbGVyeS0w\" data-rl_><img loading=\"lazy\" decoding=\"async\" width=\"900\" height=\"877\" src=\"data:image\/svg+xml,%3Csvg%20xmlns=\" http:=\"\" class=\"attachment-large size-large\" alt=\"\" aria-describedby=\"gallery--163453\" data-lazy- data-lazy- data-lazy-src=\"https:\/\/www.europesays.com\/fr\/wp-content\/uploads\/2025\/07\/9-PATRICK-CIAPPARA.jpg\"\/><\/a><\/p>\n<p>\n                                Neuvi\u00e8me adjoint :<br \/>\nPATRICK CIAPPARA,<br \/>\nS\u00e9curit\u00e9, logement et anciens combattants<\/p>\n<p><br style=\"clear: both\"\/><\/p>\n<p>                                <a href=\"https:\/\/www.europesays.com\/fr\/wp-content\/uploads\/2025\/07\/10-EVELYNE-GOYER.jpg\" title=\"Dixi\u00e8me adjointe : EVELYNE GOYER, Sant\u00e9 et aux r\u00e9seaux de soins\" data-rl_title=\"Dixi\u00e8me adjointe : EVELYNE GOYER, Sant\u00e9 et aux r\u00e9seaux de soins\" class=\"rl-gallery-link\" data-rl_caption=\"\" data-rel=\"lightbox-gallery-bGlnaHRib3gtZ2FsbGVyeS0w\" data-rl_><img loading=\"lazy\" decoding=\"async\" width=\"900\" height=\"885\" src=\"data:image\/svg+xml,%3Csvg%20xmlns=\" http:=\"\" class=\"attachment-large size-large\" alt=\"\" aria-describedby=\"gallery--163454\" data-lazy- data-lazy- data-lazy-src=\"https:\/\/www.europesays.com\/fr\/wp-content\/uploads\/2025\/07\/10-EVELYNE-GOYER.jpg\"\/><\/a><\/p>\n<p>\n                                Dixi\u00e8me adjointe :<br \/>\nEVELYNE GOYER,<br \/>\nSant\u00e9 et aux r\u00e9seaux de soins<\/p>\n<p>                                <a href=\"https:\/\/www.europesays.com\/fr\/wp-content\/uploads\/2025\/07\/11-LAURENT-MICHON.jpg\" title=\"Onzi\u00e8me adjoint : LAURENT MICHON, Affaires sociales, personnes \u00e2g\u00e9es, handicap, mobilit\u00e9\" data-rl_title=\"Onzi\u00e8me adjoint : LAURENT MICHON, Affaires sociales, personnes \u00e2g\u00e9es, handicap, mobilit\u00e9\" class=\"rl-gallery-link\" data-rl_caption=\"\" data-rel=\"lightbox-gallery-bGlnaHRib3gtZ2FsbGVyeS0w\" data-rl_><img loading=\"lazy\" decoding=\"async\" width=\"900\" height=\"813\" src=\"data:image\/svg+xml,%3Csvg%20xmlns=\" http:=\"\" class=\"attachment-large size-large\" alt=\"\" aria-describedby=\"gallery--163455\" data-lazy- data-lazy- data-lazy-src=\"https:\/\/www.europesays.com\/fr\/wp-content\/uploads\/2025\/07\/11-LAURENT-MICHON.jpg\"\/><\/a><\/p>\n<p>\n                                Onzi\u00e8me adjoint :<br \/>\nLAURENT MICHON,<br \/>\nAffaires sociales, personnes \u00e2g\u00e9es, handicap, mobilit\u00e9<\/p>\n<p><br style=\"clear: both\"\/><\/p>\n<p>                                <a href=\"https:\/\/www.europesays.com\/fr\/wp-content\/uploads\/2025\/07\/12-CHRYSTELE-LINARES.jpg\" title=\"Douzi\u00e8me adjointe : CHRYSTELE LINARES, Environnement, d\u00e9veloppement durable\" data-rl_title=\"Douzi\u00e8me adjointe : CHRYSTELE LINARES, Environnement, d\u00e9veloppement durable\" class=\"rl-gallery-link\" data-rl_caption=\"\" data-rel=\"lightbox-gallery-bGlnaHRib3gtZ2FsbGVyeS0w\" data-rl_><img loading=\"lazy\" decoding=\"async\" width=\"900\" height=\"860\" src=\"data:image\/svg+xml,%3Csvg%20xmlns=\" http:=\"\" class=\"attachment-large size-large\" alt=\"\" aria-describedby=\"gallery--163456\" data-lazy- data-lazy- data-lazy-src=\"https:\/\/www.europesays.com\/fr\/wp-content\/uploads\/2025\/07\/12-CHRYSTELE-LINARES.jpg\"\/><\/a><\/p>\n<p>\n                                Douzi\u00e8me adjointe :<br \/>\nCHRYSTELE LINARES,<br \/>\nEnvironnement, d\u00e9veloppement durable<\/p>\n<p>                        <br style=\"clear: both\"\/><\/p>\n","protected":false},"excerpt":{"rendered":"Photos \u00a9 Louis Polisson pour Lyon People Texte\u00a0: Marco Polisson \u2013 L\u2019opposition \u00e9cologiste et socialiste en short et&hellip;\n","protected":false},"author":2,"featured_media":279207,"comment_status":"","ping_status":"","sticky":false,"template":"","format":"standard","meta":{"footnotes":""},"categories":[1889],"tags":[4257,1111,47,4258,11,2430,41870,15842,1777,674,1011,27,2428,12,25],"class_list":{"0":"post-279206","1":"post","2":"type-post","3":"status-publish","4":"format-standard","5":"has-post-thumbnail","7":"category-lyon","8":"tag-0top","9":"tag-actu","10":"tag-actualite","11":"tag-actualite-lyon","12":"tag-actualites","13":"tag-auvergne-rhone-alpes","14":"tag-bastien-joint","15":"tag-caluire-et-cuire","16":"tag-eu","17":"tag-europe","18":"tag-fr","19":"tag-france","20":"tag-lyon","21":"tag-news","22":"tag-republique-francaise"},"share_on_mastodon":{"url":"https:\/\/pubeurope.com\/@fr\/114930069214783512","error":""},"_links":{"self":[{"href":"https:\/\/www.europesays.com\/fr\/wp-json\/wp\/v2\/posts\/279206","targetHints":{"allow":["GET"]}}],"collection":[{"href":"https:\/\/www.europesays.com\/fr\/wp-json\/wp\/v2\/posts"}],"about":[{"href":"https:\/\/www.europesays.com\/fr\/wp-json\/wp\/v2\/types\/post"}],"author":[{"embeddable":true,"href":"https:\/\/www.europesays.com\/fr\/wp-json\/wp\/v2\/users\/2"}],"replies":[{"embeddable":true,"href":"https:\/\/www.europesays.com\/fr\/wp-json\/wp\/v2\/comments?post=279206"}],"version-history":[{"count":0,"href":"https:\/\/www.europesays.com\/fr\/wp-json\/wp\/v2\/posts\/279206\/revisions"}],"wp:featuredmedia":[{"embeddable":true,"href":"https:\/\/www.europesays.com\/fr\/wp-json\/wp\/v2\/media\/279207"}],"wp:attachment":[{"href":"https:\/\/www.europesays.com\/fr\/wp-json\/wp\/v2\/media?parent=279206"}],"wp:term":[{"taxonomy":"category","embeddable":true,"href":"https:\/\/www.europesays.com\/fr\/wp-json\/wp\/v2\/categories?post=279206"},{"taxonomy":"post_tag","embeddable":true,"href":"https:\/\/www.europesays.com\/fr\/wp-json\/wp\/v2\/tags?post=279206"}],"curies":[{"name":"wp","href":"https:\/\/api.w.org\/{rel}","templated":true}]}}