{"id":27921,"date":"2025-04-16T00:02:33","date_gmt":"2025-04-16T00:02:33","guid":{"rendered":"https:\/\/www.europesays.com\/fr\/27921\/"},"modified":"2025-04-16T00:02:33","modified_gmt":"2025-04-16T00:02:33","slug":"quels-sont-les-enjeux-et-les-bretons-a-suivre-aux-championnats-de-france-juniors-de-natation-a-rennes","status":"publish","type":"post","link":"https:\/\/www.europesays.com\/fr\/27921\/","title":{"rendered":"Quels sont les enjeux et les Bretons \u00e0 suivre aux championnats de France juniors de natation \u00e0 Rennes ?"},"content":{"rendered":"<p>Championnats de France juniors, de ce mardi \u00e0 dimanche \u00e0 RennesLes enjeux<\/p>\n<p>Les championnats de France juniors, de ce mardi (1re s\u00e9rie \u00e0 9 h 30, 1re finale \u00e0 17 h 30) \u00e0 dimanche \u00e0 la piscine de Br\u00e9quigny (Rennes), verront s\u2019affronter les meilleurs nageurs fran\u00e7ais de 14 \u00e0 18 ans. \u00ab Cela sert de base pour les s\u00e9lections en \u00e9quipes de France jeunes, d\u00e9crit S\u00e9verine Rosset, conseill\u00e8re technique r\u00e9gionale (CTR) \u00e0 la Ligue de Bretagne. Tous les meilleurs juniors seront l\u00e0 car c\u2019est la seule date pour se qualifier aux championnats d\u2019Europe juniors (1er-6 juillet \u00e0 Samorin, Slovaquie) ou \u00e0 la Coupe de la Conf\u00e9d\u00e9ration m\u00e9diterran\u00e9enne (20-22 juin 2025 \u00e0 Belgrade, Serbie). \u00bb Pour cela, il\u00a0faut r\u00e9aliser les minima fix\u00e9s par la F\u00e9d\u00e9ration en finale et finir dans les quatre premiers.<\/p>\n<p>Contrairement \u00e0 d\u2019autres sports, il n\u2019y a pas un mais plusieurs champions de France juniors par discipline, en fonction des cat\u00e9gories d\u2019\u00e2ge (14-15 ans et 16-18 ans ou 14 ans, 15-16 ans et 17-18 ans).<\/p>\n<p>Les Bretons \u00e0 suivre<\/p>\n<p>\u00ab On a une belle g\u00e9n\u00e9ration de jeunes nageurs. Les quatre d\u00e9partements sont repr\u00e9sent\u00e9s, ce qui est int\u00e9ressant \u00bb, continue S\u00e9verine Rosset. La d\u00e9l\u00e9gation bretonne sera repr\u00e9sent\u00e9e par 14 clubs.<\/p>\n<p><strong class=\"tech\"><a href=\"https:\/\/www.letelegramme.fr\/sports\/natation\/le-brestois-simon-meubry-medaille-dor-aux-championnats-de-france-open-dete-de-natation-6397057.php\" title=\"www.letelegramme.fr\" target=\"_blank\" rel=\"noopener\">Simon Meubry<\/a><\/strong><a href=\"https:\/\/www.letelegramme.fr\/sports\/natation\/le-brestois-simon-meubry-medaille-dor-aux-championnats-de-france-open-dete-de-natation-6397057.php\" title=\"www.letelegramme.fr\" target=\"_blank\" rel=\"noopener\"> (CN Brest, 50-100-200 m nage libre, 50 m papillon)<\/a>, 18 ans, qui partira aux \u00c9tats-Unis (Louisiane) l\u2019ann\u00e9e prochaine, vise une qualification pour les championnats d\u2019Europe. C\u2019est \u00e9galement le cas de la sprinteuse <strong class=\"tech\">Romane Labhini<\/strong> (Nageurs Bigoudens, 50-100 m brasse), 18 ans, qui d\u00e9tient la meilleure performance fran\u00e7aise de la saison sur 50 m brasse, et <strong class=\"tech\">Justine Meignen Retho<\/strong> (CPB Rennes, 100-200-400-800 m nage libre).<\/p>\n<p>Pour <strong class=\"tech\">Cl\u00e9mence Allain<\/strong> (Dinan NS), la semaine s\u2019annonce longue. Elle sera au d\u00e9part de huit courses : 50, 100 et 200 m nage libre et brasse, ainsi que 200 et 400 m 4 nages. La Costarmoricaine de 15 ans visera une place \u00e0 la Coupe de la conf\u00e9d\u00e9ration m\u00e9diterran\u00e9enne, comme la Landern\u00e9enne <strong class=\"tech\"><a href=\"https:\/\/www.letelegramme.fr\/sports\/natation\/eden-le-roux-parmi-les-espoirs-bretons-aux-championnats-de-france-jeunes-a-pau-293040.php\" title=\"www.letelegramme.fr\" target=\"_blank\" rel=\"noopener\">Eden Le Roux<\/a><\/strong><br \/><a href=\"https:\/\/www.letelegramme.fr\/sports\/natation\/eden-le-roux-parmi-les-espoirs-bretons-aux-championnats-de-france-jeunes-a-pau-293040.php\" title=\"www.letelegramme.fr\" target=\"_blank\" rel=\"noopener\"> (CN Brest, 50-100-200 m dos)<\/a>.<\/p>\n<p>La comp\u00e9tition sera retransmise en direct vid\u00e9o sur le site de la cha\u00eene f\u00e9d\u00e9rale (FFNatation.TV).<\/p>\n","protected":false},"excerpt":{"rendered":"Championnats de France juniors, de ce mardi \u00e0 dimanche \u00e0 RennesLes enjeux Les championnats de France juniors, de&hellip;\n","protected":false},"author":2,"featured_media":27922,"comment_status":"","ping_status":"","sticky":false,"template":"","format":"standard","meta":{"footnotes":""},"categories":[2821],"tags":[1111,11,3450,829,3472,3166,1777,674,1011,27,9815,5216,12,3323,584,25,60],"class_list":{"0":"post-27921","1":"post","2":"type-post","3":"status-publish","4":"format-standard","5":"has-post-thumbnail","7":"category-rennes","8":"tag-actu","9":"tag-actualites","10":"tag-brest","11":"tag-bretagne","12":"tag-dinan","13":"tag-en-continu-sports","14":"tag-eu","15":"tag-europe","16":"tag-fr","17":"tag-france","18":"tag-landerneau","19":"tag-natation","20":"tag-news","21":"tag-pont-labbe","22":"tag-rennes","23":"tag-republique-francaise","24":"tag-sports"},"share_on_mastodon":{"url":"https:\/\/pubeurope.com\/@fr\/114344712341788849","error":""},"_links":{"self":[{"href":"https:\/\/www.europesays.com\/fr\/wp-json\/wp\/v2\/posts\/27921","targetHints":{"allow":["GET"]}}],"collection":[{"href":"https:\/\/www.europesays.com\/fr\/wp-json\/wp\/v2\/posts"}],"about":[{"href":"https:\/\/www.europesays.com\/fr\/wp-json\/wp\/v2\/types\/post"}],"author":[{"embeddable":true,"href":"https:\/\/www.europesays.com\/fr\/wp-json\/wp\/v2\/users\/2"}],"replies":[{"embeddable":true,"href":"https:\/\/www.europesays.com\/fr\/wp-json\/wp\/v2\/comments?post=27921"}],"version-history":[{"count":0,"href":"https:\/\/www.europesays.com\/fr\/wp-json\/wp\/v2\/posts\/27921\/revisions"}],"wp:featuredmedia":[{"embeddable":true,"href":"https:\/\/www.europesays.com\/fr\/wp-json\/wp\/v2\/media\/27922"}],"wp:attachment":[{"href":"https:\/\/www.europesays.com\/fr\/wp-json\/wp\/v2\/media?parent=27921"}],"wp:term":[{"taxonomy":"category","embeddable":true,"href":"https:\/\/www.europesays.com\/fr\/wp-json\/wp\/v2\/categories?post=27921"},{"taxonomy":"post_tag","embeddable":true,"href":"https:\/\/www.europesays.com\/fr\/wp-json\/wp\/v2\/tags?post=27921"}],"curies":[{"name":"wp","href":"https:\/\/api.w.org\/{rel}","templated":true}]}}