{"id":279211,"date":"2025-07-28T09:10:10","date_gmt":"2025-07-28T09:10:10","guid":{"rendered":"https:\/\/www.europesays.com\/fr\/279211\/"},"modified":"2025-07-28T09:10:10","modified_gmt":"2025-07-28T09:10:10","slug":"jour-j-pour-lr-qui-designe-son-candidat-sur-fond-de-rivalites-entre-barnier-et-dati","status":"publish","type":"post","link":"https:\/\/www.europesays.com\/fr\/279211\/","title":{"rendered":"Jour J pour LR qui d\u00e9signe son candidat, sur fond de rivalit\u00e9s entre Barnier et Dati"},"content":{"rendered":"<p>Et \u00e0 la fin, il n\u2019en restera qu\u2019un. Les R\u00e9publicains doivent d\u00e9signer lundi leur candidat pour la l\u00e9gislative partielle dans la deuxi\u00e8me circonscription de Paris. Deux poids lourds sont sur les rangs\u00a0: <a href=\"https:\/\/www.20minutes.fr\/dossier\/michel_barnier\" class=\"color-ultramarine c-link\" target=\"_blank\" rel=\"noopener\">Michel Barnier,<\/a> soutenu par Bruno Retailleau, et <a href=\"https:\/\/www.20minutes.fr\/politique\/4165096-20250724-rachida-dati-aubaine-beaucoup-monde-avenir-politique-ministre-ecrit-pointille\" class=\"color-ultramarine c-link\" target=\"_blank\" rel=\"noopener\">Rachida Dati<\/a> qui menace de se pr\u00e9senter contre lui.<\/p>\n<p>La commission nationale d\u2019investiture (CNI) de LR se r\u00e9unit \u00e0 17 heures. Bluff ou r\u00e9elle candidature, il est en tout cas bien \u00ab\u00a0pr\u00e9vu\u00a0\u00bb que la bouillonnante ministre soit entendue, indique \u00e0 l\u2019AFP son entourage.<\/p>\n<p>Eviter une nouvelle guerre fratricide<\/p>\n<p>Michel Barnier, \u00e9ph\u00e9m\u00e8re Premier ministre, s\u2019est port\u00e9 candidat le 15\u00a0juillet, quelques jours apr\u00e8s la d\u00e9cision du Conseil constitutionnel de d\u00e9clarer in\u00e9ligible le macroniste Jean Laussucq.<\/p>\n<p>Rachida Dati, plus que jamais int\u00e9ress\u00e9e par la Mairie de Paris, n\u2019a manifestement pas appr\u00e9ci\u00e9 la mani\u00e8re de faire et entretient depuis le flou autour de sa candidature \u00e0 cette m\u00eame l\u00e9gislative.<\/p>\n<\/p>\n<p>Pour tenter d\u2019<a href=\"https:\/\/www.20minutes.fr\/politique\/4163984-20250717-legislative-partielle-paris-vers-guerre-entre-rachida-dati-michel-barnier\" class=\"color-ultramarine c-link\" target=\"_blank\" rel=\"noopener\">\u00e9viter une nouvelle guerre fratricide<\/a> dont le parti est coutumier, une r\u00e9union s\u2019est tenu \u00ab\u00a0dimanche soir\u00a0\u00bb entre les deux int\u00e9ress\u00e9s autour de Bruno Retailleau, selon l\u2019entourage de ce dernier.<\/p>\n<p>\u00ab\u00a0Les deux ambitions &#8211; la Mairie de Paris pour Rachida Dati et la l\u00e9gislative partielle pour Michel Barnier &#8211; sont compatibles\u00a0\u00bb, assure dans le JDD la ministre Annie Genevard, pr\u00e9sidente de la Commission nationale d\u2019investiture (CNI) du parti, proche du patron de LR. \u00ab\u00a0Le pr\u00e9sident du parti s\u2019emploie \u00e0 apaiser les choses\u00a0\u00bb.<\/p>\n<p>Soutien du pr\u00e9sident du parti<\/p>\n<p>A priori, une surprise est improbable du c\u00f4t\u00e9 de la CNI. Le pr\u00e9sident des R\u00e9publicains a d\u2019ores et d\u00e9j\u00e0 apport\u00e9 son soutien au Savoyard. Et la CNI, dont la composition a \u00e9t\u00e9 remani\u00e9e il y a \u00e0 peine un mois, est favorable au ministre de l\u2019Int\u00e9rieur.<\/p>\n<p>Mais, \u00ab\u00a0il faut trancher le sujet au plus vite, pour ne pas s\u2019exposer \u00e0 des psychodrames et partir en campagne\u00a0\u00bb, a mis en garde samedi dans Le Parisien Jean-Fran\u00e7ois Cop\u00e9, l\u2019ancien patron de l\u2019UMP (avant LR), longtemps en conflit ouvert avec Fran\u00e7ois Fillon.<\/p>\n<p>\u00ab\u00a0Une question d\u2019\u00e9quilibre\u00a0\u00bb<\/p>\n<p>Exclue des R\u00e9publicains en\u00a02024 apr\u00e8s avoir \u00e9t\u00e9 d\u00e9bauch\u00e9e par Gabriel Attal pour entrer dans son gouvernement comme ministre de la Culture, Rachida Dati a repris sa carte chez LR. Pendant la campagne interne \u00e0 la pr\u00e9sidence du parti, son entourage a soutenu Laurent Wauquiez face au ministre de l\u2019Int\u00e9rieur.<\/p>\n<p>Sa col\u00e8re contre Michel Barnier est-elle retomb\u00e9e\u00a0? Lors d\u2019une r\u00e9union publique, elle l\u2019a r\u00e9cemment accus\u00e9 d\u2019\u00eatre \u00ab\u00a0instrumentalis\u00e9 par certains qui veulent la division\u00a0\u00bb.<\/p>\n<p>Ces tensions surgissent \u00e0 huit mois des municipales. Des proches de Rachida Dati, renvoy\u00e9e la semaine derni\u00e8re en proc\u00e8s pour corruption et trafic d\u2019influence, disent craindre que Michel Barnier ait lui aussi des ambitions pour l\u2019H\u00f4tel de Ville si elle ne pouvait pas se pr\u00e9senter, ce que l\u2019int\u00e9ress\u00e9 a d\u00e9menti.<\/p>\n<p>Perspective des municipales<\/p>\n<p>A ce stade, Les R\u00e9publicains n\u2019ont pas apport\u00e9 leur soutien \u00e0 la ministre pour la Mairie de Paris. \u00ab\u00a0Ce n\u2019est plus seulement une question de personnalit\u00e9 mais d\u2019\u00e9quilibre\u00a0\u00bb, s\u2019est content\u00e9 de commenter Bruno Retailleau.<\/p>\n<p>Le choc des deux t\u00e9nors n\u2019est toutefois pas forc\u00e9ment in\u00e9vitable. \u00ab\u00a0On peut sortir par le haut de cette histoire. Michel Barnier devrait dire tr\u00e8s clairement qu\u2019il soutient Rachida Dati\u00a0\u00bb pour l\u2019H\u00f4tel de Ville, commente \u00e0 l\u2019AFP le maire LR du 6e\u00a0arrondissement Jean-Pierre Lecoq, proche de la ministre.<\/p>\n<p>Du c\u00f4t\u00e9 de l\u2019ancien locataire de Matignon, on plaide pour qu&rsquo;\u00a0\u00bb un dialogue se poursuive\u00a0\u00bb, assurant qu\u2019il \u00ab\u00a0y a un chemin\u00a0\u00bb.<\/p>\n<p>Ambitions de Michel Barnier<\/p>\n<p>Mais la strat\u00e9gie du Savoyard, qui nourrit des ambitions pr\u00e9sidentielles, suscite des interrogations au sein des R\u00e9publicains. Un cadre du parti le soup\u00e7onne \u00ab\u00a0de briguer la pr\u00e9sidence du groupe des d\u00e9put\u00e9s\u00a0\u00bb, actuellement occup\u00e9e par Laurent Wauquiez.<\/p>\n<p>Pour corser le tout, les autres membres de la coalition gouvernementale n\u2019ont gu\u00e8re appr\u00e9ci\u00e9 sa fa\u00e7on de faire, \u00e0 l\u2019image de Gabriel Attal qui a \u00ab\u00a0regrett\u00e9\u00a0\u00bb que LR ne se soit pas coordonn\u00e9 avec Renaissance, alors que le d\u00e9put\u00e9 sortant si\u00e9geait dans les rangs du parti pr\u00e9sidentiel.<\/p>\n<p>Ces divisions pourraient ravir la gauche. Elle avait cr\u00e9\u00e9 la surprise l\u2019an dernier en parvenant \u00e0 se glisser au second tour dans cette circonscription, longtemps consid\u00e9r\u00e9e comme \u00ab\u00a0imperdable\u00a0\u00bb par la droite. Les socialistes doivent choisir leur candidat dans les jours qui viennent.<\/p>\n","protected":false},"excerpt":{"rendered":"Et \u00e0 la fin, il n\u2019en restera qu\u2019un. Les R\u00e9publicains doivent d\u00e9signer lundi leur candidat pour la l\u00e9gislative&hellip;\n","protected":false},"author":2,"featured_media":279212,"comment_status":"","ping_status":"","sticky":false,"template":"","format":"standard","meta":{"footnotes":""},"categories":[1888],"tags":[1111,1928,47,11,1927,1013,5949,12122,1777,674,1011,27,662,8335,27636,12,1926,626,1925,316,417,25],"class_list":{"0":"post-279211","1":"post","2":"type-post","3":"status-publish","4":"format-standard","5":"has-post-thumbnail","7":"category-paris","8":"tag-actu","9":"tag-actu-paris","10":"tag-actualite","11":"tag-actualites","12":"tag-actualites-paris","13":"tag-bruno-retailleau","14":"tag-elections","15":"tag-elections-legislatives-2024","16":"tag-eu","17":"tag-europe","18":"tag-fr","19":"tag-france","20":"tag-ile-de-france","21":"tag-les-republicains-lr","22":"tag-michel-barnier","23":"tag-news","24":"tag-news-paris","25":"tag-paris","26":"tag-paris-news","27":"tag-politique","28":"tag-rachida-dati","29":"tag-republique-francaise"},"share_on_mastodon":{"url":"https:\/\/pubeurope.com\/@fr\/114930084958785178","error":""},"_links":{"self":[{"href":"https:\/\/www.europesays.com\/fr\/wp-json\/wp\/v2\/posts\/279211","targetHints":{"allow":["GET"]}}],"collection":[{"href":"https:\/\/www.europesays.com\/fr\/wp-json\/wp\/v2\/posts"}],"about":[{"href":"https:\/\/www.europesays.com\/fr\/wp-json\/wp\/v2\/types\/post"}],"author":[{"embeddable":true,"href":"https:\/\/www.europesays.com\/fr\/wp-json\/wp\/v2\/users\/2"}],"replies":[{"embeddable":true,"href":"https:\/\/www.europesays.com\/fr\/wp-json\/wp\/v2\/comments?post=279211"}],"version-history":[{"count":0,"href":"https:\/\/www.europesays.com\/fr\/wp-json\/wp\/v2\/posts\/279211\/revisions"}],"wp:featuredmedia":[{"embeddable":true,"href":"https:\/\/www.europesays.com\/fr\/wp-json\/wp\/v2\/media\/279212"}],"wp:attachment":[{"href":"https:\/\/www.europesays.com\/fr\/wp-json\/wp\/v2\/media?parent=279211"}],"wp:term":[{"taxonomy":"category","embeddable":true,"href":"https:\/\/www.europesays.com\/fr\/wp-json\/wp\/v2\/categories?post=279211"},{"taxonomy":"post_tag","embeddable":true,"href":"https:\/\/www.europesays.com\/fr\/wp-json\/wp\/v2\/tags?post=279211"}],"curies":[{"name":"wp","href":"https:\/\/api.w.org\/{rel}","templated":true}]}}