{"id":279213,"date":"2025-07-28T09:11:11","date_gmt":"2025-07-28T09:11:11","guid":{"rendered":"https:\/\/www.europesays.com\/fr\/279213\/"},"modified":"2025-07-28T09:11:11","modified_gmt":"2025-07-28T09:11:11","slug":"donnarumma-chevalier-les-dessous-des-grandes-manoeuvres","status":"publish","type":"post","link":"https:\/\/www.europesays.com\/fr\/279213\/","title":{"rendered":"Donnarumma\/Chevalier, les dessous des grandes man\u0153uvres"},"content":{"rendered":"<p><strong>D\u00c9CRYPTAGE \u2013 <\/strong>Alors que la prolongation de Gigio Donnarumma tra\u00eene en longueur, le club de la capitale s\u2019est mis en t\u00eate de recruter le portier lillois cet \u00e9t\u00e9. Explications.<\/p>\n<p class=\"fig-paragraph\">\u00abJe veux prolonger, le PSG est ma maison\u00bb. De l\u2019eau a coul\u00e9 sous les ponts depuis\u00a0<a href=\"http:\/\/www.lefigaro.fr\/sports\/football\/ligue-des-champions\/je-veux-prolonger-le-psg-est-ma-maison-la-mise-au-point-de-donnarumma-sur-son-avenir-20250130\" data-fig-type=\"NewsFlash\" data-gtm-custom-categorie=\"navigation\" data-gtm-custom-action=\"crossclick\" data-gtm-custom-label=\"Contextuel\" data-gtm-event=\"customEventSPE\" data-fig-domain=\"LEFIGARO\" target=\"_blank\" rel=\"noopener\">cette d\u00e9claration du 29 janvier dernier<\/a>, apr\u00e8s une\u00a0<a href=\"http:\/\/www.lefigaro.fr\/sports\/football\/ligue-des-champions\/les-notes-du-psg-a-stuttgart-dembele-en-feu-barcola-dans-le-ton-20250129\" data-fig-type=\"Article\" data-gtm-custom-categorie=\"navigation\" data-gtm-custom-action=\"crossclick\" data-gtm-custom-label=\"Contextuel\" data-gtm-event=\"customEventSPE\" data-fig-domain=\"LEFIGARO\" target=\"_blank\" rel=\"noopener\">victoire 4-1 \u00e0 Stuttgart<\/a>. \u00c0 un an et demi de la fin de son contrat, qui expirera en juin 2026, Gigio Donnarumma mettait ainsi les choses au clair au sujet de son avenir. Et ce \u00e0 un moment o\u00f9 les doutes \u00e9taient plus courants que les \u00e9loges. D\u2019ailleurs, Luis Enrique n\u2019avait pas h\u00e9sit\u00e9 \u00e0 le griffer en d\u00e9but de saison, pr\u00e9f\u00e9rant Matfey Safonov \u00e0 plusieurs occasions. Et notamment lors de\u00a0<a href=\"http:\/\/www.lefigaro.fr\/flash-sport\/les-notes-du-psg-a-munich-safonov-se-troue-barcola-inexistant-vitinha-surnage-20241126\" data-fig-type=\"NewsFlash\" data-gtm-custom-categorie=\"navigation\" data-gtm-custom-action=\"crossclick\" data-gtm-custom-label=\"Contextuel\" data-gtm-event=\"customEventSPE\" data-fig-domain=\"LEFIGARO\" target=\"_blank\" rel=\"noopener\">la d\u00e9faite \u00e0 Munich, contre le Bayern (1-0), sur une boulette\u2026 dudit Safonov<\/a>.<\/p>\n<p class=\"fig-paragraph\">Champion d\u2019Europe avec sa s\u00e9lection en 2021, le portier international italien (74 s\u00e9l.) de 26 ans peinait encore \u00e0 convaincre sous les couleurs parisiennes en d\u00e9but d\u2019ann\u00e9e, cherchant notamment \u00e0 produire, enfin, un match r\u00e9f\u00e9rence en phase \u00e0 \u00e9limination directe de Ligue des champions. Le tout alors que ses limites dans le jeu au pied, la lecture ou le domaine a\u00e9rien n\u2019avaient \u00e9chapp\u00e9 \u00e0 personne. Tr\u00e8s\u2026<\/p>\n<p class=\"fig-premium-paywall__infos\">\n        Cet article est r\u00e9serv\u00e9 aux abonn\u00e9s.        Il vous reste 84% \u00e0 d\u00e9couvrir.\n    <\/p>\n<p>                <img  data- alt=\"Le Figaro\" class=\"fig-img--complete fig-img\"\/><\/p>\n<p class=\"fig-premium-paywall__title\">Vous avez envie de lire la suite ?<\/p>\n<p class=\"fig-premium-paywall__subtitle\">D\u00e9bloquez tous les articles imm\u00e9diatement.<\/p>\n<p class=\"fig-premium-paywall__connect\">\n                D\u00e9j\u00e0 abonn\u00e9\u00a0?                <a class=\"fig-premium-paywall__connect-link\" href=\"https:\/\/connect.lefigaro.fr\/login?client=horizon_web&amp;type=main&amp;redirect_uri=https%3A%2F%2Fwww.lefigaro.fr%2Fsports%2Ffootball%2Ftransferts%2Fpsg-donnarumma-chevalier-les-dessous-des-grandes-manoeuvres-20250728\" data-js-gtm=\"{&quot;customCategorie&quot;: &quot;conversion&quot;, &quot;customAction&quot;: &quot;before_Landing_Connexion_paywall_auto&quot;, &quot;customLabel&quot;: &quot;bGVmaWdhcm8uZnJfXzFmMDZiM2IxLWVkZTAtNmQ4MC05NzE4LTk3ZDUxMjliN2YyMV9fTmV3c0ZsYXNo_PSG\u00a0: Donnarumma\/Chevalier, les dessous des grandes man\u0153uvres_404&quot;, &quot;customIDSPE&quot;: &quot;bGVmaWdhcm8uZnJfXzFmMDZiM2IxLWVkZTAtNmQ4MC05NzE4LTk3ZDUxMjliN2YyMV9fTmV3c0ZsYXNo&quot;, &quot;event&quot;: &quot;customEventSPE&quot;}\" target=\"_blank\" rel=\"noopener\"><br \/>\n                    Connectez-vous<br \/>\n                <\/a>\n            <\/p>\n","protected":false},"excerpt":{"rendered":"D\u00c9CRYPTAGE \u2013 Alors que la prolongation de Gigio Donnarumma tra\u00eene en longueur, le club de la capitale s\u2019est&hellip;\n","protected":false},"author":2,"featured_media":279214,"comment_status":"","ping_status":"","sticky":false,"template":"","format":"standard","meta":{"footnotes":""},"categories":[1888],"tags":[1111,1928,11,1927,1777,674,1011,27,10528,12,1926,626,1925,93,25],"class_list":{"0":"post-279213","1":"post","2":"type-post","3":"status-publish","4":"format-standard","5":"has-post-thumbnail","7":"category-paris","8":"tag-actu","9":"tag-actu-paris","10":"tag-actualites","11":"tag-actualites-paris","12":"tag-eu","13":"tag-europe","14":"tag-fr","15":"tag-france","16":"tag-gianluigi-donnarumma","17":"tag-news","18":"tag-news-paris","19":"tag-paris","20":"tag-paris-news","21":"tag-psg","22":"tag-republique-francaise"},"share_on_mastodon":{"url":"https:\/\/pubeurope.com\/@fr\/114930088928630213","error":""},"_links":{"self":[{"href":"https:\/\/www.europesays.com\/fr\/wp-json\/wp\/v2\/posts\/279213","targetHints":{"allow":["GET"]}}],"collection":[{"href":"https:\/\/www.europesays.com\/fr\/wp-json\/wp\/v2\/posts"}],"about":[{"href":"https:\/\/www.europesays.com\/fr\/wp-json\/wp\/v2\/types\/post"}],"author":[{"embeddable":true,"href":"https:\/\/www.europesays.com\/fr\/wp-json\/wp\/v2\/users\/2"}],"replies":[{"embeddable":true,"href":"https:\/\/www.europesays.com\/fr\/wp-json\/wp\/v2\/comments?post=279213"}],"version-history":[{"count":0,"href":"https:\/\/www.europesays.com\/fr\/wp-json\/wp\/v2\/posts\/279213\/revisions"}],"wp:featuredmedia":[{"embeddable":true,"href":"https:\/\/www.europesays.com\/fr\/wp-json\/wp\/v2\/media\/279214"}],"wp:attachment":[{"href":"https:\/\/www.europesays.com\/fr\/wp-json\/wp\/v2\/media?parent=279213"}],"wp:term":[{"taxonomy":"category","embeddable":true,"href":"https:\/\/www.europesays.com\/fr\/wp-json\/wp\/v2\/categories?post=279213"},{"taxonomy":"post_tag","embeddable":true,"href":"https:\/\/www.europesays.com\/fr\/wp-json\/wp\/v2\/tags?post=279213"}],"curies":[{"name":"wp","href":"https:\/\/api.w.org\/{rel}","templated":true}]}}