{"id":279219,"date":"2025-07-28T09:14:32","date_gmt":"2025-07-28T09:14:32","guid":{"rendered":"https:\/\/www.europesays.com\/fr\/279219\/"},"modified":"2025-07-28T09:14:32","modified_gmt":"2025-07-28T09:14:32","slug":"24-000-tonnes-96-ogives-le-kniaz-pojarski-nouveau-sous-marin-nucleaire-russe-fait-deja-peur","status":"publish","type":"post","link":"https:\/\/www.europesays.com\/fr\/279219\/","title":{"rendered":"24 000 tonnes, 96 ogives\u2026 le Kniaz Pojarski, nouveau sous-marin nucl\u00e9aire russe, fait d\u00e9j\u00e0 peur"},"content":{"rendered":"<p>Trois ans et demi apr\u00e8s l\u2019invasion de l\u2019Ukraine, la Russie tente de se renforcer mois apr\u00e8s mois. Malgr\u00e9 de nouveaux pourparlers qui se sont tenus en Turquie la semaine derni\u00e8re entre Russes et Ukrainiens, c\u2019est toujours le statu quo sur le front. Du 23 au 27 juillet, la Russie a d\u2019ailleurs men\u00e9 sa <a href=\"https:\/\/www.capital.fr\/economie-politique\/russie-manoeuvre-militaire-geante-15-000-soldats-mobilises-sur-quatre-mers-1516567\" rel=\"nofollow noopener\" target=\"_blank\">vaste op\u00e9ration navale \u00abTemp\u00eate de juillet\u00bb<\/a>, avec 15 000 soldats mobilis\u00e9s, ainsi que <a href=\"https:\/\/www.capital.fr\/economie-politique\/guerre-en-ukraine-des-navires-russes-armes-de-missiles-kalibr-reperes-en-mediterranee-1516162\" rel=\"nofollow noopener\" target=\"_blank\">150 navires<\/a> et 120 avions d\u00e9ploy\u00e9s. Un exercice en mer pour montrer les muscles avant un autre au sol pr\u00e9vu en septembre prochain. Mais comme le rapporte <a href=\"https:\/\/www.leparisien.fr\/international\/ukraine\/guerre-en-ukraine-la-force-russe-des-prochaines-decennies-cest-quoi-le-kniaz-pojarski-le-nouveau-sous-marin-nucleaire-de-poutine-27-07-2025-6BOA55LPGVC6ZNN5ZZE6JLNRAY.php\" rel=\"nofollow noopener\" target=\"_blank\">Le Parisien<\/a>, Moscou acc\u00e9l\u00e8re pour <strong>moderniser sa flotte navale<\/strong>.<\/p>\n<p>Jeudi 24 juillet, Vladimir Poutine a inaugur\u00e9 en grande pompe le tout nouveau sous-marin de son arm\u00e9e navale : le \u00abKniaz Pojarski\u00bb. <strong>Cinqui\u00e8me sous-marin porte-missiles<\/strong> de la s\u00e9rie Bore\u00ef, il s\u2019agit d\u2019un lanceur de missiles de quatri\u00e8me g\u00e9n\u00e9ration aussi bien d\u00e9fensif qu\u2019offensif. Pesant plus de <strong>24 000 tonnes<\/strong> et long de 170 m\u00e8tres, il peut, selon nos confr\u00e8res, transporter des missiles balistiques intercontinentaux. Plus pr\u00e9cis\u00e9ment, il peut embarquer <strong>96 ogives<\/strong> et seize missiles Bulava. Il peut \u00e9galement naviguer \u00e0 une vitesse de 46 km\/h.<\/p>\n<p>Un navire qui doit \u00abassurer la s\u00e9curit\u00e9 et les int\u00e9r\u00eats nationaux\u00bb<\/p>\n<p>\u00abCes navires constituent la base des forces strat\u00e9giques de la marine. Compte tenu de leur modernisation, ils assureront la s\u00e9curit\u00e9 et incarnent la force de notre pays au cours des prochaines d\u00e9cennies\u00bb, s\u2019est vant\u00e9 <a href=\"https:\/\/www.capital.fr\/economie-politique\/avec-poutine-faut-il-sattendre-a-une-guerre-longue-1496684\" rel=\"nofollow noopener\" target=\"_blank\">Vladimir Poutine<\/a> lors de son inauguration dans le port de Severodinsk. Il ajoute que ce sous-marin doit permettre \u00abd\u2019assurer la s\u00e9curit\u00e9 et les int\u00e9r\u00eats nationaux de la Russie dans les oc\u00e9ans mondiaux\u00bb. Le dirigeant russe a \u00e9galement cit\u00e9 d\u2019autres \u00e9quipements du Kniaz Pojarski comme ses <strong>installations radio\u00e9lectroniques<\/strong>.<\/p>\n<p>Mais le sous-marin embarque surtout des \u00absyst\u00e8mes de torpilles et de guerre acoustique \u00e0 la pointe de la technologie\u00bb. Apr\u00e8s neuf ans d\u2019essais, le sous-marin a donc pris la mer. Nos confr\u00e8res rappellent que <a href=\"https:\/\/www.capital.fr\/economie-politique\/la-france-cible-prioritaire-de-la-russie-lalerte-du-chef-detat-major-1516082\" rel=\"nofollow noopener\" target=\"_blank\">la Russie<\/a> a d\u00e9j\u00e0 mis en service 49 bateaux depuis cinq ans, le tout dans un vaste <strong>plan d\u2019investissement militaire<\/strong> \u00e9valu\u00e9 \u00e0 <strong>1 100 milliards de dollars<\/strong>. Selon l\u2019Ukraine, il pourrait servir \u00e0 \u00abpr\u00e9parer \u00e0 la guerre \u00e0 tr\u00e8s grande \u00e9chelle \u00e0 venir\u00bb.<\/p>\n","protected":false},"excerpt":{"rendered":"Trois ans et demi apr\u00e8s l\u2019invasion de l\u2019Ukraine, la Russie tente de se renforcer mois apr\u00e8s mois. Malgr\u00e9&hellip;\n","protected":false},"author":2,"featured_media":279220,"comment_status":"","ping_status":"","sticky":false,"template":"","format":"standard","meta":{"footnotes":""},"categories":[1591],"tags":[11,1887,12,1885,1886,132],"class_list":{"0":"post-279219","1":"post","2":"type-post","3":"status-publish","4":"format-standard","5":"has-post-thumbnail","7":"category-russie","8":"tag-actualites","9":"tag-federation-de-russie","10":"tag-news","11":"tag-russia","12":"tag-russian-federation","13":"tag-russie"},"share_on_mastodon":{"url":"https:\/\/pubeurope.com\/@fr\/114930100741979981","error":""},"_links":{"self":[{"href":"https:\/\/www.europesays.com\/fr\/wp-json\/wp\/v2\/posts\/279219","targetHints":{"allow":["GET"]}}],"collection":[{"href":"https:\/\/www.europesays.com\/fr\/wp-json\/wp\/v2\/posts"}],"about":[{"href":"https:\/\/www.europesays.com\/fr\/wp-json\/wp\/v2\/types\/post"}],"author":[{"embeddable":true,"href":"https:\/\/www.europesays.com\/fr\/wp-json\/wp\/v2\/users\/2"}],"replies":[{"embeddable":true,"href":"https:\/\/www.europesays.com\/fr\/wp-json\/wp\/v2\/comments?post=279219"}],"version-history":[{"count":0,"href":"https:\/\/www.europesays.com\/fr\/wp-json\/wp\/v2\/posts\/279219\/revisions"}],"wp:featuredmedia":[{"embeddable":true,"href":"https:\/\/www.europesays.com\/fr\/wp-json\/wp\/v2\/media\/279220"}],"wp:attachment":[{"href":"https:\/\/www.europesays.com\/fr\/wp-json\/wp\/v2\/media?parent=279219"}],"wp:term":[{"taxonomy":"category","embeddable":true,"href":"https:\/\/www.europesays.com\/fr\/wp-json\/wp\/v2\/categories?post=279219"},{"taxonomy":"post_tag","embeddable":true,"href":"https:\/\/www.europesays.com\/fr\/wp-json\/wp\/v2\/tags?post=279219"}],"curies":[{"name":"wp","href":"https:\/\/api.w.org\/{rel}","templated":true}]}}