{"id":279221,"date":"2025-07-28T09:15:12","date_gmt":"2025-07-28T09:15:12","guid":{"rendered":"https:\/\/www.europesays.com\/fr\/279221\/"},"modified":"2025-07-28T09:15:12","modified_gmt":"2025-07-28T09:15:12","slug":"lutte-anticorruption-en-ukraine-apres-le-tolle-emmanuel-macron-reitere-le-soutien-de-la-france-a-kiev-28-07-2025-a-1052","status":"publish","type":"post","link":"https:\/\/www.europesays.com\/fr\/279221\/","title":{"rendered":"Lutte anticorruption en Ukraine : apr\u00e8s le toll\u00e9, Emmanuel Macron \u00ab\u00a0r\u00e9it\u00e8re le soutien de la France\u00a0\u00bb \u00e0 Kiev &#8211; 28\/07\/2025 \u00e0 10:52"},"content":{"rendered":"<p>        <img fetchpriority=\"high\" decoding=\"async\" src=\"https:\/\/www.europesays.com\/fr\/wp-content\/uploads\/2025\/07\/b7575f03c3d7b81b3fac7c24dd4cec69-760x507.jpg\" alt=\"Emmanuel Macron et Volodymyr Zelensky \u00e0 La Haye le 24 juin 2025. ( POOL \/ LUDOVIC MARIN )\" loading=\"eager\" width=\"760\" height=\"507\" style=\"max-width: 100%!important; height: auto;\"\/><\/p>\n<p class=\"c-image-news__legend\">Emmanuel Macron et Volodymyr Zelensky \u00e0 La Haye le 24 juin 2025. ( POOL \/ LUDOVIC MARIN )<\/p>\n<p> \u00ab\u00a0Ce qui distingue aussi, aujourd&rsquo;hui, l&rsquo;Ukraine de la Russie, c&rsquo;est qu&rsquo;elle reste, malgr\u00e9 la guerre, une d\u00e9mocratie vibrante\u00a0\u00bb, a estim\u00e9 Emmanuel Macron dimanche 27 juillet.<\/p>\n<p>\n Volodymyr Zelensky, dans la tourmente apr\u00e8s un projet de loi d\u00e9cri\u00e9, peut toujours compter sur le soutien de la France. Lors d&rsquo;un \u00e9change avec Emmanuel Macron dimanche 27 juillet, les deux chefs d&rsquo;Etat ont \u00ab\u00a0r\u00e9affirm\u00e9<br \/>\n <strong><br \/>\n  l&rsquo;importance de la lutte contre la corruption,<br \/>\n <\/strong><br \/>\n port\u00e9e par des institutions ind\u00e9pendantes et pleinement efficaces\u00a0\u00bb, a indiqu\u00e9 le chef de l&rsquo;Etat fran\u00e7ais dans un message sur X.\n<\/p>\n<p>\n Cette semaine, Volodymyr Zelensky avait<br \/>\n <strong><br \/>\n  provoqu\u00e9 un toll\u00e9<br \/>\n <\/strong><br \/>\n avec une loi supprimant de fait l&rsquo;ind\u00e9pendance de deux organismes anticorruption en les pla\u00e7ant sous l&rsquo;autorit\u00e9 directe du procureur g\u00e9n\u00e9ral, subordonn\u00e9 \u00e0 l&rsquo;ex\u00e9cutif ukrainien. Volodymyr Zelensky avait tr\u00e8s rapidement promulgu\u00e9 le texte apr\u00e8s son vote mardi par le Parlement, avant de<br \/>\n <strong><br \/>\n  r\u00e9trop\u00e9daler deux jours plus tard.<br \/>\n <\/strong><br \/>\n \u00ab\u00a0Nous avons partag\u00e9 la conviction que ce qui distingue aussi, aujourd&rsquo;hui, l&rsquo;Ukraine de la Russie, c&rsquo;est qu&rsquo;elle reste, malgr\u00e9 la guerre,<br \/>\n <strong><br \/>\n  une d\u00e9mocratie vibrante<br \/>\n <\/strong><br \/>\n \u2014 et qu&rsquo;elle entend continuer \u00e0 progresser sur son chemin europ\u00e9en. Dans ce contexte, nous avons r\u00e9affirm\u00e9 l&rsquo;importance de la lutte contre la corruption, port\u00e9e par<br \/>\n <strong><br \/>\n  des institutions ind\u00e9pendantes et pleinement efficaces\u00a0\u00bb<br \/>\n <\/strong><br \/>\n , a d\u00e9clar\u00e9 dimanche Emmanuel Macron sur X.\n<\/p>\n<p> Kiev \u00ab\u00a0peut compter sur notre soutien pour progresser sur son chemin europ\u00e9en\u00a0\u00bb, assure Ursula von der Leyen<\/p>\n<p>\n \u00ab\u00a0J&rsquo;ai r\u00e9it\u00e9r\u00e9 le soutien de la France :<br \/>\n <strong><br \/>\n  nous continuerons de renforcer l&rsquo;aide \u00e0 l&rsquo;Ukraine<br \/>\n <\/strong><br \/>\n et d&rsquo;accentuer la pression sur la Russie. Celle-ci doit enfin agr\u00e9er un cessez-le-feu ouvrant la voie \u00e0 des discussions pour une paix solide et durable, avec la participation des Europ\u00e9ens\u00a0\u00bb, a-t-il \u00e9galement \u00e9crit. De son c\u00f4t\u00e9, la pr\u00e9sidente de la Commission europ\u00e9enne Ursula von der Leyen &#8211; qui avait demand\u00e9 des \u00ab\u00a0explications\u00a0\u00bb \u00e0 Volodymyr Zelensky apr\u00e8s sa promulgation de la loi contest\u00e9e &#8211; a estim\u00e9 dimanche sur X que<br \/>\n <strong><br \/>\n  l&rsquo;Ukraine doit \u00ab\u00a0pr\u00e9server les organes ind\u00e9pendants de lutte contre la corruption,<br \/>\n <\/strong><br \/>\n qui sont des pierres angulaires de l&rsquo;\u00c9tat de droit\u00a0\u00bb. Kiev \u00ab\u00a0peut compter sur<br \/>\n <strong><br \/>\n  notre soutien pour progresser sur son chemin europ\u00e9en,\u00a0\u00bb<br \/>\n <\/strong><br \/>\n a-t-elle ajout\u00e9.\n<\/p>\n<p>\n Selon des groupes issus de la soci\u00e9t\u00e9 civile ukrainienne, le texte vot\u00e9 par le Parlement s&rsquo;inscrit dans un contexte de<br \/>\n <strong><br \/>\n  pressions gouvernementales croissantes sur les acteurs de la lutte anticorruption,<br \/>\n <\/strong><br \/>\n dans ce pays fortement affect\u00e9 par ce fl\u00e9au. Les partenaires de l&rsquo;Ukraine, dont l&rsquo;Union europ\u00e9enne, ont donc rapidement manifest\u00e9 leurs pr\u00e9occupations. Face \u00e0 la controverse, alors que la loi a suscit\u00e9 de vives critiques au sein de la soci\u00e9t\u00e9 civile ukrainienne, Volodymyr Zelensky a finalement annonc\u00e9 jeudi qu&rsquo;il proposait<br \/>\n <strong><br \/>\n  un nouveau projet de loi<br \/>\n <\/strong><br \/>\n pour assurer de nouveau l'\u00a0\u00bbind\u00e9pendance\u00a0\u00bb des structures anticorruption ukrainiennes face au pouvoir. Une mesure cette fois salu\u00e9e par Bruxelles.<\/p>\n","protected":false},"excerpt":{"rendered":"Emmanuel Macron et Volodymyr Zelensky \u00e0 La Haye le 24 juin 2025. ( POOL \/ LUDOVIC MARIN )&hellip;\n","protected":false},"author":2,"featured_media":279222,"comment_status":"","ping_status":"","sticky":false,"template":"","format":"standard","meta":{"footnotes":""},"categories":[1590],"tags":[400,11,398,408,405,1777,674,403,402,399,404,12,401,406,220,407],"class_list":{"0":"post-279221","1":"post","2":"type-post","3":"status-publish","4":"format-standard","5":"has-post-thumbnail","7":"category-ukraine","8":"tag-action-cac-40","9":"tag-actualites","10":"tag-bourse-de-paris","11":"tag-boursorama","12":"tag-cotations","13":"tag-eu","14":"tag-europe","15":"tag-indices-devises","16":"tag-investir","17":"tag-investissement","18":"tag-marche-boursier","19":"tag-news","20":"tag-sicav","21":"tag-trackers","22":"tag-ukraine","23":"tag-warrants"},"share_on_mastodon":{"url":"https:\/\/pubeurope.com\/@fr\/114930104723602258","error":""},"_links":{"self":[{"href":"https:\/\/www.europesays.com\/fr\/wp-json\/wp\/v2\/posts\/279221","targetHints":{"allow":["GET"]}}],"collection":[{"href":"https:\/\/www.europesays.com\/fr\/wp-json\/wp\/v2\/posts"}],"about":[{"href":"https:\/\/www.europesays.com\/fr\/wp-json\/wp\/v2\/types\/post"}],"author":[{"embeddable":true,"href":"https:\/\/www.europesays.com\/fr\/wp-json\/wp\/v2\/users\/2"}],"replies":[{"embeddable":true,"href":"https:\/\/www.europesays.com\/fr\/wp-json\/wp\/v2\/comments?post=279221"}],"version-history":[{"count":0,"href":"https:\/\/www.europesays.com\/fr\/wp-json\/wp\/v2\/posts\/279221\/revisions"}],"wp:featuredmedia":[{"embeddable":true,"href":"https:\/\/www.europesays.com\/fr\/wp-json\/wp\/v2\/media\/279222"}],"wp:attachment":[{"href":"https:\/\/www.europesays.com\/fr\/wp-json\/wp\/v2\/media?parent=279221"}],"wp:term":[{"taxonomy":"category","embeddable":true,"href":"https:\/\/www.europesays.com\/fr\/wp-json\/wp\/v2\/categories?post=279221"},{"taxonomy":"post_tag","embeddable":true,"href":"https:\/\/www.europesays.com\/fr\/wp-json\/wp\/v2\/tags?post=279221"}],"curies":[{"name":"wp","href":"https:\/\/api.w.org\/{rel}","templated":true}]}}