{"id":279223,"date":"2025-07-28T09:16:23","date_gmt":"2025-07-28T09:16:23","guid":{"rendered":"https:\/\/www.europesays.com\/fr\/279223\/"},"modified":"2025-07-28T09:16:23","modified_gmt":"2025-07-28T09:16:23","slug":"cac40-laccord-usa-ue-rassure-les-marches","status":"publish","type":"post","link":"https:\/\/www.europesays.com\/fr\/279223\/","title":{"rendered":"CAC40 : l&rsquo;accord USA\/UE rassure les march\u00e9s"},"content":{"rendered":"<p>                    La Bourse de Paris gagne 0,8 %, autour des 7895 points, tir\u00e9e par STMicro (+3,2 %), Legrand (+2 %) et Capgemini (+1,7 %).<\/p>\n<p>L&rsquo;accord commercial conclu hier entre les \u00c9tats-Unis et l&rsquo;Union europ\u00e9enne a apport\u00e9 un soulagement bienvenu dans l&rsquo;\u00e9pineux dossier des relations commerciales internationales, m\u00eame si les facteurs de prudence restent bien pr\u00e9sents avant une semaine qui s&rsquo;annonce extr\u00eamement charg\u00e9e.<\/p>\n<p>Les \u00c9tats-Unis et l&rsquo;Union europ\u00e9enne ont en effet annonc\u00e9 dimanche soir \u00eatre parvenus \u00e0 un accord sur le commerce \u00e9tablissant un taux unique de droits de douane \u00e0 15 % sur la grande majorit\u00e9 des exportations de l&rsquo;UE.<\/p>\n<p>Ce taux s&rsquo;appliquera \u00e0 la plupart des secteurs, de l&rsquo;automobile aux semi-conducteurs en passant par les produits pharmaceutiques, m\u00eame si certains produits strat\u00e9giques dans l&rsquo;a\u00e9ronautique, les ressources naturelles ou les mati\u00e8res premi\u00e8res critiques en seront, eux, exempt\u00e9s.<\/p>\n<p>Bruxelles s&rsquo;est par ailleurs engag\u00e9e \u00e0 acheter aux \u00c9tats-Unis pour 750 milliards de dollars d&rsquo;\u00e9nergie et \u00e0 augmenter de 600 milliards de dollars ses investissements aux \u00c9tats-Unis, tout en supprimant l&rsquo;int\u00e9gralit\u00e9 des droits de douane sur les importations am\u00e9ricaines.<\/p>\n<p>Les analystes \u00e9voquent cependant un compromis favorable au Vieux Continent, principalement dans la mesure o\u00f9 celui-ci va permettre d&rsquo;\u00e9carter l&rsquo;incertitude qui pesait depuis de longs mois sur les questions commerciales.<\/p>\n<p>&lsquo;On obtient la moiti\u00e9 du taux de 30 % qui \u00e9tait cens\u00e9 entrer en vigueur vendredi, et on est bien en de\u00e7\u00e0 de la menace des 50 % qui avait \u00e9t\u00e9 brandie par Trump au d\u00e9but du mois&rsquo;, souligne Michael Brown, le strat\u00e9giste de Pepperstone.<\/p>\n<p>Certains professionnels \u00e9voquent m\u00eame un accord &lsquo;gagnant&rsquo;, qui devrait avoir peu d&rsquo;effet sur la croissance en Europe alors que les \u00c9tats-Unis devraient p\u00e2tir des tensions inflationnistes li\u00e9es aux surtaxes douani\u00e8res.<\/p>\n<p>&lsquo;Ce taux de 15 % est \u00e9quivalent \u00e0 celui du Japon et bien inf\u00e9rieur \u00e0 celui impos\u00e9 \u00e0 la Chine, ce qui devrait offrir une stabilit\u00e9 bienvenue aux entreprises europ\u00e9ennes&rsquo;, juge Joachim Klement, chez Panmure Liberum.<\/p>\n<p>&lsquo;Cela signifie que les exportateurs europ\u00e9ens pourraient m\u00eame gagner aux \u00c9tats-Unis des parts de march\u00e9 sur leurs concurrents chinois, qui sont pr\u00e9sents sur le sol am\u00e9ricain, p\u00e9nalis\u00e9s par des taxes plus lourdes&rsquo;, poursuit l&rsquo;analyste.<\/p>\n<p>Les secteurs les plus sensibles au dossier du commerce international comme l&rsquo;automobile, la pharmacie ou les mati\u00e8res premi\u00e8res devraient ainsi \u00eatre pl\u00e9biscit\u00e9s en Europe aujourd&rsquo;hui.<\/p>\n<p>Les &lsquo;futures&rsquo; sur les indices am\u00e9ricains signalent eux aussi une hausse de 0,4 % \u00e0 0,6 %, lundi, poursuivant la progression observ\u00e9e la semaine derni\u00e8re, qui s&rsquo;\u00e9tait sold\u00e9e par l&rsquo;inscription de nouveaux records \u00e0 Wall Street.<\/p>\n<p>Toutes ces nouvelles devraient permettre aux places boursi\u00e8res europ\u00e9ennes de d\u00e9marrer de bon pied une semaine qui s&rsquo;annonce intense sur tous les fronts.<\/p>\n<p>Du c\u00f4t\u00e9 des banques centrales, la R\u00e9serve f\u00e9d\u00e9rale am\u00e9ricaine devrait laisser ses taux directeurs inchang\u00e9s mercredi \u00e0 l&rsquo;issue de la r\u00e9union de son comit\u00e9 de politique mon\u00e9taire.<\/p>\n<p>Bon nombre d&rsquo;intervenants esp\u00e8rent cependant que la tonalit\u00e9 de son communiqu\u00e9 ouvre la voie \u00e0 une reprise de ses mesures d&rsquo;assouplissement d&rsquo;ici \u00e0 la fin de l&rsquo;ann\u00e9e.<\/p>\n<p>Selon le ton qu&rsquo;adoptera la banque centrale et les perspectives qu&rsquo;elle d\u00e9voilera, certains investisseurs redoutent un \u00e9t\u00e9 potentiellement volatil.<\/p>\n<p>Depuis le 20 juin, c&rsquo;est-\u00e0-dire en un peu plus d&rsquo;un mois, l&rsquo;indice S&amp;P 500 a en effet rebondi de plus de 7 %, tandis que le Nasdaq s&rsquo;est adjug\u00e9 9 %.<\/p>\n<p>Aucun indicateur \u00e9conomique ne figure \u00e0 l&rsquo;agenda ce lundi mais la semaine s&rsquo;annonce \u00e9galement charg\u00e9e sur ce terrain avec, en point d&rsquo;orgue, la publication, vendredi, des chiffres de l&#8217;emploi du mois de juillet.<\/p>\n<p>Ce rapport, qui tombera deux jours apr\u00e8s les annonces de la Fed, pourrait encourager les investisseurs \u00e0 parier sur de futures baisses de taux ou au contraire \u00e0 envisager une poursuite du &lsquo;statu quo&rsquo; actuel.<\/p>\n<p>La saison de publications de r\u00e9sultats devrait aussi apporter son lot d&rsquo;enseignements, que ce soit aux \u00c9tats-Unis ou en Europe.<\/p>\n<p>La semaine sera particuli\u00e8rement charg\u00e9e aux \u00c9tats-Unis avec environ 164 soci\u00e9t\u00e9s du S&amp;P 500, dont neuf composantes du Dow Jones, qui publieront cette semaine, dont Meta et Microsoft mercredi soir, puis Apple et Amazon jeudi.<\/p>\n<p>Jusqu&rsquo;\u00e0 pr\u00e9sent, 80 % des entreprises am\u00e9ricaines ont fait mieux que pr\u00e9vu durant cette saison des r\u00e9sultats, \u00e0 comparer avec une moyenne de 78 % sur cinq ans et de 75 % sur dix ans.<\/p>\n<p>En Europe, seules 47 % d&rsquo;entre elles ont d\u00e9pass\u00e9 les attentes, une d\u00e9ception que les sp\u00e9cialistes attribuent au r\u00e9cent redressement de l&rsquo;euro qui p\u00e9nalise \u00e0 la fois leur chiffre d&rsquo;affaires et leurs b\u00e9n\u00e9fices.<\/p>\n<p>Les march\u00e9s pourraient n\u00e9anmoins rester prudents, sachant que l&rsquo;arriv\u00e9e \u00e0 \u00e9ch\u00e9ance vendredi de la date butoir du 1er ao\u00fbt pour l&rsquo;entr\u00e9e en vigueur des surtaxes douani\u00e8res promises lors du &lsquo;Liberation Day&rsquo; pourrait nuancer le r\u00e9cent optimisme des investisseurs sur les questions commerciales.<\/p>\n<p>Dans cet \u00e9tat d&rsquo;esprit, les investisseurs suivront \u00e9galement la reprise des n\u00e9gociations commerciales USA-Chine \u00e0 Stockholm, qui devraient, selon toute vraisemblance, d\u00e9boucher sur une nouvelle pause de 90 jours entre les deux premi\u00e8res puissances \u00e9conomiques mondiales.<\/p>\n<p>Dans l&rsquo;actualit\u00e9 des soci\u00e9t\u00e9 tricolores, Thales Alenia Space, coentreprise de Thales (67%) et Leonardo (33%), annonce que MicroCarb, mission scientifique conjointe entre les agences spatiales britannique (UKSA) et fran\u00e7aise (CNES), a \u00e9t\u00e9 lanc\u00e9e avec succ\u00e8s depuis Kourou.<\/p>\n<p>La Soci\u00e9t\u00e9 de Tayninh indique qu&rsquo;Unibail-Rodamco-Westfield (URW) a sign\u00e9 un contrat pour la cession de sa participation, soit pr\u00e8s de 97,7% du capital et des droits de vote, aux investisseurs Nuku Hiva Holding et Quatre Vingt Dix.<\/p>\n<p>Bureau Veritas a annonc\u00e9 lundi qu&rsquo;il avait \u00e9t\u00e9 choisi pour devenir le partenaire de v\u00e9rification de l&rsquo;indice de r\u00e9silience des b\u00e2timents (BRI), un projet conduit par une \u00e9manation de la Banque mondiale, sur les principaux march\u00e9s \u00e9mergents d&rsquo;Am\u00e9rique latine, d&rsquo;Afrique, d&rsquo;Asie de l&rsquo;Est et du Pacifique.<\/p>\n","protected":false},"excerpt":{"rendered":"La Bourse de Paris gagne 0,8 %, autour des 7895 points, tir\u00e9e par STMicro (+3,2 %), Legrand (+2&hellip;\n","protected":false},"author":2,"featured_media":279224,"comment_status":"","ping_status":"","sticky":false,"template":"","format":"standard","meta":{"footnotes":""},"categories":[1589],"tags":[11,340,73,1866,12,1864,1865,1863,308],"class_list":{"0":"post-279223","1":"post","2":"type-post","3":"status-publish","4":"format-standard","5":"has-post-thumbnail","7":"category-etats-unis","8":"tag-actualites","9":"tag-bourse","10":"tag-etats-unis","11":"tag-etats-unis-damerique","12":"tag-news","13":"tag-united-states","14":"tag-united-states-of-america","15":"tag-us","16":"tag-usa"},"share_on_mastodon":{"url":"https:\/\/pubeurope.com\/@fr\/114930108735947213","error":""},"_links":{"self":[{"href":"https:\/\/www.europesays.com\/fr\/wp-json\/wp\/v2\/posts\/279223","targetHints":{"allow":["GET"]}}],"collection":[{"href":"https:\/\/www.europesays.com\/fr\/wp-json\/wp\/v2\/posts"}],"about":[{"href":"https:\/\/www.europesays.com\/fr\/wp-json\/wp\/v2\/types\/post"}],"author":[{"embeddable":true,"href":"https:\/\/www.europesays.com\/fr\/wp-json\/wp\/v2\/users\/2"}],"replies":[{"embeddable":true,"href":"https:\/\/www.europesays.com\/fr\/wp-json\/wp\/v2\/comments?post=279223"}],"version-history":[{"count":0,"href":"https:\/\/www.europesays.com\/fr\/wp-json\/wp\/v2\/posts\/279223\/revisions"}],"wp:featuredmedia":[{"embeddable":true,"href":"https:\/\/www.europesays.com\/fr\/wp-json\/wp\/v2\/media\/279224"}],"wp:attachment":[{"href":"https:\/\/www.europesays.com\/fr\/wp-json\/wp\/v2\/media?parent=279223"}],"wp:term":[{"taxonomy":"category","embeddable":true,"href":"https:\/\/www.europesays.com\/fr\/wp-json\/wp\/v2\/categories?post=279223"},{"taxonomy":"post_tag","embeddable":true,"href":"https:\/\/www.europesays.com\/fr\/wp-json\/wp\/v2\/tags?post=279223"}],"curies":[{"name":"wp","href":"https:\/\/api.w.org\/{rel}","templated":true}]}}