{"id":279227,"date":"2025-07-28T09:18:13","date_gmt":"2025-07-28T09:18:13","guid":{"rendered":"https:\/\/www.europesays.com\/fr\/279227\/"},"modified":"2025-07-28T09:18:13","modified_gmt":"2025-07-28T09:18:13","slug":"lenquete-privilegie-la-piste-dun-glissement-de-terrain","status":"publish","type":"post","link":"https:\/\/www.europesays.com\/fr\/279227\/","title":{"rendered":"l&rsquo;enqu\u00eate privil\u00e9gie la piste d&rsquo;un glissement de terrain"},"content":{"rendered":"<p class=\"c-chapo \">\n  L&rsquo;accident, survenu dimanche dans une zone bois\u00e9e du sud-ouest de l&rsquo;Allemagne, a fait trois morts et 41 bless\u00e9s.\n<\/p>\n<p>            lire plus tard<\/p>\n<p id=\"dialog__title\" class=\"dialog__title\">Pour sauvegarder cet article, connectez-vous ou cr\u00e9ez un compte franceinfo<\/p>\n<p class=\"dialog__description\">Sans paiement. Sans abonnement.<\/p>\n<p>        Fermer la fen\u00eatre d\u2019activation des notifications France Info<\/p>\n<p>            cr\u00e9er votre compte<\/p>\n<p>            se connecter<\/p>\n<p>        Fermer la fen\u00eatre de pr\u00e9sentation<\/p>\n<p>    <img loading=\"lazy\" decoding=\"async\" class=\"signature__image lazyload\" width=\"100\" height=\"100\" data- alt=\"\" src=\"https:\/\/www.europesays.com\/fr\/wp-content\/uploads\/2025\/05\/64a68815cd1a7_placeholder-36b69ec8.png\"\/><\/p>\n<p>    Publi\u00e9 le 28\/07\/2025 11:10<\/p>\n<p>        Temps de lecture : 1min<\/p>\n<p>    <img decoding=\"async\"  alt=\"Des employ\u00e9s de la compagnie ferroviaire allemande, la Deutsche Bahn, inspectent les rails \u00e0 proximit\u00e9 de la commune de Riedlingen (sud-ouest de l'Allemagne) o\u00f9 un train a d\u00e9raill\u00e9, au lendemain du drame, le 28\u00a0juillet 2025. (KARL-JOSEF HILDENBRAND \/ AFP)\" width=\"432\" height=\"243\" src=\"https:\/\/www.europesays.com\/fr\/wp-content\/uploads\/2025\/07\/000-682849e-68873d951e0b6605590259.jpg\" fetchpriority=\"high\"\/><\/p>\n<p>      Des employ\u00e9s de la compagnie ferroviaire allemande, la Deutsche Bahn, inspectent les rails \u00e0 proximit\u00e9 de la commune de Riedlingen (sud-ouest de l&rsquo;Allemagne) o\u00f9 un train a d\u00e9raill\u00e9, au lendemain du drame, le 28\u00a0juillet 2025. (KARL-JOSEF HILDENBRAND \/ AFP)<\/p>\n<p>Les circonstances de l&rsquo;<a href=\"https:\/\/www.franceinfo.fr\/monde\/europe\/allemagne\/au-moins-trois-blesses-apres-le-deraillement-d-un-train-dans-le-sud-ouest-de-l-allemagne_7402534.html\" rel=\"nofollow noopener\" target=\"_blank\">accident de train qui a fait trois morts et 41 bless\u00e9s<\/a>, dimanche 27\u00a0juillet en Allemagne, se pr\u00e9cisent. \u00ab\u00a0Selon les premi\u00e8res hypoth\u00e8ses, les fortes pluies qui se sont abattues sur la zone de l&rsquo;accident auraient provoqu\u00e9 le d\u00e9bordement d&rsquo;un \u00e9gout. L&rsquo;eau aurait alors provoqu\u00e9 un glissement de terrain dans le talus bordant la voie ferr\u00e9e, ce qui aurait entra\u00een\u00e9 le d\u00e9raillement du train\u00a0\u00bb, <strong\/>ont d\u00e9clar\u00e9 lundi matin la police d&rsquo;Ulm et les procureurs de Ravensbourg, dans un communiqu\u00e9 conjoint.\u00a0<\/p>\n<p>Quand l&rsquo;accident s&rsquo;est produit, vers 18h10, pr\u00e8s de la ville de Riedlingen, dans le Land de Bade-Wurtemberg, de violents orages balayaient la r\u00e9gion, ont rapport\u00e9 les services m\u00e9t\u00e9orologiques locaux. Des intemp\u00e9ries <a href=\"https:\/\/www.franceinfo.fr\/environnement\/crise-climatique\/peut-on-etablir-un-lien-entre-les-glissements-de-terrain-spectaculaires-de-2024-et-le-changement-climatique_6764701.html\" rel=\"nofollow noopener\" target=\"_blank\">qui peuvent mettre \u00e0 mal les infrastructures ferroviaires<\/a>.<\/p>\n<p>Le conducteur du train et un membre du personnel \u00e0 bord figurent parmi les victimes. Le trafic est toujours suspendu sur la ligne ferroviaire affect\u00e9e et les travaux de nettoyage doivent commencer mardi.<\/p>\n<p class=\"related-tags__title\" role=\"heading\" aria-level=\"2\">les mots-cl\u00e9s associ\u00e9s \u00e0 cet article\n    <\/p>\n","protected":false},"excerpt":{"rendered":"L&rsquo;accident, survenu dimanche dans une zone bois\u00e9e du sud-ouest de l&rsquo;Allemagne, a fait trois morts et 41 bless\u00e9s.&hellip;\n","protected":false},"author":2,"featured_media":279228,"comment_status":"","ping_status":"","sticky":false,"template":"","format":"standard","meta":{"footnotes":""},"categories":[1587],"tags":[11,672,1804,1805,1803,1777,674,1801,12,1802],"class_list":{"0":"post-279227","1":"post","2":"type-post","3":"status-publish","4":"format-standard","5":"has-post-thumbnail","7":"category-allemagne","8":"tag-actualites","9":"tag-allemagne","10":"tag-bundesrepublik-deutschland","11":"tag-de","12":"tag-deutschland","13":"tag-eu","14":"tag-europe","15":"tag-germany","16":"tag-news","17":"tag-republique-federale-dallemagne"},"share_on_mastodon":{"url":"https:\/\/pubeurope.com\/@fr\/114930116877475084","error":""},"_links":{"self":[{"href":"https:\/\/www.europesays.com\/fr\/wp-json\/wp\/v2\/posts\/279227","targetHints":{"allow":["GET"]}}],"collection":[{"href":"https:\/\/www.europesays.com\/fr\/wp-json\/wp\/v2\/posts"}],"about":[{"href":"https:\/\/www.europesays.com\/fr\/wp-json\/wp\/v2\/types\/post"}],"author":[{"embeddable":true,"href":"https:\/\/www.europesays.com\/fr\/wp-json\/wp\/v2\/users\/2"}],"replies":[{"embeddable":true,"href":"https:\/\/www.europesays.com\/fr\/wp-json\/wp\/v2\/comments?post=279227"}],"version-history":[{"count":0,"href":"https:\/\/www.europesays.com\/fr\/wp-json\/wp\/v2\/posts\/279227\/revisions"}],"wp:featuredmedia":[{"embeddable":true,"href":"https:\/\/www.europesays.com\/fr\/wp-json\/wp\/v2\/media\/279228"}],"wp:attachment":[{"href":"https:\/\/www.europesays.com\/fr\/wp-json\/wp\/v2\/media?parent=279227"}],"wp:term":[{"taxonomy":"category","embeddable":true,"href":"https:\/\/www.europesays.com\/fr\/wp-json\/wp\/v2\/categories?post=279227"},{"taxonomy":"post_tag","embeddable":true,"href":"https:\/\/www.europesays.com\/fr\/wp-json\/wp\/v2\/tags?post=279227"}],"curies":[{"name":"wp","href":"https:\/\/api.w.org\/{rel}","templated":true}]}}