{"id":279231,"date":"2025-07-28T09:20:20","date_gmt":"2025-07-28T09:20:20","guid":{"rendered":"https:\/\/www.europesays.com\/fr\/279231\/"},"modified":"2025-07-28T09:20:20","modified_gmt":"2025-07-28T09:20:20","slug":"en-direct-accord-ue-etats-unis-francois-bayrou-fustige-une-soumission","status":"publish","type":"post","link":"https:\/\/www.europesays.com\/fr\/279231\/","title":{"rendered":"EN DIRECT &#8211; Accord UE\/\u00c9tats-Unis : Fran\u00e7ois Bayrou fustige une \u00ab\u00a0soumission\u00a0\u00bb"},"content":{"rendered":"<ul class=\"jsx-862013697 ArticleChapo__List\">\n<li class=\"jsx-862013697 ArticleChapo__List_Item flex\">Donald Trump et Ursula von der Leyen ont annonc\u00e9 dimanche avoir trouv\u00e9 un accord sur les droits de douane : les produits europ\u00e9ens export\u00e9s aux Etats-Unis seront tax\u00e9s \u00e0 15%.<\/li>\n<li class=\"jsx-862013697 ArticleChapo__List_Item flex\">Un accord qui divise fortement en Europe.<\/li>\n<li class=\"jsx-862013697 ArticleChapo__List_Item flex\">Suivez les derni\u00e8res informations.<\/li>\n<\/ul>\n<p>Les \u00e9l\u00e9ments marquants\u00a0\u00bbSOUMISSION\u00a0\u00bb10:32<\/p>\n<p>\u00ab\u00a0Accord Van der Leyen-Trump : c&rsquo;est un jour sombre que celui o\u00f9 une alliance de peuples libres, rassembl\u00e9s pour affirmer leurs valeurs et d\u00e9fendre leurs int\u00e9r\u00eats, se r\u00e9sout \u00e0 la soumission\u00a0\u00bb, r\u00e9agit le Premier ministre fran\u00e7ais Fran\u00e7ois Bayrou.\u00a0<\/p>\n<blockquote data-testid=\"EmbedTwitter\" id=\"tweet-1949749114436194782-:R76keamij9n79m:\" class=\"jsx-aeff1a1c40f54d7a twitter-tweet flex justify-center items-center\"><p>Accord Van der Leyen-Trump : c&rsquo;est un jour sombre que celui o\u00f9 une alliance de peuples libres, rassembl\u00e9s pour affirmer leurs valeurs et d\u00e9fendre leurs int\u00e9r\u00eats, se r\u00e9sout \u00e0 la soumission. \u2014 Fran\u00e7ois Bayrou (@bayrou)  July 28, 2025<\/p><\/blockquote>\n<p>Minute par minute\u00a0\u00bbUN COUP TR\u00c8S DUR\u00a0\u00bb11:16<\/p>\n<p>Le chef de la diplomatie russe, Sergue\u00ef Lavrov, a estim\u00e9 lundi que l&rsquo;accord annonc\u00e9 la veille entre les \u00c9tats-Unis et l&rsquo;UE, pr\u00e9voyant des droits de douane de 15% sur les produits europ\u00e9ens import\u00e9s, porterait un \u00ab\u00a0coup tr\u00e8s dur\u00a0\u00bb \u00e0 l&rsquo;industrie europ\u00e9enne. \u00ab\u00a0Une telle approche m\u00e8nera \u00e0 une poursuite de la d\u00e9sindustrialisation de l&rsquo;Europe, \u00e0 un mouvement des investissements de l&rsquo;Europe vers les \u00c9tats-Unis et, bien s\u00fbr, cela sera un coup tr\u00e8s dur\u00a0\u00bb, estime-t-il, durant un forum, pr\u00e8s de Moscou.<\/p>\n<p>\u00ab\u00a0UNE D\u00c9SESCALADE\u00a0\u00bb11:01<\/p>\n<p>\u00ab\u00a0L&rsquo;accord est une \u00e9tape importante pour limiter la grave incertitude entourant les relations commerciales transatlantiques ces derniers mois\u00a0\u00bb, salue le lobby europ\u00e9en des constructeurs automobiles (ACEA). Il souligne cependant \u00ab\u00a0l&rsquo;impact n\u00e9gatif\u00a0\u00bb des taxes douani\u00e8res en vigueur sur les automobiles et les pi\u00e8ces automobiles.<\/p>\n<p>\u00ab\u00a0SOUMISSION\u00a0\u00bb10:32<\/p>\n<p>\u00ab\u00a0Accord Van der Leyen-Trump : c&rsquo;est un jour sombre que celui o\u00f9 une alliance de peuples libres, rassembl\u00e9s pour affirmer leurs valeurs et d\u00e9fendre leurs int\u00e9r\u00eats, se r\u00e9sout \u00e0 la soumission\u00a0\u00bb, r\u00e9agit le Premier ministre fran\u00e7ais Fran\u00e7ois Bayrou.\u00a0<\/p>\n<blockquote data-testid=\"EmbedTwitter\" id=\"tweet-1949749114436194782-:R3j1kqqamij9n79m:\" class=\"jsx-aeff1a1c40f54d7a twitter-tweet flex justify-center items-center\"><p>Accord Van der Leyen-Trump : c&rsquo;est un jour sombre que celui o\u00f9 une alliance de peuples libres, rassembl\u00e9s pour affirmer leurs valeurs et d\u00e9fendre leurs int\u00e9r\u00eats, se r\u00e9sout \u00e0 la soumission. \u2014 Fran\u00e7ois Bayrou (@bayrou)  July 28, 2025<\/p><\/blockquote>\n<p>R\u00c9ACTION DE LA CLASSE POLITIQUE FRAN\u00c7AISE10:24<\/p>\n<p>Les \u00c9tats-Unis et l&rsquo;Union europ\u00e9enne ont sign\u00e9 dimanche 27 juillet un nouvel accord commercial cadre. Ce compromis pr\u00e9voit notamment l&rsquo;instauration de droits de douane de 15 pour les importations europ\u00e9ennes outre-Atlantique. La classe politique fran\u00e7aise est unanime, et d\u00e9nonce les concessions d&rsquo;Ursula von der Leyen.<\/p>\n<p>Politique<img decoding=\"async\" src=\"https:\/\/www.europesays.com\/fr\/wp-content\/uploads\/2025\/07\/benjamin-haddad-2029-8b9c86-0@1x.jpeg\" alt=\"\u00c0 l'instar de Benjamin Haddad, le gouvernement sceptique sur le nouvel accord commercial UE-\u00c9tats-Unis.\" loading=\"lazy\" importance=\"low\" fetchpriority=\"low\" class=\"\" aria-hidden=\"true\"\/>Publi\u00e9 aujourd&rsquo;hui \u00e0 9h57ORBAN FUSTIGE L&rsquo;ACCORD09:48<\/p>\n<p>\u00ab\u00a0Ce n&rsquo;est pas Donald Trump qui a conclu un accord avec Ursula von der Leyen, c&rsquo;est plut\u00f4t Donald Trump qui a mang\u00e9 Ursula von der Leyen au petit d\u00e9jeuner\u00a0\u00bb, lance le Premier ministre hongrois Viktor Orban sur un live Facebook anim\u00e9 par le porte-parole de son parti.<\/p>\n<p>UN ACCORD QUI P\u00c8SE SUR LES CONSTRUCTEURS AUTOMOBILES ALLEMANDS09:06<\/p>\n<p>\u00ab\u00a0Les droits de douanes am\u00e9ricains de 15%, qui s&rsquo;appliquent \u00e9galement aux produits automobiles, co\u00fbteront des milliards chaque ann\u00e9e aux entreprises automobiles allemandes\u00a0\u00bb, critique Hildegard Mueller, pr\u00e9sidente de la f\u00e9d\u00e9ration des constructeurs automobiles allemands VDA.<\/p>\n<p>\u00ab\u00a0LA MESSE NE DOIT PAS \u00caTRE DITE\u00a0\u00bb08:58<\/p>\n<p>\u00ab\u00a0Moi, je ne veux pas qu&rsquo;on s&rsquo;arr\u00eate \u00e0 ce qui s&rsquo;est pass\u00e9 hier (dimanche). Ce serait effectivement assumer que l&rsquo;Europe n&rsquo;est pas une puissance \u00e9conomique. Et surtout, il y a un enjeu politique derri\u00e8re\u00a0\u00bb, affirme le ministre fran\u00e7ais d\u00e9l\u00e9gu\u00e9 au Commerce ext\u00e9rieur Laurent Saint-Martin, qui appelle \u00e0 un \u00ab\u00a0r\u00e9\u00e9quilibrage\u00a0\u00bb. \u00ab\u00a0Est-ce que la construction europ\u00e9enne, est-ce que l&rsquo;Union europ\u00e9enne est une force ? Si on veut que la r\u00e9ponse soit oui, alors la messe ne doit pas \u00eatre dite hier (dimanche)\u00a0\u00bb, juge-t-il sur France Inter.\u00a0<\/p>\n<p>\u00ab\u00a0UNE HONTE\u00a0\u00bb08:21<\/p>\n<p>\u00ab\u00a0L\u2019accord UE-\u00c9tats-Unis est une honte. Il donne le point \u00e0 Trump en se soumettant \u00e0 ses conditions et d\u00e9montre qu\u2019une fois encore les europ\u00e9ens privil\u00e9gient leurs int\u00e9r\u00eats nationaux \u00e0 toute logique europ\u00e9enne\u00a0\u00bb, d\u00e9nonce le Socialiste Olivier Faure.\u00a0<\/p>\n<blockquote data-testid=\"EmbedTwitter\" id=\"tweet-1949587463883698612-:R3j44qqamij9n79m:\" class=\"jsx-aeff1a1c40f54d7a twitter-tweet flex justify-center items-center\"><p>L\u2019accord UE -USA est une honte. Il donne le point \u00e0 Trump en se soumettant \u00e0 ses conditions et d\u00e9montre qu\u2019une fois encore les europ\u00e9ens privil\u00e9gient leurs int\u00e9r\u00eats nationaux \u00e0 toute logique europ\u00e9enne. \u2014 Olivier Faure (@faureolivier)  July 27, 2025<\/p><\/blockquote>\n<p>\u00ab\u00a0UNE NOUVELLE EUROPE\u00a0\u00bb08:15<\/p>\n<p>\u00ab\u00a0Les r\u00e9actions mitig\u00e9es, r\u00e9ticentes et quoi qu\u2019il en soit en mode commentaires de l\u2019ex\u00e9cutif fran\u00e7ais sont r\u00e9v\u00e9latrices et \u00e9tourdissantes d\u2019interrogations : la France est-elle devenue spectatrice \u00e0 ce point de ce qui la concerne directement, y compris des affaires de l\u2019Europe ? Quel mandat a-t-elle donn\u00e9 \u00e0 la Commission sur ce dossier ?\u00a0\u00bb, s&rsquo;\u00e9tonne David Lisnard, sur X. Le parti Nouvelle \u00c9nergie dont il est pr\u00e9sident \u00ab\u00a0avancera des propositions fortes pour que la France retrouve la ma\u00eetrise de son destin, ce qui passera a minima par une nouvelle Europe\u00a0\u00bb, ajoute le maire de Cannes?\u00a0<\/p>\n<blockquote data-testid=\"EmbedTwitter\" id=\"tweet-1949712436799381626-:R3j4kqqamij9n79m:\" class=\"jsx-aeff1a1c40f54d7a twitter-tweet flex justify-center items-center\"><p>Concernant l\u2019accord commercial entre l\u2019UE et les USA, les r\u00e9actions mitig\u00e9es, r\u00e9ticentes et quoi qu\u2019il en soit en mode commentaires de l\u2019ex\u00e9cutif fran\u00e7ais sont r\u00e9v\u00e9latrices et \u00e9tourdissantes d\u2019interrogations : la France est-elle devenue spectatrice \u00e0 ce point de ce qui la\u2026 \u2014 David Lisnard (@davidlisnard)  July 28, 2025<\/p><\/blockquote>\n<p>\u00ab\u00a0TOUT A \u00c9T\u00c9 C\u00c9D\u00c9\u00a0\u00bb07:15<\/p>\n<p>\u00ab\u00a0Tout a \u00e9t\u00e9 c\u00e9d\u00e9 \u00e0 Trump avec le droit de changer les r\u00e8gles du jeu \u00e9tablies en 75 ans de relations bilat\u00e9rales. Droits de douane, obligation d&rsquo;achat, taxe de 5 % sur le PIB : le lib\u00e9ralisme, la concurrence libre et non fauss\u00e9e et autres r\u00e8gles du Trait\u00e9 de Lisbonne sont une mauvaise blague\u00a0\u00bb, raille Jean-Luc M\u00e9lenchon sur X. \u00ab\u00a0Le choix de l&rsquo;insoumission \u00e0 l&rsquo;Empire et le non-alignement sont la seule alternative disponible. LFI le propose. Les autres sont d\u00e9j\u00e0 couch\u00e9s\u00a0\u00bb, ajoute le chef de file de LFI.\u00a0<\/p>\n<blockquote data-testid=\"EmbedTwitter\" id=\"tweet-1949556530250150352-:R3j54qqamij9n79m:\" class=\"jsx-aeff1a1c40f54d7a twitter-tweet flex justify-center items-center\"><p>Tout a \u00e9t\u00e9 c\u00e9d\u00e9 \u00e0 Trump avec le droit de changer les r\u00e8gles du jeu \u00e9tablies en 75 ans de relations bilat\u00e9rales. Droits de douane, obligation d&rsquo;achat, taxe de 5 % sur le PIB : le lib\u00e9ralisme, la concurrence libre et non fauss\u00e9e et autres r\u00e8gles du Trait\u00e9 de Lisbonne sont une\u2026 \u2014 Jean-Luc M\u00e9lenchon (@JLMelenchon)  July 27, 2025<\/p><\/blockquote>\n<p>UN \u00ab\u00a0FIASCO\u00a0\u00bb07:14<\/p>\n<p>\u00ab\u00a0L&rsquo;accord commercial conclu par Ursula von der Leyen avec Donald Trump est un fiasco politique, \u00e9conomique et moral\u00a0\u00bb, d\u00e9nonce Marine Le Pen sur X. \u00ab\u00a0Cette mondialisation qui nie et brise les souverainet\u00e9s est d\u00e9pass\u00e9e depuis de tr\u00e8s longues ann\u00e9es. Il serait temps que cette information arrive aux oreilles de la Commission europ\u00e9enne. Et dans l&rsquo;attente, la moindre des choses serait de reconna\u00eetre ce cuisant \u00e9chec plut\u00f4t que de demander aux Fran\u00e7ais, qui en seront les premi\u00e8res victimes, de s&rsquo;en r\u00e9jouir\u00a0\u00bb, mart\u00e8le la pr\u00e9sidente du groupe RN \u00e0 l&rsquo;Assembl\u00e9e nationale.\u00a0<\/p>\n<blockquote data-testid=\"EmbedTwitter\" id=\"tweet-1949543453060186459-:R3j5kqqamij9n79m:\" class=\"jsx-aeff1a1c40f54d7a twitter-tweet flex justify-center items-center\"><p>L&rsquo;accord commercial conclu par Ursula von der Leyen avec Donald Trump est un fiasco politique, \u00e9conomique et moral. Politique, car l&rsquo;Union europ\u00e9enne, \u00e0 27 \u00c9tats membres, a obtenu de moins bonnes conditions que le Royaume-Uni. Les souverainet\u00e9s, en mati\u00e8re commerciale, ne\u2026 \u2014 Marine Le Pen (@MLP_officiel)  July 27, 2025<\/p><\/blockquote>\n<p>\u00ab\u00a0TRAIT\u00c9 IN\u00c9GAL\u00a0\u00bb07:10<\/p>\n<p>Dominique de Villepin d\u00e9nonce un \u00ab\u00a0trait\u00e9 in\u00e9gal o\u00f9 l\u2019un paye des droits de douane \u00e0 hauteur de 15% mais l\u2019autre aucun\u00a0\u00bb. \u00ab\u00a0Il est illusoire de croire que Donald Trump arr\u00eatera l\u00e0 ses revendications face \u00e0 une Europe dont il m\u00e9prise la souverainet\u00e9. Il est tout aussi illusoire de croire qu\u2019un futur pr\u00e9sident am\u00e9ricain plus raisonnable reviendra sans contreparties suppl\u00e9mentaires sur l\u2019aubaine de ces droits de douane une fois accept\u00e9s\u00a0\u00bb, ass\u00e8ne l&rsquo;ancien ministre.\u00a0<\/p>\n<blockquote data-testid=\"EmbedTwitter\" id=\"tweet-1949554013403263013-:R3j64qqamij9n79m:\" class=\"jsx-aeff1a1c40f54d7a twitter-tweet flex justify-center items-center\"><p>27 Juillet 2025, Jour de la D\u00e9claration de D\u00e9pendance europ\u00e9enne. 1.\u2060 \u2060Un trait\u00e9 in\u00e9gal o\u00f9 l\u2019un paye des droits de douane \u00e0 hauteur de 15% mais l\u2019autre aucun. Comment ne pas appeler cela un tribut ? 2.\u2060 \u2060Un accord d\u2019investissement de 600 milliards de dollars \u00e0 sens unique\u2026  pic.twitter.com\/Q7nHPtr033 \u2014 Dominique de Villepin (@Villepin)  July 27, 2025<\/p><\/blockquote>\n<p>ON FAIT LE POINT06:59<\/p>\n<p>\u00c9tats-Unis et UE ont trouv\u00e9 dimanche un accord sur les droits de douane. On vous r\u00e9sume ce compromis.\u00a0<\/p>\n<p>International<img decoding=\"async\" src=\"https:\/\/www.europesays.com\/fr\/wp-content\/uploads\/2025\/07\/ursula-von-der-leyen-et-donald-trump-a-turnberry-890d59-1@1x.jpeg\" alt=\"Le pr\u00e9sident am\u00e9ricain et la pr\u00e9sidente de la Commission europ\u00e9enne se sont rencontr\u00e9s en Ecosse ce dimanche 27 juillet.\" loading=\"lazy\" importance=\"low\" fetchpriority=\"low\" class=\"\" aria-hidden=\"true\"\/>\u00ab\u00a0STABILIT\u00c9 TEMPORAIRE\u00a0\u00bb06:57<\/p>\n<p>L\u2019accord commercial n\u00e9goci\u00e9 par la Commission Europ\u00e9enne avec les \u00c9tats-Unis apportera une stabilit\u00e9 temporaire aux acteurs \u00e9conomiques menac\u00e9s par l\u2019escalade douani\u00e8re am\u00e9ricaine, mais il est d\u00e9s\u00e9quilibr\u00e9\u00a0\u00bb, r\u00e9agit le ministre fran\u00e7ais d\u00e9l\u00e9gu\u00e9 charg\u00e9 de l&rsquo;Europe Benjamin Haddad.\u00a0<\/p>\n<p>\u00ab\u00a0L&rsquo;\u00e9tat de fait n\u2019est pas satisfaisant et ne peut pas \u00eatre durable. Le libre-\u00e9change qui a fait la prosp\u00e9rit\u00e9 partag\u00e9 des deux rives de l\u2019Atlantique depuis la fin de la Seconde Guerre mondiale est aujourd\u2019hui rejet\u00e9 par les \u00c9tats-Unis qui font le choix de la coercition \u00e9conomique et du m\u00e9pris complet des r\u00e8gles de l\u2019OMC. C\u2019est un changement structurel. Nous devons en tirer vite les cons\u00e9quences ou risquer l\u2019effacement\u00a0\u00bb, estime-t-il. \u00ab\u00a0Si les Europ\u00e9ens ne se r\u00e9veillent pas, les difficult\u00e9s des autres para\u00eetront toutes relatives face \u00e0 notre d\u00e9crochage\u00a0\u00bb, mart\u00e8le-t-il encore.<\/p>\n<blockquote data-testid=\"EmbedTwitter\" id=\"tweet-1949691983477240076-:R3j74qqamij9n79m:\" class=\"jsx-aeff1a1c40f54d7a twitter-tweet flex justify-center items-center\"><p>L\u2019accord commercial n\u00e9goci\u00e9 par la Commission Europ\u00e9enne avec les Etats-Unis apportera une stabilit\u00e9 temporaire aux acteurs \u00e9conomiques menac\u00e9s par l\u2019escalade douani\u00e8re am\u00e9ricaine, mais il est d\u00e9s\u00e9quilibr\u00e9.  Il a le m\u00e9rite d\u2019exempter de tarifs des secteurs cl\u00e9s pour l\u2019\u00e9conomie\u2026 \u2014 Benjamin Haddad (@benjaminhaddad)  July 28, 2025<\/p><\/blockquote>\n<p>\u00ab\u00a0\u00c9VITE UNE GUERRE COMMERCIALE\u00a0\u00bb06:55<\/p>\n<p>Dans un communiqu\u00e9 commun avec ses vice-Premiers ministres, Antonio Tajani et Matteo Salvini, la cheffe du gouvernement italien, Giorgia Meloni, a salu\u00e9 un accord \u00ab\u00a0qui \u00e9vite une guerre commerciale au sein de l&rsquo;Occident avec des cons\u00e9quences impr\u00e9visibles\u00a0\u00bb.\u00a0<\/p>\n<p>R\u00c9ACTIONS ALLEMANDES06:54<\/p>\n<p>Cet accord permet d'\u00a0\u00bb\u00e9viter une escalade inutile dans les relations commerciales transatlantiques\u00a0\u00bb, a soulign\u00e9 le chancelier allemand Friedrich Merz, sans cacher qu&rsquo;il aurait \u00ab\u00a0souhait\u00e9 davantage d&rsquo;all\u00e8gements\u00a0\u00bb. \u00ab\u00a0Quand on s&rsquo;attend \u00e0 un ouragan, on se r\u00e9jouit d&rsquo;une simple temp\u00eate\u00a0\u00bb, a, de son c\u00f4t\u00e9, mis en avant la f\u00e9d\u00e9ration VCI de la chimie allemande, tandis que la F\u00e9d\u00e9ration allemande de l&rsquo;industrie (BDI) a pr\u00e9dit \u00ab\u00a0des r\u00e9percussions n\u00e9gatives consid\u00e9rables\u00a0\u00bb.<\/p>\n<p>CE QUE CONTIENT L&rsquo;ACCORD06:52<\/p>\n<p>Donald Trump et la pr\u00e9sidente de la Commission europ\u00e9enne Ursula von der Leyen ont trouv\u00e9 dimanche, en \u00c9cosse, un accord douanier pr\u00e9voyant que les produits europ\u00e9ens export\u00e9s aux \u00c9tats-Unis seront tax\u00e9s \u00e0 15%.\u00a0<\/p>\n<p>\u00ab\u00a0Nous avons trouv\u00e9 un accord\u00a0\u00bb, s&rsquo;est f\u00e9licit\u00e9 le milliardaire apr\u00e8s une heure de discussion, qualifiant ce compromis de \u00ab\u00a0plus grand\u00a0\u00bb jamais conclu en mati\u00e8re de commerce, et y voyant une promesse \u00ab\u00a0d&rsquo;unit\u00e9 et d&rsquo;amiti\u00e9\u00a0\u00bb. La patronne de l&rsquo;ex\u00e9cutif europ\u00e9en a, elle, salu\u00e9, un \u00ab\u00a0bon accord\u00a0\u00bb qui apportera de la \u00ab\u00a0stabilit\u00e9\u00a0\u00bb. \u00a0\u00ab\u00a0Quinze pour cent, ce n&rsquo;est pas n\u00e9gligeable, mais c&rsquo;est le mieux qu&rsquo;on pouvait obtenir\u00a0\u00bb, a-t-elle plaid\u00e9.<\/p>\n<p>Par ailleurs, les deux puissances ont aussi d\u00e9cid\u00e9 de lever r\u00e9ciproquement leurs droits de douane sur certains produits strat\u00e9giques, dont les \u00e9quipements a\u00e9ronautiques. Les autres d\u00e9tails de l&rsquo;accord doivent encore \u00eatre r\u00e9gl\u00e9s \u00ab\u00a0dans les prochaines semaines\u00a0\u00bb, a pr\u00e9cis\u00e9 Ursula von der Leyen.\u00a0<\/p>\n<p>BIENVENUE06:46<\/p>\n<p>Bonjour, bienvenue sur ce live pour suivre les suites de l&rsquo;accord sur les droits de douane, entre l&rsquo;UE et les \u00c9tats-Unis.\u00a0<\/p>\n<p data-module=\"article-paragraph\" class=\"jsx-3046738180 Paragraph\">\u00c0 qui profite le \u00ab\u00a0deal\u00a0\u00bb ? Donald Trump et la pr\u00e9sidente de la Commission europ\u00e9enne Ursula von der Leyen ont arrach\u00e9 dimanche en Ecosse <a href=\"https:\/\/www.tf1info.fr\/international\/donald-trump-annonce-des-droits-de-douane-a-15-sur-les-produits-europeens-ursula-von-der-leyen-2385411.html\" target=\"_blank\" rel=\"noopener\">un accord douanier<\/a> pr\u00e9voyant que les produits europ\u00e9ens export\u00e9s aux \u00c9tats-Unis seront tax\u00e9s \u00e0 15%, les Europ\u00e9ens esp\u00e9rant \u00e0 ce prix \u00e9viter une escalade commerciale.<\/p>\n<p data-module=\"article-paragraph\" class=\"jsx-3046738180 Paragraph Paragraph__End\">Alors que la menace de taxes am\u00e9ricaines de 30% d\u00e8s le 1er ao\u00fbt faisait trembler les exportateurs europ\u00e9ens, de l&rsquo;automobile \u00e0 la pharmacie en passant par le vin, la cheffe de l&rsquo;ex\u00e9cutif europ\u00e9en s&rsquo;est d\u00e9plac\u00e9e pour rencontrer le pr\u00e9sident am\u00e9ricain, en visite \u00e0 Turnberry sur la c\u00f4te ouest de l&rsquo;Ecosse.<\/p>\n<p data-module=\"article-paragraph\" class=\"jsx-3046738180 Paragraph\">Il s&rsquo;est \u00e9coul\u00e9 juste un peu plus d&rsquo;une heure avant que les journalistes, \u00e0 qui les deux dirigeants avaient pr\u00e9c\u00e9demment dit avoir \u00ab\u00a050% de chance\u00a0\u00bb de se mettre d&rsquo;accord, ne soient rappel\u00e9s dans la fastueuse salle de bal du complexe de golf \u00ab\u00a0Trump Turnberry\u00a0\u00bb. \u00ab\u00a0Nous avons trouv\u00e9 un accord\u00a0\u00bb, annonce le dirigeant r\u00e9publicain, le qualifiant de \u00ab\u00a0plus grand\u00a0\u00bb jamais conclu en mati\u00e8re de commerce, et en y voyant une promesse \u00ab\u00a0d&rsquo;unit\u00e9 et d&rsquo;amiti\u00e9\u00a0\u00bb. La patronne de l&rsquo;ex\u00e9cutif europ\u00e9en salue, elle, un \u00ab\u00a0bon accord\u00a0\u00bb qui apportera de la \u00ab\u00a0stabilit\u00e9.\u00a0\u00bb<\/p>\n<p data-module=\"article-paragraph\" class=\"jsx-3046738180 Paragraph\">Les d\u00e9l\u00e9gations europ\u00e9enne et am\u00e9ricaine applaudissent quand ils \u00e9changent, \u00e0 deux reprises, une poign\u00e9e de main. C&rsquo;est d&rsquo;abord Donald Trump qui en explique les contours : des droits de douane de 15% sur les produits europ\u00e9ens import\u00e9s d&rsquo;une part, l&rsquo;UE qui s&rsquo;engage \u00e0 750 milliards de dollars d&rsquo;achats d&rsquo;\u00e9nergie &#8211; visant notamment \u00e0 remplacer le gaz russe &#8211; et \u00e0 600 milliards d&rsquo;investissements suppl\u00e9mentaires aux Etats-Unis d&rsquo;autre part.<\/p>\n<p data-module=\"article-paragraph\" class=\"jsx-3046738180 Paragraph Paragraph__End\">Les deux puissances ont aussi d\u00e9cid\u00e9 de lever r\u00e9ciproquement leurs droits de douane sur certains produits strat\u00e9giques, dont les \u00e9quipements a\u00e9ronautiques, a ensuite pr\u00e9cis\u00e9 Ursula von der Leyen devant la presse.<\/p>\n<p><a href=\"https:\/\/www.tf1info.fr\/international\/droits-de-douane-l-europe-est-elle-trop-faible-face-aux-etats-unis-2385402.html\" rel=\"noopener\" class=\"jsx-3308031228 Link flex\" target=\"_blank\"><img decoding=\"async\" src=\"https:\/\/www.europesays.com\/fr\/wp-content\/uploads\/2025\/07\/union-europeenne-vs-etats-unis-430f84-1@1x.jpeg\" alt=\"Getty Images\/iStockphoto\" loading=\"lazy\" importance=\"low\" fetchpriority=\"low\" class=\"\" aria-hidden=\"true\"\/><\/p>\n<p class=\"jsx-3657663356 ReadMoreArticle__Title\">Lire aussi<\/p>\n<p class=\"jsx-3657663356\">Droits de douane : l&rsquo;Europe est-elle trop faible face aux \u00c9tats-Unis ? <\/p>\n<p><\/a><\/p>\n<p data-module=\"article-paragraph\" class=\"jsx-3046738180 Paragraph\">Jusqu&rsquo;au retour au pouvoir de Donald Trump, les taux \u00e9taient marqu\u00e9s par un niveau de droits de douane am\u00e9ricains de 4,8% en moyenne. Dans les faits, le taux effectif montait d\u00e9j\u00e0 \u00e0 pr\u00e8s de 15%, en y ajoutant la surtaxe de 10% d&rsquo;ores et d\u00e9j\u00e0 d\u00e9cid\u00e9e par l&rsquo;administration Trump. Les d\u00e9tails de l&rsquo;accord doivent encore \u00eatre r\u00e9gl\u00e9s \u00ab\u00a0dans les prochaines semaines\u00a0\u00bb, selon la dirigeante europ\u00e9enne. \u00ab\u00a0Quinze pour cent, ce n&rsquo;est pas n\u00e9gligeable, mais c&rsquo;est le mieux qu&rsquo;on pouvait obtenir\u00a0\u00bb, a-t-elle plaid\u00e9.<\/p>\n<p data-module=\"article-paragraph\" class=\"jsx-3046738180 Paragraph\">Le deal devra \u00eatre valid\u00e9 par les Etats membres de l&rsquo;UE. Leurs ambassadeurs, en d\u00e9placement au Groenland, ont \u00e9t\u00e9 inform\u00e9s dimanche matin des derni\u00e8res tractations, et devront \u00e0 nouveau se concerter pour le valider. Si Ursula von der Leyen et Donald Trump n&rsquo;\u00e9taient pas parvenus \u00e0 s&rsquo;entendre, Bruxelles \u00e9tait pr\u00eat \u00e0 riposter en taxant des produits et des services am\u00e9ricains.<\/p>\n<p data-module=\"article-paragraph\" class=\"jsx-3046738180 Paragraph Paragraph__End\">Lundi, c&rsquo;est avec la Chine que des n\u00e9gociateurs am\u00e9ricains s&rsquo;efforceront d&rsquo;\u00e9viter une reprise de l&rsquo;escalade commerciale, au cours d&rsquo;une rencontre \u00e0 Stockholm.<\/p>\n<p>La r\u00e9daction de TF1info<\/p>\n<p><script async src=\"https:\/\/platform.twitter.com\/widgets.js\" charset=\"utf-8\"><\/script><\/p>\n","protected":false},"excerpt":{"rendered":"Donald Trump et Ursula von der Leyen ont annonc\u00e9 dimanche avoir trouv\u00e9 un accord sur les droits de&hellip;\n","protected":false},"author":2,"featured_media":279232,"comment_status":"","ping_status":"","sticky":false,"template":"","format":"standard","meta":{"footnotes":""},"categories":[1586],"tags":[1111,11,1921,75,1777,674,1779,1011,27,4710,3044,1922,3999,12,25,1778,364,2544,133,1920],"class_list":{"0":"post-279231","1":"post","2":"type-post","3":"status-publish","4":"format-standard","5":"has-post-thumbnail","7":"category-europe","8":"tag-actu","9":"tag-actualites","10":"tag-article-video","11":"tag-donald-trump","12":"tag-eu","13":"tag-europe","14":"tag-european-union","15":"tag-fr","16":"tag-france","17":"tag-friedrich-merz","18":"tag-giorgia-meloni","19":"tag-info","20":"tag-matteo-salvini","21":"tag-news","22":"tag-republique-francaise","23":"tag-ue","24":"tag-union-europeenne","25":"tag-ursula-von-der-leyen","26":"tag-video","27":"tag-video-international"},"share_on_mastodon":{"url":"https:\/\/pubeurope.com\/@fr\/114930124374532844","error":""},"_links":{"self":[{"href":"https:\/\/www.europesays.com\/fr\/wp-json\/wp\/v2\/posts\/279231","targetHints":{"allow":["GET"]}}],"collection":[{"href":"https:\/\/www.europesays.com\/fr\/wp-json\/wp\/v2\/posts"}],"about":[{"href":"https:\/\/www.europesays.com\/fr\/wp-json\/wp\/v2\/types\/post"}],"author":[{"embeddable":true,"href":"https:\/\/www.europesays.com\/fr\/wp-json\/wp\/v2\/users\/2"}],"replies":[{"embeddable":true,"href":"https:\/\/www.europesays.com\/fr\/wp-json\/wp\/v2\/comments?post=279231"}],"version-history":[{"count":0,"href":"https:\/\/www.europesays.com\/fr\/wp-json\/wp\/v2\/posts\/279231\/revisions"}],"wp:featuredmedia":[{"embeddable":true,"href":"https:\/\/www.europesays.com\/fr\/wp-json\/wp\/v2\/media\/279232"}],"wp:attachment":[{"href":"https:\/\/www.europesays.com\/fr\/wp-json\/wp\/v2\/media?parent=279231"}],"wp:term":[{"taxonomy":"category","embeddable":true,"href":"https:\/\/www.europesays.com\/fr\/wp-json\/wp\/v2\/categories?post=279231"},{"taxonomy":"post_tag","embeddable":true,"href":"https:\/\/www.europesays.com\/fr\/wp-json\/wp\/v2\/tags?post=279231"}],"curies":[{"name":"wp","href":"https:\/\/api.w.org\/{rel}","templated":true}]}}