{"id":279239,"date":"2025-07-28T09:24:11","date_gmt":"2025-07-28T09:24:11","guid":{"rendered":"https:\/\/www.europesays.com\/fr\/279239\/"},"modified":"2025-07-28T09:24:11","modified_gmt":"2025-07-28T09:24:11","slug":"kurt-kitayama-simpose-sur-le-3m-open-lequipe","status":"publish","type":"post","link":"https:\/\/www.europesays.com\/fr\/279239\/","title":{"rendered":"Kurt Kitayama s&#039;impose sur le 3M Open &#8211; L&#039;\u00c9quipe"},"content":{"rendered":"<ol>\n<li><a href=\"https:\/\/news.google.com\/rss\/articles\/CBMijAFBVV95cUxOQWZ2dGRPRklSZ3N2Y0lFTi1pcmVqWEFhS29RLTFCbUs2a19mVjV5WDlaeERkcVpzdUdPRjRUNUw5LXhSZ2M3NUsySFFQbXZ6WXgtZnNQZUZfb2lFV1RlbHZaelJmM09TQTBSUUxHb0Rqa1ExYmd3OFVNUEVkazBQZV85Sm9HZmE5R2lueQ?oc=5\" target=\"_blank\" rel=\"nofollow noopener\">Kurt Kitayama s&rsquo;impose sur le 3M Open<\/a>&nbsp;&nbsp;L&rsquo;\u00c9quipe<\/li>\n<li><a href=\"https:\/\/news.google.com\/rss\/articles\/CBMimgFBVV95cUxNS0tjdFphRkw1dktPTE9HUU1vSi1MOF9adk43MGkyTzNROTlqaXhNT09JOXBKYjdfWnl4SXZ5emxUWFJBNDFqX1hzVXpSd241MWxIRFZxa2pYMXRjaU9LaFVDdGxXSmxveWtOY0d0aVNyTGJRVTZGM05KbUlpRmd6YWZpRHY0eTFKSTE3Q29vSnoxelZ0ZzAzcWtR?oc=5\" target=\"_blank\" rel=\"nofollow noopener\">Golf professionnel : Matthieu Pavon se relance<\/a>&nbsp;&nbsp;F\u00e9d\u00e9ration fran\u00e7aise de golf (ffgolf)<\/li>\n<li><a href=\"https:\/\/news.google.com\/rss\/articles\/CBMilgFBVV95cUxQZ1hxTm1qZEcwYUdhQ3MyQURjSVNHUDZYOWotS0lab3ZPU3p0dVZrcDIzMWRRRTdVN3hvTEdRbTk4M01sOF9sVUJJRmdkMXl3OVdIcWNLb25vR0NscGlyTk1IWG9TRWtja2NZMUZUem0yaERaYm1DUGR5WnpkTEJ0VVFPNy1aMnE1M1BtTFVLR0I0Ui1pcFE?oc=5\" target=\"_blank\" rel=\"nofollow noopener\">3M Open : Une 28e place pour Victor Perez<\/a>&nbsp;&nbsp;F\u00e9d\u00e9ration fran\u00e7aise de golf (ffgolf)<\/li>\n<li><a href=\"https:\/\/news.google.com\/rss\/articles\/CBMisgFBVV95cUxOaUdhLTRvSWhhQUlzem9GSnBXNEtfVHdVTngwTHNKdzgxS0lnWGdscVhmS1l4MXZRQUFnSWFodWNLRldKM3pfd21CYWszb0Z2RVFLUWxCSjhUMzU4al8wTjc5QkNibHlRVVJENjVNREZUX1R4Ui1CZ3AyUGZrRnZNajhhZ04zekxZcFh2UHF2V2VBWjRtbFJ4ZVdOY3c4dWoxM083ZUVoTk14bzUwMklNS1p3?oc=5\" target=\"_blank\" rel=\"nofollow noopener\">Bhatia et Olesen en t\u00eate, Pavon et Perez dans le top 30 au 3M Open<\/a>&nbsp;&nbsp;L&rsquo;\u00c9quipe<\/li>\n<li><a href=\"https:\/\/news.google.com\/rss\/articles\/CBMizAFBVV95cUxOc2pWbmtPMHdlM3ZTYjUteVJOVm1rR2tBZGRZenNwM1NoVlVMRlZ3cmxTd1hUVXMtcGJXRTlIcVFGOWNqYU8tUGxBX2VQb2c4OUVBWERuVUhQb3BNdTJiSzNrMklPNnpTOVlRQTBTWmZJR2IzOXlCOUlKZVRkYVJZRDd1aU45T0dTVTJNVllFbGtXdTZGdE5xWlQ1SDJGeW5lcDlaVk5FUnlHUTJsT014WkFrMlFKajdsc2dxUHA4aVYxdldVSVBBamFEM1c?oc=5\" target=\"_blank\" rel=\"nofollow noopener\">3M Open : Kitayama remporte son deuxi\u00e8me titre sur le circuit PGA, Perez meilleur fran\u00e7ais<\/a>&nbsp;&nbsp;Le Figaro Golf<\/li>\n<\/ol>\n","protected":false},"excerpt":{"rendered":"Kurt Kitayama s&rsquo;impose sur le 3M Open&nbsp;&nbsp;L&rsquo;\u00c9quipe Golf professionnel : Matthieu Pavon se relance&nbsp;&nbsp;F\u00e9d\u00e9ration fran\u00e7aise de golf (ffgolf)&hellip;\n","protected":false},"author":2,"featured_media":279240,"comment_status":"","ping_status":"","sticky":false,"template":"","format":"standard","meta":{"footnotes":""},"categories":[1418],"tags":[1011,27,1472,60],"class_list":{"0":"post-279239","1":"post","2":"type-post","3":"status-publish","4":"format-standard","5":"has-post-thumbnail","7":"category-golf","8":"tag-fr","9":"tag-france","10":"tag-golf","11":"tag-sports"},"share_on_mastodon":{"url":"https:\/\/pubeurope.com\/@fr\/114930139988004323","error":""},"_links":{"self":[{"href":"https:\/\/www.europesays.com\/fr\/wp-json\/wp\/v2\/posts\/279239","targetHints":{"allow":["GET"]}}],"collection":[{"href":"https:\/\/www.europesays.com\/fr\/wp-json\/wp\/v2\/posts"}],"about":[{"href":"https:\/\/www.europesays.com\/fr\/wp-json\/wp\/v2\/types\/post"}],"author":[{"embeddable":true,"href":"https:\/\/www.europesays.com\/fr\/wp-json\/wp\/v2\/users\/2"}],"replies":[{"embeddable":true,"href":"https:\/\/www.europesays.com\/fr\/wp-json\/wp\/v2\/comments?post=279239"}],"version-history":[{"count":0,"href":"https:\/\/www.europesays.com\/fr\/wp-json\/wp\/v2\/posts\/279239\/revisions"}],"wp:featuredmedia":[{"embeddable":true,"href":"https:\/\/www.europesays.com\/fr\/wp-json\/wp\/v2\/media\/279240"}],"wp:attachment":[{"href":"https:\/\/www.europesays.com\/fr\/wp-json\/wp\/v2\/media?parent=279239"}],"wp:term":[{"taxonomy":"category","embeddable":true,"href":"https:\/\/www.europesays.com\/fr\/wp-json\/wp\/v2\/categories?post=279239"},{"taxonomy":"post_tag","embeddable":true,"href":"https:\/\/www.europesays.com\/fr\/wp-json\/wp\/v2\/tags?post=279239"}],"curies":[{"name":"wp","href":"https:\/\/api.w.org\/{rel}","templated":true}]}}