{"id":279241,"date":"2025-07-28T09:26:09","date_gmt":"2025-07-28T09:26:09","guid":{"rendered":"https:\/\/www.europesays.com\/fr\/279241\/"},"modified":"2025-07-28T09:26:09","modified_gmt":"2025-07-28T09:26:09","slug":"sans-contrat-laurent-labit-va-t-il-rapidement-retrouver-un-club-laffaire-nest-pas-gagnee-explications","status":"publish","type":"post","link":"https:\/\/www.europesays.com\/fr\/279241\/","title":{"rendered":"Sans contrat, Laurent Labit va-t-il rapidement retrouver un club ? L&rsquo;affaire n&rsquo;est pas gagn\u00e9e : Explications !"},"content":{"rendered":"<p>Le technicien Fran\u00e7ais Laurent Labit a \u00e9t\u00e9 \u00e9cart\u00e9 de ses fonctions par les dirigeants du Stade-Fran\u00e7ais Paris en cours de saison derni\u00e8re.<\/p>\n<p>D\u00e9sormais sans club, Laurent Labit ne sait pas encore o\u00f9 il rebondira.<\/p>\n<p>Comme le r\u00e9v\u00e8le Midi Olympique, le technicien Fran\u00e7ais est tr\u00e8s appr\u00e9ci\u00e9 en Top 14.<\/p>\n<p>D\u2019ailleurs, son CV serait \u00e9tudi\u00e9 de pr\u00e8s par plusieurs pr\u00e9sidents de club.<\/p>\n<p>Mais va-t-il pour autant rapidement retrouver un challenge sportif \u00e0 relever ? Rien n\u2019est moins s\u00fbr.<\/p>\n<p>Et pour cause, tous les staffs des \u00e9quipes du Top 14 sont actuellement verrouill\u00e9s au moins jusqu\u2019\u00e0 la prochaine Coupe du monde, autrement dit le mois de juin 2027.<\/p>\n<p>Du c\u00f4t\u00e9 de Bayonne, Laurent Travers vient d\u2019arriver tandis que Gr\u00e9gory Patat est dans l\u2019attente d\u2019une prolongation de contrat.<\/p>\n<p>Le Racing 92 a r\u00e9cemment prolong\u00e9 Patrice Collazo pour deux saisons.<\/p>\n<p>Christophe Urios est \u00e9galement sous contrat avec Clermont.<\/p>\n<p>Yannick Bru est en pleine r\u00e9ussite avec l\u2019Union Bordeaux-B\u00e8gles.<\/p>\n<p>Ronan O\u2019Gara reste le patron du Stade Rochelais malgr\u00e9 une saison rat\u00e9e.<\/p>\n<p>Ugo Mola ne quittera pas Toulouse avant juin 2031 sauf pour succ\u00e9der \u00e0 Fabien Galthi\u00e9 en tant que s\u00e9lectionneur du XV de France.<\/p>\n<p>Pierre Mignoni est li\u00e9 \u00e0 Toulon pendant encore plusieurs ann\u00e9es tandis que Karim Ghezal a r\u00e9cemment sign\u00e9 un contrat de quatre ans avec le LOU Rugby.<\/p>\n<p>Comme l\u2019explique <a href=\"https:\/\/www.rugbyrama.fr\/2025\/07\/27\/transfertstop-14-staffs-laurent-labit-libre-gregory-patat-en-suspens-12847258.php\" rel=\"nofollow noopener\" target=\"_blank\">Midi Olympique<\/a>, il faudra attendre le gros faux pas d\u2019un club du Top 14 pour qu\u2019un staff soit \u00e9cart\u00e9, cette saison.<\/p>\n<p><strong>Un pr\u00e9sident du Top 14 confirme la tendance :<\/strong> \u00ab\u00a0Un accident industriel, et il y en aura forc\u00e9ment un.\u00a0\u00bb<\/p>\n<p>Et pour cause, le m\u00e9tier de manager reste tr\u00e8s fragile.<\/p>\n<p>La saison derni\u00e8re, Stuart Lancaster a \u00e9t\u00e9 \u00e9ject\u00e9 du Racing 92 en cours de saison, pareil pour Laurent Labit et Karim Ghezal avec le Stade-Fran\u00e7ais Paris ou encore Jeremy Davidson \u00e0 Castres.<\/p>\n<p><strong>Affaire \u00e0 suivre\u2026<\/strong><\/p>\n","protected":false},"excerpt":{"rendered":"Le technicien Fran\u00e7ais Laurent Labit a \u00e9t\u00e9 \u00e9cart\u00e9 de ses fonctions par les dirigeants du Stade-Fran\u00e7ais Paris en&hellip;\n","protected":false},"author":2,"featured_media":279242,"comment_status":"","ping_status":"","sticky":false,"template":"","format":"standard","meta":{"footnotes":""},"categories":[1416],"tags":[1011,27,479,1468,60],"class_list":{"0":"post-279241","1":"post","2":"type-post","3":"status-publish","4":"format-standard","5":"has-post-thumbnail","7":"category-rugby","8":"tag-fr","9":"tag-france","10":"tag-rugby","11":"tag-rugby-football","12":"tag-sports"},"share_on_mastodon":{"url":"https:\/\/pubeurope.com\/@fr\/114930147896296479","error":""},"_links":{"self":[{"href":"https:\/\/www.europesays.com\/fr\/wp-json\/wp\/v2\/posts\/279241","targetHints":{"allow":["GET"]}}],"collection":[{"href":"https:\/\/www.europesays.com\/fr\/wp-json\/wp\/v2\/posts"}],"about":[{"href":"https:\/\/www.europesays.com\/fr\/wp-json\/wp\/v2\/types\/post"}],"author":[{"embeddable":true,"href":"https:\/\/www.europesays.com\/fr\/wp-json\/wp\/v2\/users\/2"}],"replies":[{"embeddable":true,"href":"https:\/\/www.europesays.com\/fr\/wp-json\/wp\/v2\/comments?post=279241"}],"version-history":[{"count":0,"href":"https:\/\/www.europesays.com\/fr\/wp-json\/wp\/v2\/posts\/279241\/revisions"}],"wp:featuredmedia":[{"embeddable":true,"href":"https:\/\/www.europesays.com\/fr\/wp-json\/wp\/v2\/media\/279242"}],"wp:attachment":[{"href":"https:\/\/www.europesays.com\/fr\/wp-json\/wp\/v2\/media?parent=279241"}],"wp:term":[{"taxonomy":"category","embeddable":true,"href":"https:\/\/www.europesays.com\/fr\/wp-json\/wp\/v2\/categories?post=279241"},{"taxonomy":"post_tag","embeddable":true,"href":"https:\/\/www.europesays.com\/fr\/wp-json\/wp\/v2\/tags?post=279241"}],"curies":[{"name":"wp","href":"https:\/\/api.w.org\/{rel}","templated":true}]}}