{"id":279243,"date":"2025-07-28T09:27:11","date_gmt":"2025-07-28T09:27:11","guid":{"rendered":"https:\/\/www.europesays.com\/fr\/279243\/"},"modified":"2025-07-28T09:27:11","modified_gmt":"2025-07-28T09:27:11","slug":"je-suis-sure-quon-se-recroisera-naomi-osaka-se-separe-de-son-entraineur-patrick-mouratoglou","status":"publish","type":"post","link":"https:\/\/www.europesays.com\/fr\/279243\/","title":{"rendered":"\u00abJe suis s\u00fbre qu\u2019on se recroisera\u00bb, Naomi Osaka se s\u00e9pare de son entra\u00eeneur Patrick Mouratoglou"},"content":{"rendered":"<p>Ce lundi, la Japonaise a annonc\u00e9 la fin de sa collaboration avec son entra\u00eeneur Patrick Mouratoglou.<\/p>\n<p class=\"fig-paragraph\">La Japonaise Naomi Osaka, victorieuse de quatre tournois du Grand Chelem, a annonc\u00e9 lundi qu&rsquo;elle se s\u00e9parait de son entra\u00eeneur\u00a0<a href=\"http:\/\/www.lefigaro.fr\/sports\/tennis\/patrick-mouratoglou-quand-quelqu-un-reussit-en-france-on-le-jalouse-20250505\" data-fig-type=\"NewsFlash\" data-gtm-custom-categorie=\"navigation\" data-gtm-custom-action=\"crossclick\" data-gtm-custom-label=\"Contextuel\" data-gtm-event=\"customEventSPE\" data-fig-domain=\"LEFIGARO\" target=\"_blank\" rel=\"noopener\">Patrick Mouratoglou<\/a>, apr\u00e8s moins d&rsquo;un an de collaboration.<\/p>\n<p class=\"fig-paragraph\">\u00abMerci Patrick. \u00c7a a \u00e9t\u00e9 une exp\u00e9rience formidable d&rsquo;apprendre \u00e0 tes c\u00f4t\u00e9s. Je te souhaite le meilleur, tu es l&rsquo;une des personnes les plus cool que j&rsquo;aie rencontr\u00e9es. Je suis s\u00fbre qu&rsquo;on se recroisera\u00bb, \u00e9crit sur ses r\u00e9seaux sociaux l&rsquo;ancienne num\u00e9ro un mondiale.<\/p>\n<p>                                    <a class=\"fig-a11y-skip a11y-hidden\" href=\"#fig-a11y-skip-main-inarticle\"><br \/>\n        Passer la publicit\u00e9<br \/>\n    <\/a><\/p>\n<p class=\"fig-paragraph\">La joueuse de 27 ans s&rsquo;\u00e9tait associ\u00e9e en septembre dernier au Fran\u00e7ais, longtemps entra\u00eeneur de Serena Williams, titr\u00e9e 23 fois en Grand Chelem. Osaka n&rsquo;avait pas jou\u00e9 en 2023 apr\u00e8s la naissance de sa fille et a eu du mal \u00e0 retrouver sa r\u00e9gularit\u00e9 apr\u00e8s son retour sur le circuit professionnel il y a un an en raison notamment de blessures.<\/p>\n<p class=\"fig-paragraph\">Actuellement class\u00e9e 49e, elle a \u00e9t\u00e9 \u00e9limin\u00e9e au premier tour de Roland-Garros et au troisi\u00e8me tour de Wimbledon cette ann\u00e9e. Durant sa collaboration avec Mouratoglou, elle a disput\u00e9 une finale \u00e0 Auckland en janvier et remport\u00e9 le tournoi WTA 125 de Saint-Malo en mai. Osaka est double gagnante de l&rsquo;US Open (2018, 2020) et de l&rsquo;Open d&rsquo;Australie (2019, 2021).<\/p>\n","protected":false},"excerpt":{"rendered":"Ce lundi, la Japonaise a annonc\u00e9 la fin de sa collaboration avec son entra\u00eeneur Patrick Mouratoglou. La Japonaise&hellip;\n","protected":false},"author":2,"featured_media":279244,"comment_status":"","ping_status":"","sticky":false,"template":"","format":"standard","meta":{"footnotes":""},"categories":[1415],"tags":[1011,27,36443,60,1467],"class_list":{"0":"post-279243","1":"post","2":"type-post","3":"status-publish","4":"format-standard","5":"has-post-thumbnail","7":"category-tennis","8":"tag-fr","9":"tag-france","10":"tag-naomi-osaka","11":"tag-sports","12":"tag-tennis"},"share_on_mastodon":{"url":"https:\/\/pubeurope.com\/@fr\/114930151770566713","error":""},"_links":{"self":[{"href":"https:\/\/www.europesays.com\/fr\/wp-json\/wp\/v2\/posts\/279243","targetHints":{"allow":["GET"]}}],"collection":[{"href":"https:\/\/www.europesays.com\/fr\/wp-json\/wp\/v2\/posts"}],"about":[{"href":"https:\/\/www.europesays.com\/fr\/wp-json\/wp\/v2\/types\/post"}],"author":[{"embeddable":true,"href":"https:\/\/www.europesays.com\/fr\/wp-json\/wp\/v2\/users\/2"}],"replies":[{"embeddable":true,"href":"https:\/\/www.europesays.com\/fr\/wp-json\/wp\/v2\/comments?post=279243"}],"version-history":[{"count":0,"href":"https:\/\/www.europesays.com\/fr\/wp-json\/wp\/v2\/posts\/279243\/revisions"}],"wp:featuredmedia":[{"embeddable":true,"href":"https:\/\/www.europesays.com\/fr\/wp-json\/wp\/v2\/media\/279244"}],"wp:attachment":[{"href":"https:\/\/www.europesays.com\/fr\/wp-json\/wp\/v2\/media?parent=279243"}],"wp:term":[{"taxonomy":"category","embeddable":true,"href":"https:\/\/www.europesays.com\/fr\/wp-json\/wp\/v2\/categories?post=279243"},{"taxonomy":"post_tag","embeddable":true,"href":"https:\/\/www.europesays.com\/fr\/wp-json\/wp\/v2\/tags?post=279243"}],"curies":[{"name":"wp","href":"https:\/\/api.w.org\/{rel}","templated":true}]}}