{"id":279247,"date":"2025-07-28T09:30:19","date_gmt":"2025-07-28T09:30:19","guid":{"rendered":"https:\/\/www.europesays.com\/fr\/279247\/"},"modified":"2025-07-28T09:30:19","modified_gmt":"2025-07-28T09:30:19","slug":"verstappen-ne-peut-plus-activer-sa-clause-de-sortie-de-red-bull-pour-2026","status":"publish","type":"post","link":"https:\/\/www.europesays.com\/fr\/279247\/","title":{"rendered":"Verstappen ne peut plus activer sa clause de sortie de Red Bull pour 2026"},"content":{"rendered":"<p>Apr\u00e8s le Grand Prix de Belgique, il est d\u00e9sormais certain que <a href=\"https:\/\/fr.motorsport.com\/driver\/max-verstappen\/93029\/\" target=\"_blank\" rel=\"noopener\">Max Verstappen<\/a> terminera la pause estivale dans le top 3 du classement g\u00e9n\u00e9ral.<\/p>\n<p>Apr\u00e8s le week-end sprint \u00e0 Spa-Francorchamps, le N\u00e9erlandais totalise 185 points, tandis que <a href=\"https:\/\/fr.motorsport.com\/driver\/george-russell\/96626\/\" target=\"_blank\" rel=\"noopener\">George Russell<\/a>, quatri\u00e8me, en compte 157 suite \u00e0 une mauvaise performance de <a href=\"https:\/\/fr.motorsport.com\/team\/mercedes\/611\/\" target=\"_blank\" rel=\"noopener\">Mercedes<\/a> en Ardenne. Avec seulement 25 points \u00e0 gagner avant la pause, Verstappen est donc assur\u00e9 de conserver sa troisi\u00e8me place, quel que soit le r\u00e9sultat en Hongrie.<\/p>\n<p>Cette situation renvoie directement \u00e0 la clause de performance tr\u00e8s comment\u00e9e du contrat de Verstappen avec <a href=\"https:\/\/fr.motorsport.com\/team\/red-bull\/553\/\" target=\"_blank\" rel=\"noopener\">Red Bull<\/a>, qui court officiellement jusqu&rsquo;\u00e0 la fin de 2028. Selon des informations obtenues par <strong>Motorsport.com<\/strong> l&rsquo;ann\u00e9e derni\u00e8re, cette clause est directement li\u00e9e \u00e0 sa position au championnat : si Verstappen se trouve en dehors du top 3 \u00e0 un moment pr\u00e9cis, \u00e0 savoir la pause estivale, il serait autoris\u00e9 \u00e0 quitter l&rsquo;\u00e9quipe.<\/p>\n<p>Cependant, avec les r\u00e9sultats du week-end \u00e0 Spa, ce sc\u00e9nario n&rsquo;est plus d&rsquo;actualit\u00e9, ce qui signifie que la clause ne sera pas activ\u00e9e pour la saison 2026. En th\u00e9orie, cela ne signifie pas automatiquement qu&rsquo;un pilote va rester, car les contrats peuvent \u00eatre rachet\u00e9s. Cependant, selon le journal n\u00e9erlandais De Telegraaf, cela n&rsquo;est pas envisag\u00e9, car Verstappen ne pr\u00e9voit pas de quitter Red Bull, quelle que soit la situation concernant la clause de sortie.<\/p>\n<p>   <img decoding=\"async\" draggable=\"false\" src=\"https:\/\/www.europesays.com\/fr\/wp-content\/uploads\/2025\/07\/1753662502_220_max-verstappen-red-bull-racing.jpg\" alt=\"Max Verstappen (Red Bull)\" width=\"1200\" height=\"800\" loading=\"lazy\"\/> <\/p>\n<p class=\"title\">Max Verstappen (Red Bull)<\/p>\n<p class=\"photographer\">Photo de: Rudy Carezzevoli \/ Getty Images<\/p>\n<p>Cela correspond aux signaux r\u00e9cents envoy\u00e9s depuis le paddock, o\u00f9 Verstappen lui-m\u00eame a r\u00e9p\u00e9t\u00e9 \u00e0 plusieurs reprises qu&rsquo;il se sentait toujours chez lui chez Red Bull, malgr\u00e9 les r\u00e9sultats d\u00e9cevants de cette saison et les probl\u00e8mes rencontr\u00e9s avec la RB21.<\/p>\n<p>Ces derniers n&rsquo;ont pas encore \u00e9t\u00e9 r\u00e9solus avec <a href=\"https:\/\/fr.motorsport.com\/f1\/news\/red-bull-ferrari-williams-beaucoup-evolutions-spa\/10744929\/\" target=\"_self\" rel=\"noopener\">le package d&rsquo;\u00e9volutions introduit en Belgique<\/a>. Verstappen a clairement indiqu\u00e9 samedi que c&rsquo;\u00e9tait un pas en avant en termes de performances pures, mais que les probl\u00e8mes d&rsquo;\u00e9quilibre de la voiture restaient les m\u00eames.<\/p>\n<p>Plus d&rsquo;options sur le march\u00e9 en 2027 ?<\/p>\n<p>Pour l&rsquo;ann\u00e9e prochaine, qui verra l&rsquo;entr\u00e9e en vigueur d&rsquo;un nouveau r\u00e8glement en F1, beaucoup d\u00e9pendra du projet de moteur maison de Red Bull-Ford. Cependant, changer d&rsquo;\u00e9curie comporte \u00e9galement des risques, car Verstappen n&rsquo;a aucune garantie de succ\u00e8s imm\u00e9diat ailleurs et l&rsquo;environnement chez Red Bull a \u00e9t\u00e9 largement fa\u00e7onn\u00e9 autour de lui.<\/p>\n<p>Outre la loyaut\u00e9, rester une ann\u00e9e de plus lui donnerait aussi l&rsquo;occasion d&rsquo;observer comment la hi\u00e9rarchie se met en place sous la nouvelle r\u00e9glementation. Comme la clause de performance sera toujours en vigueur la saison prochaine, la porte reste ouverte pour un transfert futur si Red Bull venait \u00e0 r\u00e9ellement faillir. Le march\u00e9 des pilotes devrait \u00eatre encore plus ouvert \u00e0 l&rsquo;approche de la saison 2027, avec des opportunit\u00e9s th\u00e9oriques chez Mercedes, <a href=\"https:\/\/fr.motorsport.com\/team\/aston-martin\/806\/\" target=\"_blank\" rel=\"noopener\">Aston Martin<\/a> et peut-\u00eatre m\u00eame <a href=\"https:\/\/fr.motorsport.com\/team\/ferrari\/615\/\" target=\"_blank\" rel=\"noopener\">Ferrari<\/a>.<\/p>\n<p>B\u00e2tir la relation avec Mekies<br \/>\n   <img decoding=\"async\" draggable=\"false\" src=\"https:\/\/www.europesays.com\/fr\/wp-content\/uploads\/2025\/07\/1753695019_330_max-verstappen-red-bull-racing.jpg\" alt=\"Max Verstappen en discussion avec Laurent Mekies.\" width=\"1200\" height=\"800\" loading=\"lazy\"\/> <\/p>\n<p class=\"title\">Max Verstappen en discussion avec Laurent Mekies.<\/p>\n<p class=\"photographer\">Photo de: Red Bull Content Pool<\/p>\n<p>Verstappen a \u00e9galement indiqu\u00e9 lors du week-end du Grand Prix de Belgique qu&rsquo;il \u00e9tait satisfait du nouveau directeur de l&rsquo;\u00e9quipe, Laurent Mekies, qui a r\u00e9cemment succ\u00e9d\u00e9 \u00e0 Christian Horner. \u00ab\u00a0Je m&rsquo;entends tr\u00e8s bien avec lui, c&rsquo;est d\u00e9j\u00e0 un plus\u00a0\u00bb, a-t-il d\u00e9clar\u00e9 aux m\u00e9dias n\u00e9erlandais. \u00ab\u00a0J&rsquo;esp\u00e8re que nous pourrons continuer \u00e0 renforcer notre relation dans les semaines et les mois \u00e0 venir.\u00a0\u00bb <\/p>\n<p>Le N\u00e9erlandais a admis que ses conversations techniques avec le nouveau patron de l&rsquo;\u00e9quipe \u00e9taient \u00ab\u00a0un peu plus approfondies\u00a0\u00bb qu&rsquo;auparavant, mais a imm\u00e9diatement ajout\u00e9 que c&rsquo;\u00e9tait \u00ab\u00a0tout \u00e0 fait normal\u00a0\u00bb compte tenu de l&rsquo;exp\u00e9rience de Mekies dans le domaine de l&rsquo;ing\u00e9nierie.<\/p>\n<p>De son c\u00f4t\u00e9, le patron de Mercedes, Toto Wolff, a d\u00e9clar\u00e9 que <a href=\"https:\/\/fr.motorsport.com\/f1\/news\/verstappen-russell-antonelli-priorite-absolue-mercedes\/10744540\/\" target=\"_blank\" rel=\"noopener\">sa \u00ab\u00a0priorit\u00e9 absolue\u00a0\u00bb \u00e9tait les pilotes actuels<\/a>, ajoutant qu&rsquo;il y avait \u00ab\u00a090 \u00e0 95%\u00a0\u00bb de chances que son \u00e9quipe conserve le m\u00eame line-up qu&rsquo;en 2025, au moins pour la saison de F1 \u00e0 venir.<\/p>\n<p>Lire aussi :<\/p>\n<p>Dans cet article<\/p>\n<p>Soyez le premier inform\u00e9 et souscrivez aux alertes mails pour recevoir les infos en temps r\u00e9el<\/p>\n<p>    S&rsquo;abonner aux alertes de news<\/p>\n","protected":false},"excerpt":{"rendered":"Apr\u00e8s le Grand Prix de Belgique, il est d\u00e9sormais certain que Max Verstappen terminera la pause estivale dans&hellip;\n","protected":false},"author":2,"featured_media":279248,"comment_status":"","ping_status":"","sticky":false,"template":"","format":"standard","meta":{"footnotes":""},"categories":[1412],"tags":[1451,1452,1453,1454,1455,1011,27,38196,2236,2255,19528,60],"class_list":{"0":"post-279247","1":"post","2":"type-post","3":"status-publish","4":"format-standard","5":"has-post-thumbnail","7":"category-f1","8":"tag-f1","9":"tag-formula-1","10":"tag-formula1","11":"tag-formule-1","12":"tag-formule1","13":"tag-fr","14":"tag-france","15":"tag-gp-de-belgique","16":"tag-max-verstappen","17":"tag-red-bull","18":"tag-spa-francorchamps","19":"tag-sports"},"share_on_mastodon":{"url":"https:\/\/pubeurope.com\/@fr\/114930163647984770","error":""},"_links":{"self":[{"href":"https:\/\/www.europesays.com\/fr\/wp-json\/wp\/v2\/posts\/279247","targetHints":{"allow":["GET"]}}],"collection":[{"href":"https:\/\/www.europesays.com\/fr\/wp-json\/wp\/v2\/posts"}],"about":[{"href":"https:\/\/www.europesays.com\/fr\/wp-json\/wp\/v2\/types\/post"}],"author":[{"embeddable":true,"href":"https:\/\/www.europesays.com\/fr\/wp-json\/wp\/v2\/users\/2"}],"replies":[{"embeddable":true,"href":"https:\/\/www.europesays.com\/fr\/wp-json\/wp\/v2\/comments?post=279247"}],"version-history":[{"count":0,"href":"https:\/\/www.europesays.com\/fr\/wp-json\/wp\/v2\/posts\/279247\/revisions"}],"wp:featuredmedia":[{"embeddable":true,"href":"https:\/\/www.europesays.com\/fr\/wp-json\/wp\/v2\/media\/279248"}],"wp:attachment":[{"href":"https:\/\/www.europesays.com\/fr\/wp-json\/wp\/v2\/media?parent=279247"}],"wp:term":[{"taxonomy":"category","embeddable":true,"href":"https:\/\/www.europesays.com\/fr\/wp-json\/wp\/v2\/categories?post=279247"},{"taxonomy":"post_tag","embeddable":true,"href":"https:\/\/www.europesays.com\/fr\/wp-json\/wp\/v2\/tags?post=279247"}],"curies":[{"name":"wp","href":"https:\/\/api.w.org\/{rel}","templated":true}]}}