{"id":279249,"date":"2025-07-28T09:31:12","date_gmt":"2025-07-28T09:31:12","guid":{"rendered":"https:\/\/www.europesays.com\/fr\/279249\/"},"modified":"2025-07-28T09:31:12","modified_gmt":"2025-07-28T09:31:12","slug":"tour-de-france-lamericain-quinn-simmons-demande-sa-compagne-en-mariage-sur-les-champs-elysees","status":"publish","type":"post","link":"https:\/\/www.europesays.com\/fr\/279249\/","title":{"rendered":"Tour de France: l&rsquo;Am\u00e9ricain Quinn Simmons demande sa compagne en mariage sur les Champs-Elys\u00e9es"},"content":{"rendered":"<p>Sur les pav\u00e9s encore humides de la \u00ab\u00a0plus belle avenue du monde\u00a0\u00bb, le puncheur de la formation Lidl-Trek s&rsquo;est agenouill\u00e9 devant sa compagne, une bague \u00e0 la main, avant de la prendre dans ses bras et de lui passer l&rsquo;anneau au doigt.<\/p>\n<p>\u00ab\u00a0Elle a dit oui! Je suis tr\u00e8s heureux. Tout le monde n&rsquo;a pas la chance de pouvoir faire \u00e7a sur cette avenue. C&rsquo;est super sp\u00e9cial\u00a0\u00bb, s&rsquo;est ensuite r\u00e9joui Simmons.<\/p>\n<p>\u00ab\u00a0Vous savez, elle a \u00e9t\u00e9 avec moi pendant tout mon stage d&rsquo;entrainement, mangeant les m\u00eames repas pas fameux que moi tous les soirs. Ajouter une Simmons \u00e0 la famille c&rsquo;est tr\u00e8s sp\u00e9cial\u00a0\u00bb, a poursuivi l&rsquo;Am\u00e9ricain.<\/p>\n<p>Deuxi\u00e8me lors de la sixi\u00e8me \u00e9tape \u00e0 Vire, Quinn Simmons, 24 ans, n&rsquo;a pas d\u00e9croch\u00e9 de victoire d&rsquo;\u00e9tape dans ce Tour de France. Mais il a tr\u00e8s souvent \u00e9t\u00e9 \u00e0 l&rsquo;avant, dans les \u00e9chapp\u00e9es ou pour emmener le peloton pour son leader Jonathan Milan.<\/p>\n<p>Un temps sorti du peloton avec l&rsquo;Allemand Florian Lipowitz dimanche, il voulait surtout \u00ab\u00a0que la journ\u00e9e ce termine depuis ce matin\u00a0\u00bb.<\/p>\n<p>\u00ab\u00a0J&rsquo;\u00e9tais un peu distrait parce que j&rsquo;avais \u00e7a (la demande en mariage) en t\u00eate. J&rsquo;ai \u00e9t\u00e9 l\u00e2ch\u00e9 dans les derniers tours et j&rsquo;ai pu savourer un peu\u00a0\u00bb, a-t-il conclu.<\/p>\n","protected":false},"excerpt":{"rendered":"Sur les pav\u00e9s encore humides de la \u00ab\u00a0plus belle avenue du monde\u00a0\u00bb, le puncheur de la formation Lidl-Trek&hellip;\n","protected":false},"author":2,"featured_media":279250,"comment_status":"","ping_status":"","sticky":false,"template":"","format":"standard","meta":{"footnotes":""},"categories":[1411],"tags":[11130,1154,207,1011,27,60],"class_list":{"0":"post-279249","1":"post","2":"type-post","3":"status-publish","4":"format-standard","5":"has-post-thumbnail","7":"category-cyclisme","8":"tag-belle-histoire","9":"tag-cycling","10":"tag-cyclisme","11":"tag-fr","12":"tag-france","13":"tag-sports"},"share_on_mastodon":{"url":"https:\/\/pubeurope.com\/@fr\/114930167532034966","error":""},"_links":{"self":[{"href":"https:\/\/www.europesays.com\/fr\/wp-json\/wp\/v2\/posts\/279249","targetHints":{"allow":["GET"]}}],"collection":[{"href":"https:\/\/www.europesays.com\/fr\/wp-json\/wp\/v2\/posts"}],"about":[{"href":"https:\/\/www.europesays.com\/fr\/wp-json\/wp\/v2\/types\/post"}],"author":[{"embeddable":true,"href":"https:\/\/www.europesays.com\/fr\/wp-json\/wp\/v2\/users\/2"}],"replies":[{"embeddable":true,"href":"https:\/\/www.europesays.com\/fr\/wp-json\/wp\/v2\/comments?post=279249"}],"version-history":[{"count":0,"href":"https:\/\/www.europesays.com\/fr\/wp-json\/wp\/v2\/posts\/279249\/revisions"}],"wp:featuredmedia":[{"embeddable":true,"href":"https:\/\/www.europesays.com\/fr\/wp-json\/wp\/v2\/media\/279250"}],"wp:attachment":[{"href":"https:\/\/www.europesays.com\/fr\/wp-json\/wp\/v2\/media?parent=279249"}],"wp:term":[{"taxonomy":"category","embeddable":true,"href":"https:\/\/www.europesays.com\/fr\/wp-json\/wp\/v2\/categories?post=279249"},{"taxonomy":"post_tag","embeddable":true,"href":"https:\/\/www.europesays.com\/fr\/wp-json\/wp\/v2\/tags?post=279249"}],"curies":[{"name":"wp","href":"https:\/\/api.w.org\/{rel}","templated":true}]}}