{"id":279259,"date":"2025-07-28T09:36:11","date_gmt":"2025-07-28T09:36:11","guid":{"rendered":"https:\/\/www.europesays.com\/fr\/279259\/"},"modified":"2025-07-28T09:36:11","modified_gmt":"2025-07-28T09:36:11","slug":"guillaume-genton-tpmp-apercu-avec-jordan-bardella-en-vacances-a-saint-tropez","status":"publish","type":"post","link":"https:\/\/www.europesays.com\/fr\/279259\/","title":{"rendered":"Guillaume Genton (\u00abTPMP\u00bb) aper\u00e7u avec Jordan Bardella en vacances \u00e0 Saint-Tropez"},"content":{"rendered":"<p>                             Par Marine Cassan<\/p>\n<p>                Le 28 juillet 2025 \u00e0 10h40<\/p>\n<p>    Guillaume Genton dans \u00abTouche pas \u00e0 mon poste\u00bb sur C8 et Jordan Bardella<br \/>\n                Barange Nathan\/ABACA \/Capture d&rsquo;\u00e9cran<\/p>\n<p>Tous deux v\u00eatus d\u2019un short de bain, l\u2019ancien chroniqueur de Cyril Hanouna et le pr\u00e9sident du Rassemblement national ont \u00e9t\u00e9 photographi\u00e9s ensemble sur la plage de Pampelonne.<\/p>\n<p class=\"fig-paragraph\">Les pieds dans le sable et l\u2019air d\u00e9tendu,\u00a0<a href=\"https:\/\/www.lefigaro.fr\/tag\/jordan-bardella\" target=\"_blank\" rel=\"noopener nofollow\" data-gtm-custom-categorie=\"navigation\" data-gtm-custom-action=\"crossclick\" data-gtm-custom-label=\"Contextuel\" data-gtm-event=\"customEventSPE\"><strong>Jordan Bardella<\/strong><\/a> \u00a0profite de ses vacances \u00e0 Saint-Tropez, sur la plage de Pampelonne, en bonne compagnie. Ce vendredi 25 juillet,\u00a0le pr\u00e9sident de Rassemblement national, en short de bain, fait la Une de\u00a0<a href=\"https:\/\/www.closermag.fr\/\" target=\"_blank\" rel=\"noopener nofollow\" data-gtm-custom-categorie=\"navigation\" data-gtm-custom-action=\"crossclick\" data-gtm-custom-label=\"Contextuel\" data-gtm-event=\"customEventSPE\">Closer<\/a> . Dans les photos \u00e0 l\u2019int\u00e9rieur,\u00a0<a href=\"http:\/\/tvmag.lefigaro.fr\/programme-tv\/actu-tele\/j-avais-l-impression-d-avoir-trompe-ma-meuf-guillaume-genton-pris-en-flagrant-delit-par-cyril-hanouna-se-justifie-20241024\" target=\"_blank\" data-fig-type=\"Article\" rel=\"noopener nofollow\" data-gtm-custom-categorie=\"navigation\" data-gtm-custom-action=\"crossclick\" data-gtm-custom-label=\"Contextuel\" data-gtm-event=\"customEventSPE\" data-fig-domain=\"TVMAG\"><strong>Guillaume Genton<\/strong><\/a>, dans la m\u00eame tenue, s\u2019affiche \u00e0 ses c\u00f4t\u00e9s, dans des clich\u00e9s sans \u00e9quivoque quant \u00e0 l\u2019amiti\u00e9 que partagent les deux hommes.<\/p>\n<p class=\"fig-paragraph\">\u00abLa star du Rassemblement national s\u2019offre un bain de foule sur la plage et regarde toujours vers la droite\u00bb, d\u00e9crit le magazine people avec une suite de photos du groupe r\u00e9unissant l\u2019homme politique, l\u2019ex-chroniqueur de\u00a0<a href=\"https:\/\/tvmag.lefigaro.fr\/programme-tv\/programme\/touche-pas-a-mon-poste-d1917940577\" target=\"_blank\" rel=\"noopener nofollow\" data-gtm-custom-categorie=\"navigation\" data-gtm-custom-action=\"crossclick\" data-gtm-custom-label=\"Contextuel\" data-gtm-event=\"customEventSPE\">\u00abTouche pas \u00e0 mon poste\u00a0!\u00bb<\/a>, et son associ\u00e9,\u00a0<a href=\"https:\/\/www.lefigaro.fr\/tag\/thibault-gitton\" target=\"_blank\" rel=\"noopener nofollow\" data-gtm-custom-categorie=\"navigation\" data-gtm-custom-action=\"crossclick\" data-gtm-custom-label=\"Contextuel\" data-gtm-event=\"customEventSPE\">Thibaud Gitton<\/a>. Une joyeuse bande donc, avec en son centre la star. \u00abJordaaaaan\u00a0!\u00bb, \u00e9crit Closer \u00e0 propos des cris venus de la foule, tentant d\u2019apercevoir le d\u00e9put\u00e9 europ\u00e9en.<\/p>\n<p class=\"fig-body-link\">\n            \u00c0 lire aussi<br \/>\n        <a class=\"fig-body-link__link\" href=\"http:\/\/tvmag.lefigaro.fr\/programme-tv\/actu-tele\/c-est-hors-sol-guillaume-genton-s-emporte-contre-audrey-lamy-qui-a-refuse-de-porter-plainte-contre-des-cambrioleurs-sans-papiers-20240415\" target=\"_blank\" data-fig-type=\"Article\" rel=\"noopener nofollow\" data-gtm-custom-categorie=\"navigation\" data-gtm-custom-action=\"crossclick\" data-gtm-custom-label=\"Contextuel\" data-gtm-event=\"customEventSPE\" data-fig-domain=\"TVMAG\">\u00abC\u2019est hors-sol\u00bb\u00a0: Guillaume Genton s\u2019emporte contre Audrey Lamy qui a refus\u00e9 de porter plainte contre des cambrioleurs sans-papiers<br \/>\n    <\/a>\n<\/p>\n<p>                                    <a class=\"fig-a11y-skip a11y-hidden\" href=\"#fig-a11y-skip-main-inarticle\"><br \/>\n        Passer la publicit\u00e9<br \/>\n    <\/a><\/p>\n<p class=\"fig-paragraph\">L\u2019\u00e9t\u00e9 dernier, le proche de Marine Le Pen avait d\u00e9j\u00e0 pass\u00e9 quelques jours du c\u00f4t\u00e9 de Saint-Tropez, chez Cyril Hanouna cette fois. \u00c0 l\u2019\u00e9poque, d\u2019apr\u00e8s une enqu\u00eate de Mediapart,\u00a0<a href=\"http:\/\/tvmag.lefigaro.fr\/programme-tv\/people\/sur-moi-ca-ne-marche-pas-la-colere-de-karine-le-marchand-au-tribunal-face-a-mimi-marchand-20250528\" target=\"_blank\" data-fig-type=\"Article\" rel=\"noopener nofollow\" data-gtm-custom-categorie=\"navigation\" data-gtm-custom-action=\"crossclick\" data-gtm-custom-label=\"Contextuel\" data-gtm-event=\"customEventSPE\" data-fig-domain=\"TVMAG\">Mimi Marchand<\/a>, la papesse des paparazzis, se serait activ\u00e9e pour emp\u00eacher la publication de clich\u00e9s montrant le politique en train de d\u00eener avec le trublion du PAF.<\/p>\n<p>Rentr\u00e9e sur W9 pour Guillaume Genton\u00a0?<\/p>\n<p class=\"fig-paragraph\">Figure de \u00abTouche pas \u00e0 mon poste!\u00bb ces derni\u00e8res ann\u00e9es, Guillaume Genton profite de quelques instants de vacances apr\u00e8s \u00eatre devenu p\u00e8re pour la seconde fois, en juin dernier. D\u00e9j\u00e0 papa d\u2019un petit gar\u00e7on, le chroniqueur a accueilli une petite fille. Quid de sa rentr\u00e9e\u00a0? Peu de chances de le retrouver aux c\u00f4t\u00e9s de Cyril Hanouna, sur W9 d\u00e8s le 1er septembre. Celui qui est aussi producteur ne fait en effet pas partie de la liste de chroniqueurs de \u00abTout beau tout neuf\u00bb communiqu\u00e9e au d\u00e9but de l\u2019\u00e9t\u00e9. Contrairement \u00e0\u00a0<a href=\"http:\/\/tvmag.lefigaro.fr\/programme-tv\/ce-soir-tele\/il-a-un-charme-italien-incroyable-geraldine-maillet-commente-le-look-de-son-mari-daniel-riolo-20250319\" target=\"_blank\" data-fig-type=\"Article\" rel=\"noopener nofollow\" data-gtm-custom-categorie=\"navigation\" data-gtm-custom-action=\"crossclick\" data-gtm-custom-label=\"Contextuel\" data-gtm-event=\"customEventSPE\" data-fig-domain=\"TVMAG\">G\u00e9raldine Maillet<\/a>,\u00a0<a href=\"http:\/\/tvmag.lefigaro.fr\/programme-tv\/actu-tele\/je-l-ai-amenee-au-commissariat-valerie-benaim-revient-sur-les-violences-conjugales-subies-par-valerie-damidot-20241014\" target=\"_blank\" data-fig-type=\"Article\" rel=\"noopener nofollow\" data-gtm-custom-categorie=\"navigation\" data-gtm-custom-action=\"crossclick\" data-gtm-custom-label=\"Contextuel\" data-gtm-event=\"customEventSPE\" data-fig-domain=\"TVMAG\">Val\u00e9rie Bena\u00efm<\/a>\u00a0ou encore\u00a0<a href=\"http:\/\/tvmag.lefigaro.fr\/programme-tv\/actu-tele\/le-carnet-de-notes-de-touche-pas-a-mon-poste-raymond-aabou-major-de-promo-valerie-benaim-loin-derriere-20241115\" target=\"_blank\" data-fig-type=\"Article\" rel=\"noopener nofollow\" data-gtm-custom-categorie=\"navigation\" data-gtm-custom-action=\"crossclick\" data-gtm-custom-label=\"Contextuel\" data-gtm-event=\"customEventSPE\" data-fig-domain=\"TVMAG\">Raymond Aabou<\/a>.<\/p>\n<p class=\"fig-paragraph\">Pour l\u2019heure, peu d\u2019informations sont donn\u00e9es sur ce talk-show diffus\u00e9 en access prime time du lundi au vendredi, entre 19 heures et 21 heures. Tout juste sait-on qu\u2019il devrait \u00abrebondir sur l\u2019actualit\u00e9\u00bb. \u00abCyril Hanouna pourra \u00e9voquer des sujets politiques mais il faudra que ce ne soit pas politis\u00e9\u00bb, avait assur\u00e9 David Larramendy, directeur g\u00e9n\u00e9ral du groupe M6, le 23 juin dernier. \u00ab<a href=\"http:\/\/tvmag.lefigaro.fr\/programme-tv\/actu-tele\/chroniqueurs-nouvelles-sequences-cyril-hanouna-fait-des-revelations-sur-sa-future-emission-tout-beau-tout-9-sur-w9-20250613\" target=\"_blank\" data-fig-type=\"Article\" rel=\"noopener nofollow\" data-gtm-custom-categorie=\"navigation\" data-gtm-custom-action=\"crossclick\" data-gtm-custom-label=\"Contextuel\" data-gtm-event=\"customEventSPE\" data-fig-domain=\"TVMAG\">\u201cTout beau, tout 9\u201d<\/a>\u00a0est un divertissement, pas une ar\u00e8ne politique\u00bb, avait-il encore affirm\u00e9.<\/p>\n","protected":false},"excerpt":{"rendered":"Par Marine Cassan Le 28 juillet 2025 \u00e0 10h40 Guillaume Genton dans \u00abTouche pas \u00e0 mon poste\u00bb sur&hellip;\n","protected":false},"author":2,"featured_media":279260,"comment_status":"","ping_status":"","sticky":false,"template":"","format":"standard","meta":{"footnotes":""},"categories":[1356],"tags":[58,59,1011,27,1077,252,550,1364,2528],"class_list":{"0":"post-279259","1":"post","2":"type-post","3":"status-publish","4":"format-standard","5":"has-post-thumbnail","7":"category-television","8":"tag-divertissement","9":"tag-entertainment","10":"tag-fr","11":"tag-france","12":"tag-jordan-bardella","13":"tag-television","14":"tag-tpmp","15":"tag-tv","16":"tag-vacances"},"share_on_mastodon":{"url":"https:\/\/pubeurope.com\/@fr\/114930187230721561","error":""},"_links":{"self":[{"href":"https:\/\/www.europesays.com\/fr\/wp-json\/wp\/v2\/posts\/279259","targetHints":{"allow":["GET"]}}],"collection":[{"href":"https:\/\/www.europesays.com\/fr\/wp-json\/wp\/v2\/posts"}],"about":[{"href":"https:\/\/www.europesays.com\/fr\/wp-json\/wp\/v2\/types\/post"}],"author":[{"embeddable":true,"href":"https:\/\/www.europesays.com\/fr\/wp-json\/wp\/v2\/users\/2"}],"replies":[{"embeddable":true,"href":"https:\/\/www.europesays.com\/fr\/wp-json\/wp\/v2\/comments?post=279259"}],"version-history":[{"count":0,"href":"https:\/\/www.europesays.com\/fr\/wp-json\/wp\/v2\/posts\/279259\/revisions"}],"wp:featuredmedia":[{"embeddable":true,"href":"https:\/\/www.europesays.com\/fr\/wp-json\/wp\/v2\/media\/279260"}],"wp:attachment":[{"href":"https:\/\/www.europesays.com\/fr\/wp-json\/wp\/v2\/media?parent=279259"}],"wp:term":[{"taxonomy":"category","embeddable":true,"href":"https:\/\/www.europesays.com\/fr\/wp-json\/wp\/v2\/categories?post=279259"},{"taxonomy":"post_tag","embeddable":true,"href":"https:\/\/www.europesays.com\/fr\/wp-json\/wp\/v2\/tags?post=279259"}],"curies":[{"name":"wp","href":"https:\/\/api.w.org\/{rel}","templated":true}]}}