{"id":279261,"date":"2025-07-28T09:37:10","date_gmt":"2025-07-28T09:37:10","guid":{"rendered":"https:\/\/www.europesays.com\/fr\/279261\/"},"modified":"2025-07-28T09:37:10","modified_gmt":"2025-07-28T09:37:10","slug":"je-vois-mon-pere-en-train-de-faire-lamour-le-chanteur-balance-sur-cette-scene-traumatisante","status":"publish","type":"post","link":"https:\/\/www.europesays.com\/fr\/279261\/","title":{"rendered":"\u00ab\u00a0Je vois mon p\u00e8re en train de faire l\u2019amour\u00a0\u00bb, le chanteur balance sur cette sc\u00e8ne traumatisante"},"content":{"rendered":"<p>On ne le pr\u00e9sente plus. \u00c0 62 ans, Marc Lavoine est l\u2019un des<br \/>\nchanteurs les plus appr\u00e9ci\u00e9s des Fran\u00e7ais. Pr\u00e9sent sur le devant de<br \/>\nla sc\u00e8ne depuis les ann\u00e9es 80, ce dernier a rapidement su conqu\u00e9rir<br \/>\nle public et durer dans le temps. Elle a les yeux<br \/>\nrevolver, Le parking des anges, Toi mon<br \/>\namour, J\u2019ai tout oubli\u00e9, Je ne veux<br \/>\nqu\u2019elle\u2026 des titres mythiques qui encore aujourd\u2019hui passent<br \/>\nsur les ondes de radio. Grand bavard, Marc Lavoine n\u2019a aucun mal \u00e0<br \/>\naborder publiquement <strong>les aspects les plus intimes de sa<br \/>\nvie<\/strong>. Cela s\u2019est encore v\u00e9rifi\u00e9 lors de son passage dans<br \/>\nLEGEND ce dimanche 27 juillet 2025.<\/p>\n<p>Marc Lavoine tr\u00e8s franc en \u00e9voquant ce sujet personnel<\/p>\n<p>Evoquant son deuxi\u00e8me roman intitul\u00e9 Quand arrivent les<br \/>\nchevaux, l\u2019artiste n\u2019a pas h\u00e9sit\u00e9 \u00e0 parler du <strong>point de<br \/>\nvue de sa prog\u00e9niture<\/strong>. \u00c0 la question \u00ab\u00a0Est-ce que c\u00a0\u00bbest<br \/>\nimportant qu&rsquo;ils (ses enfants, ndlr) aiment ton travail et le<br \/>\nconsomment ?\u00a0\u00bb, Marc Lavoine a r\u00e9pondu franco : \u00ab\u00a0Le livre,<br \/>\nils ne vont pas le lire, ils n&rsquo;ont pas lu le premier\u00a0\u00bb. Et de<br \/>\npoursuivre sans d\u00e9tour : \u00ab\u00a0Ma fille a 26 ans donc elle a lu le<br \/>\npremier. Mais <strong>je suis pas s\u00fbr que mon fils a\u00een\u00e9 a lu le<br \/>\npremier, celui qui a 38 ans\u00a0\u00bb<\/strong>.<\/p>\n<p><a href=\"https:\/\/www.melty.fr\/people\/la-fille-de-marc-lavoine-cash-sur-leur-relation-je-suis-contente-de-travailler-avec-aucun-de-mes-parents-2250289.html\" target=\"_blank\" rel=\"noopener\"><br \/>\nLe p\u00e8re de Yasmine<\/a> l\u2019assure : <strong>ses enfants liront<br \/>\ncertainement ses livres le jour o\u00f9 il ne sera plus sur cette<br \/>\nterre<\/strong> :\u00a0<strong>\u00ab\u00a0Quand je mourrai, ils vont les<br \/>\nlire<\/strong>. Je suis libre. Donc quand je mourrai, il restera<br \/>\nquelque chose et ils le liront. <strong>Ils comprendront qui<br \/>\nj&rsquo;\u00e9tais\u00a0\u00bb<\/strong>.<\/p>\n<p>Cette fois o\u00f9 le chanteur a surpris son p\u00e8re en plein acte<\/p>\n<p>Mais ce n\u2019est pas tout. Au cours de cet entretien, Marc Lavoine<br \/>\nest all\u00e9 plus loin en d\u00e9voilant <strong>une anecdote troublante sur<br \/>\nson p\u00e8re<\/strong>. <strong>\u00ab\u00a0Je l&rsquo;ai vu tromper ma<br \/>\nm\u00e8re<\/strong>. Je l&rsquo;ai vu physiquement !\u00a0\u00bb, a d\u2019entr\u00e9e de jeu<br \/>\nd\u00e9clar\u00e9 Marc Lavoine. Ag\u00e9 d\u2019une dizaine d\u2019ann\u00e9es \u00e0 l\u2019\u00e9poque, et<br \/>\nalors qu\u2019il \u00e9tait parti \u00e0 la recherche de son ballon, ce dernier<br \/>\nraconte avoir <strong>surpris son papa en plein acte sexuel avec<br \/>\nune femme qui n\u2019\u00e9tait pas sa m\u00e8re<\/strong>.<\/p>\n<p>\u00ab\u00a0J&rsquo;ai ouvert le petit rideau. J&rsquo;ouvre, et je vois les pieds<br \/>\nd&rsquo;une fille sur la pointe, et les pieds d&rsquo;un homme. Et <strong>je<br \/>\nvois mon p\u00e8re en train de faire l&rsquo;amour avec une camarade dont le<br \/>\nmari est au-dessus<\/strong>, en train de parler avec ma m\u00e8re, le<br \/>\njour de l&rsquo;enterrement de mon grand-p\u00e8re\u00a0\u00bb, se souvient Marc<br \/>\nLavoine avant de poursuivre : \u00ab\u00a0Je prends mon ballon, et<br \/>\n<strong>il me dit : &lsquo;Oh Marco, je suis malheureux&rsquo;. Et tac ! Il<br \/>\nferme le rideau<\/strong>. Je me retrouve seul avec mon ballon<br \/>\n!\u00a0\u00bb. Un moment \u00e9videmment troublant qui n\u2019emp\u00eache toutefois pas<br \/>\nle chanteur de continuer \u00e0 porter un regard admiratif sur ses<br \/>\nparents : \u00ab\u00a0Quand tu vois des choses comme \u00e7a, soit tu ne les<br \/>\naimes plus, soit tu les aimes. Et <strong>je les aime quand<br \/>\nm\u00eame\u00a0\u00bb<\/strong>.<\/p>\n<p>Marc Lavoine \u00e9voque les infid\u00e9lit\u00e9s au<br \/>\nsein du cercle familial<\/p>\n<p>Ce n\u2019est pas la premi\u00e8re fois que Marc Lavoine \u00e9voque <strong>le<br \/>\npass\u00e9 volage de celui qui l\u2019a \u00e9lev\u00e9<\/strong>. Lors d\u2019une pr\u00e9c\u00e9dente<br \/>\ninterview accord\u00e9e \u00e0 Sept \u00e0 Huit sur TF1, <a href=\"https:\/\/www.melty.fr\/people\/tres-mauvais-au-lit-marc-lavoine-surprend-avec-une-confession-tres-intime-2204937.html\" target=\"_blank\" rel=\"noopener\"><br \/>\ncelui qui se dit tr\u00e8s mauvais au lit<\/a> s\u2019\u00e9tait montr\u00e9 vuln\u00e9rable<br \/>\n: \u00ab\u00a0Ce qui m&rsquo;a un peu bris\u00e9 le c\u0153ur, c&rsquo;est que <strong>je devais<br \/>\ntenir le secret de mon p\u00e8re<\/strong>, malgr\u00e9 tout, mais aussi \u00eatre<br \/>\nhonn\u00eate avec ma m\u00e8re, lui donner des cl\u00e9s sans pour autant d\u00e9noncer<br \/>\nou d\u00e9signer\u00a0\u00bb.<\/p>\n<p>Marc Lavoine r\u00e9v\u00e9lait \u00e9galement avoir <strong>grandi dans une<br \/>\natmosph\u00e8re tr\u00e8s particuli\u00e8re \u00e9tant enfant<\/strong>. Et pour cause,<br \/>\n<strong>sa m\u00e8re l\u2019a \u00e9lev\u00e9 comme une fille<\/strong>. \u00ab\u00a0Elle a \u00e9t\u00e9<br \/>\ntr\u00e8s malheureuse, elle s&rsquo;\u00e9tait faite \u00e0 l&rsquo;id\u00e9e que \u00e7a serait une<br \/>\nfille et qu&rsquo;elle s&rsquo;appellerait Brigitte. [&#8230;] <strong>Longtemps<br \/>\nelle m&rsquo;a habill\u00e9 comme une fille\u00a0\u00bb<\/strong>, confiait-il ainsi<br \/>\nsans d\u00e9tour. Des \u00e9v\u00e9nements pour le moins marquants.<\/p>\n","protected":false},"excerpt":{"rendered":"On ne le pr\u00e9sente plus. \u00c0 62 ans, Marc Lavoine est l\u2019un des chanteurs les plus appr\u00e9ci\u00e9s des&hellip;\n","protected":false},"author":2,"featured_media":279262,"comment_status":"","ping_status":"","sticky":false,"template":"","format":"standard","meta":{"footnotes":""},"categories":[1355],"tags":[905,58,59,1011,27,7593,1361,873,729],"class_list":{"0":"post-279261","1":"post","2":"type-post","3":"status-publish","4":"format-standard","5":"has-post-thumbnail","7":"category-musique","8":"tag-a-la-une-melty","9":"tag-divertissement","10":"tag-entertainment","11":"tag-fr","12":"tag-france","13":"tag-marc-lavoine","14":"tag-music","15":"tag-musique","16":"tag-yout_video"},"share_on_mastodon":{"url":"https:\/\/pubeurope.com\/@fr\/114930191130943313","error":""},"_links":{"self":[{"href":"https:\/\/www.europesays.com\/fr\/wp-json\/wp\/v2\/posts\/279261","targetHints":{"allow":["GET"]}}],"collection":[{"href":"https:\/\/www.europesays.com\/fr\/wp-json\/wp\/v2\/posts"}],"about":[{"href":"https:\/\/www.europesays.com\/fr\/wp-json\/wp\/v2\/types\/post"}],"author":[{"embeddable":true,"href":"https:\/\/www.europesays.com\/fr\/wp-json\/wp\/v2\/users\/2"}],"replies":[{"embeddable":true,"href":"https:\/\/www.europesays.com\/fr\/wp-json\/wp\/v2\/comments?post=279261"}],"version-history":[{"count":0,"href":"https:\/\/www.europesays.com\/fr\/wp-json\/wp\/v2\/posts\/279261\/revisions"}],"wp:featuredmedia":[{"embeddable":true,"href":"https:\/\/www.europesays.com\/fr\/wp-json\/wp\/v2\/media\/279262"}],"wp:attachment":[{"href":"https:\/\/www.europesays.com\/fr\/wp-json\/wp\/v2\/media?parent=279261"}],"wp:term":[{"taxonomy":"category","embeddable":true,"href":"https:\/\/www.europesays.com\/fr\/wp-json\/wp\/v2\/categories?post=279261"},{"taxonomy":"post_tag","embeddable":true,"href":"https:\/\/www.europesays.com\/fr\/wp-json\/wp\/v2\/tags?post=279261"}],"curies":[{"name":"wp","href":"https:\/\/api.w.org\/{rel}","templated":true}]}}