{"id":279265,"date":"2025-07-28T09:39:09","date_gmt":"2025-07-28T09:39:09","guid":{"rendered":"https:\/\/www.europesays.com\/fr\/279265\/"},"modified":"2025-07-28T09:39:09","modified_gmt":"2025-07-28T09:39:09","slug":"la-fameuse-pilule-contre-lapnee-du-sommeil-sans-effet-secondaire-grave-franchit-une-nouvelle-etape","status":"publish","type":"post","link":"https:\/\/www.europesays.com\/fr\/279265\/","title":{"rendered":"La fameuse pilule contre l\u2019apn\u00e9e du sommeil \u201csans effet secondaire grave\u201d franchit une nouvelle \u00e9tape"},"content":{"rendered":"<p class=\"ed__a-p ed__bdy__l\"><img loading=\"lazy\" decoding=\"async\" src=\"data:image\/svg+xml,%3Csvg xmlns='http:\/\/www.w3.org\/2000\/svg'%3E%3C\/svg%3E\" draggable=\"false\" width=\"6720\" height=\"4480\" class=\"ed__title-xxs\" alt=\"Jeune femme assise sur son lit s\u2019appr\u00eatant \u00e0 prendre un comprim\u00e9 avec un verre d\u2019eau\" style=\"background-color: #f2f2f2; aspect-ratio:6720\/4480;\"\/><\/p>\n<p>Un traitement oral simple, pris chaque soir au coucher, pourrait bient\u00f4t soulager l\u2019apn\u00e9e du sommeil sans machine.<\/p>\n<p>\u00a9 Shuttershock<\/p>\n<\/p>\n<p class=\"ed__a-p ed__bdy__l\">L\u2019apn\u00e9e du sommeil reste l\u2019une des maladies chroniques les plus mal trait\u00e9es \u00e0 ce jour, malgr\u00e9 ses effets ravageurs sur la sant\u00e9 cardiovasculaire, la m\u00e9moire ou l\u2019humeur. Si les machines CPAP sont efficaces, elles sont souvent mal v\u00e9cues. Un laboratoire am\u00e9ricain, Apnimed, <a href=\"https:\/\/www.lesnumeriques.com\/divers-sante\/apnee-du-sommeil-un-nouveau-traitement-oral-sans-masque-reduit-de-56-les-arrets-respiratoires-et-impressionne-les-chercheurs-n237667.html\" title=\"Apn\u00e9e du sommeil : un nouveau traitement oral sans masque r\u00e9duit de 56 % les arr\u00eats respiratoires et impressionne les chercheurs\" rel=\"nofollow noopener\" target=\"_blank\">d\u00e9veloppe une pilule, AD109, cens\u00e9e r\u00e9veiller les muscles des voies respiratoires pendant la nuit<\/a> sans qu\u2019aucun masque ne soit n\u00e9cessaire. Les r\u00e9sultats viennent de tomber : deux essais de phase 3, cons\u00e9cutifs, sont concluants.<\/p>\n<p>            Publicit\u00e9, votre contenu continue ci-dessous<\/p>\n<p>        Publicit\u00e9<\/p>\n<p>Apn\u00e9e du sommeil : un traitement oral montre son efficacit\u00e9 sur le long terme<\/p>\n<p class=\"ed__a-p ed__bdy__l\">Les chiffres sont l\u00e0, et ils sont solides. Apr\u00e8s un premier essai nomm\u00e9 SynAIRgy, Apnimed vient de publier les r\u00e9sultats de LunAIRo, un second essai de phase 3 men\u00e9 sur 660 patients souffrant d\u2019apn\u00e9e obstructive mod\u00e9r\u00e9e \u00e0 s\u00e9v\u00e8re. Ce nouveau traitement oral, AD109, combine deux mol\u00e9cules existantes \u2014 l\u2019atomox\u00e9tine (utilis\u00e9e contre le TDAH) et l\u2019aroxybutynine (anticholinergique) \u2014 pour stimuler le tonus musculaire de la gorge pendant le sommeil.<\/p>\n<p class=\"ed__a-p ed__bdy__l\">Dans l\u2019\u00e9tude LunAIRo, les patients ayant pris AD109 pendant 26 semaines ont vu leur index d\u2019apn\u00e9es-hypopn\u00e9es (AHI) chuter en moyenne de 46,8\u202f%, contre seulement 6,8\u202f% sous placebo. Mieux : un patient sur cinq a atteint un AHI inf\u00e9rieur \u00e0 5, c\u2019est-\u00e0-dire un contr\u00f4le quasi complet de son apn\u00e9e du sommeil. Ce chiffre grimpe \u00e0 22,3\u202f% dans l\u2019essai SynAIRgy, qui affichait m\u00eame une r\u00e9duction moyenne de 55,6\u202f% du nombre d\u2019apn\u00e9es.<\/p>\n<p class=\"ed__a-p ed__bdy__l\">\u201cLes r\u00e9sultats sont extr\u00eamement encourageants, notamment en mati\u00e8re de s\u00e9curit\u00e9\u201d, explique le Dr\u202fCaroline Yau, directrice m\u00e9dicale d\u2019Apnimed. \u201cNous avons observ\u00e9 tr\u00e8s peu d\u2019\u00e9v\u00e9nements ind\u00e9sirables li\u00e9s au traitement, et aucun effet grave.\u201d Sur la dur\u00e9e (jusqu\u2019\u00e0 51 semaines pour certains participants), les effets b\u00e9n\u00e9fiques se maintiennent, notamment sur l\u2019oxyg\u00e9nation nocturne.<\/p>\n<p class=\"ed__a-p ed__bdy__l\">L\u2019apn\u00e9e du sommeil touche pr\u00e8s d\u2019un milliard de personnes dans le monde, et reste tr\u00e8s largement sous-diagnostiqu\u00e9e. M\u00eame parmi les malades identifi\u00e9s, la majorit\u00e9 abandonne la CPAP, souvent pour des raisons de confort. AD109 vise justement ces patients orphelins d\u2019un traitement viable. Apnimed pr\u00e9voit de d\u00e9poser une demande d\u2019autorisation (NDA) aupr\u00e8s de la FDA d\u00e9but 2026.<\/p>\n<p class=\"ed__a-p ed__bdy__l\">\u201cNous avons d\u00e9sormais deux \u00e9tudes ind\u00e9pendantes, robustes, qui confirment l\u2019efficacit\u00e9 du m\u00e9dicament\u201d, souligne le Dr\u202fYau. Si l\u2019agence am\u00e9ricaine valide, ce serait le premier traitement oral jamais approuv\u00e9 pour cette maladie. Un petit comprim\u00e9, et peut-\u00eatre un grand pas pour des millions de dormeurs essouffl\u00e9s.<\/p>\n<p>            Publicit\u00e9, votre contenu continue ci-dessous<\/p>\n<p>        Publicit\u00e9<\/p>\n","protected":false},"excerpt":{"rendered":"Un traitement oral simple, pris chaque soir au coucher, pourrait bient\u00f4t soulager l\u2019apn\u00e9e du sommeil sans machine. \u00a9&hellip;\n","protected":false},"author":2,"featured_media":279266,"comment_status":"","ping_status":"","sticky":false,"template":"","format":"standard","meta":{"footnotes":""},"categories":[10],"tags":[1011,27,72,71],"class_list":{"0":"post-279265","1":"post","2":"type-post","3":"status-publish","4":"format-standard","5":"has-post-thumbnail","7":"category-sante","8":"tag-fr","9":"tag-france","10":"tag-health","11":"tag-sante"},"share_on_mastodon":{"url":"https:\/\/pubeurope.com\/@fr\/114930198974656972","error":""},"_links":{"self":[{"href":"https:\/\/www.europesays.com\/fr\/wp-json\/wp\/v2\/posts\/279265","targetHints":{"allow":["GET"]}}],"collection":[{"href":"https:\/\/www.europesays.com\/fr\/wp-json\/wp\/v2\/posts"}],"about":[{"href":"https:\/\/www.europesays.com\/fr\/wp-json\/wp\/v2\/types\/post"}],"author":[{"embeddable":true,"href":"https:\/\/www.europesays.com\/fr\/wp-json\/wp\/v2\/users\/2"}],"replies":[{"embeddable":true,"href":"https:\/\/www.europesays.com\/fr\/wp-json\/wp\/v2\/comments?post=279265"}],"version-history":[{"count":0,"href":"https:\/\/www.europesays.com\/fr\/wp-json\/wp\/v2\/posts\/279265\/revisions"}],"wp:featuredmedia":[{"embeddable":true,"href":"https:\/\/www.europesays.com\/fr\/wp-json\/wp\/v2\/media\/279266"}],"wp:attachment":[{"href":"https:\/\/www.europesays.com\/fr\/wp-json\/wp\/v2\/media?parent=279265"}],"wp:term":[{"taxonomy":"category","embeddable":true,"href":"https:\/\/www.europesays.com\/fr\/wp-json\/wp\/v2\/categories?post=279265"},{"taxonomy":"post_tag","embeddable":true,"href":"https:\/\/www.europesays.com\/fr\/wp-json\/wp\/v2\/tags?post=279265"}],"curies":[{"name":"wp","href":"https:\/\/api.w.org\/{rel}","templated":true}]}}