{"id":279273,"date":"2025-07-28T09:43:18","date_gmt":"2025-07-28T09:43:18","guid":{"rendered":"https:\/\/www.europesays.com\/fr\/279273\/"},"modified":"2025-07-28T09:43:18","modified_gmt":"2025-07-28T09:43:18","slug":"pourquoi-le-gouvernement-veut-sattaquer-au-serpent-de-mer-de-la-commande-publique","status":"publish","type":"post","link":"https:\/\/www.europesays.com\/fr\/279273\/","title":{"rendered":"pourquoi le gouvernement veut s\u2019attaquer au serpent de mer de la commande publique"},"content":{"rendered":"<p><strong>ENQU\u00caTE &#8211;<\/strong> Les achats publics, essentiels \u00e0 la vie des collectivit\u00e9s et de l\u2019Etat, sont vivement critiqu\u00e9s comme \u00e9tant un casse-t\u00eate budg\u00e9taire et juridique. Fran\u00e7ois Bayrou a appel\u00e9 \u00e0 r\u00e9former et assouplir les r\u00e8gles nationales d\u2019un syst\u00e8me qui p\u00e8se plusieurs centaines de milliards d\u2019euros.<\/p>\n<p class=\"fig-paragraph\">\u00ab\u00c9viter les lenteurs et les surco\u00fbts dans les achats publics\u00bb&#8230; La formule, prononc\u00e9e par Fran\u00e7ois Bayrou le 15 juillet, lors de\u00a0<a href=\"http:\/\/www.lefigaro.fr\/politique\/guillaume-tabard-francois-bayrou-un-discours-de-verite-pas-encore-l-epreuve-de-verite-20250415\" data-fig-type=\"Article\" data-gtm-custom-categorie=\"navigation\" data-gtm-custom-action=\"crossclick\" data-gtm-custom-label=\"Contextuel\" data-gtm-event=\"customEventSPE\" data-fig-domain=\"LEFIGARO\" target=\"_blank\" rel=\"noopener\">la pr\u00e9sentation de ses pistes budg\u00e9taires pour 2026,\u00a0<\/a>r\u00e9sonne comme un \u00e9ni\u00e8me rappel \u00e0 l\u2019ordre. Depuis des ann\u00e9es, la commande publique s\u2019invite dans les rapports parlementaires, les discours budg\u00e9taires, les alertes des maires et les mises en garde des experts&#8230; Un serpent de mer insidieux, auquel personne ne semble avoir trouv\u00e9 la parade. C\u2019est que le sujet est aussi massif qu\u2019opaque\u00a0: selon les nombreuses sources, le montant annuel de la commande publique oscille entre 83 milliards&#8230; et 400 milliards d\u2019euros \u2014 soit jusqu\u2019\u00e0 14 % du PIB. Un syst\u00e8me dont l\u2019organisation complexe freine l\u2019action des collectivit\u00e9s, d\u00e9courage les entreprises, et alourdit la facture finale de l\u2019\u00c9tat.<\/p>\n<p class=\"fig-paragraph\">Aujourd\u2019hui, cette fameuse obligation\u00a0<a href=\"http:\/\/www.lefigaro.fr\/conjoncture\/pourquoi-il-faut-favoriser-l-acces-des-pme-a-la-commande-publique-20250505\" data-fig-type=\"Article\" data-gtm-custom-categorie=\"navigation\" data-gtm-custom-action=\"crossclick\" data-gtm-custom-label=\"Contextuel\" data-gtm-event=\"customEventSPE\" data-fig-domain=\"LEFIGARO\" target=\"_blank\" rel=\"noopener\">de commande publique\u00a0<\/a>est devenue un fardeau pour bon nombre de maires de France. Et le premier ministre entend d\u00e9sormais r\u00e9former un syst\u00e8me\u2026<\/p>\n<p class=\"fig-premium-paywall__infos\">\n        Cet article est r\u00e9serv\u00e9 aux abonn\u00e9s.        Il vous reste 89% \u00e0 d\u00e9couvrir.\n    <\/p>\n<p>                <img  data- alt=\"Le Figaro\" class=\"fig-img--complete fig-img\"\/><\/p>\n<p class=\"fig-premium-paywall__title\">Vous avez envie de lire la suite ?<\/p>\n<p class=\"fig-premium-paywall__subtitle\">D\u00e9bloquez tous les articles imm\u00e9diatement.<\/p>\n<p class=\"fig-premium-paywall__connect\">\n                D\u00e9j\u00e0 abonn\u00e9\u00a0?                <a class=\"fig-premium-paywall__connect-link\" href=\"https:\/\/connect.lefigaro.fr\/login?client=horizon_web&amp;type=main&amp;redirect_uri=https%3A%2F%2Fwww.lefigaro.fr%2Fconjoncture%2Fon-paie-262-euros-un-fauteuil-qui-en-vaut-90-pourquoi-le-gouvernement-veut-s-attaquer-au-serpent-de-mer-de-la-commande-publique-20250728\" data-js-gtm=\"{&quot;customCategorie&quot;: &quot;conversion&quot;, &quot;customAction&quot;: &quot;before_Landing_Connexion_paywall_auto&quot;, &quot;customLabel&quot;: &quot;bGVmaWdhcm8uZnJfXzFmMDY2M2YzLThiYjktNmFmYy04NDhkLWY3OWQ0NGE0ZmEyM19fQXJ0aWNsZQ==_\u00abOn paie 262 euros un fauteuil qui en vaut 90\u00bb: pourquoi le gouvernement veut s\u2019attaquer au serpent de mer de la commande publique_177&quot;, &quot;customIDSPE&quot;: &quot;bGVmaWdhcm8uZnJfXzFmMDY2M2YzLThiYjktNmFmYy04NDhkLWY3OWQ0NGE0ZmEyM19fQXJ0aWNsZQ==&quot;, &quot;event&quot;: &quot;customEventSPE&quot;}\" target=\"_blank\" rel=\"noopener\"><br \/>\n                    Connectez-vous<br \/>\n                <\/a>\n            <\/p>\n","protected":false},"excerpt":{"rendered":"ENQU\u00caTE &#8211; Les achats publics, essentiels \u00e0 la vie des collectivit\u00e9s et de l\u2019Etat, sont vivement critiqu\u00e9s comme&hellip;\n","protected":false},"author":2,"featured_media":279274,"comment_status":"","ping_status":"","sticky":false,"template":"","format":"standard","meta":{"footnotes":""},"categories":[6],"tags":[11847,35,33,34,313,674,1011,27,693],"class_list":{"0":"post-279273","1":"post","2":"type-post","3":"status-publish","4":"format-standard","5":"has-post-thumbnail","7":"category-economie","8":"tag-bayrou","9":"tag-business","10":"tag-economie","11":"tag-economy","12":"tag-entreprises","13":"tag-europe","14":"tag-fr","15":"tag-france","16":"tag-industrie"},"share_on_mastodon":{"url":"https:\/\/pubeurope.com\/@fr\/114930214752260620","error":""},"_links":{"self":[{"href":"https:\/\/www.europesays.com\/fr\/wp-json\/wp\/v2\/posts\/279273","targetHints":{"allow":["GET"]}}],"collection":[{"href":"https:\/\/www.europesays.com\/fr\/wp-json\/wp\/v2\/posts"}],"about":[{"href":"https:\/\/www.europesays.com\/fr\/wp-json\/wp\/v2\/types\/post"}],"author":[{"embeddable":true,"href":"https:\/\/www.europesays.com\/fr\/wp-json\/wp\/v2\/users\/2"}],"replies":[{"embeddable":true,"href":"https:\/\/www.europesays.com\/fr\/wp-json\/wp\/v2\/comments?post=279273"}],"version-history":[{"count":0,"href":"https:\/\/www.europesays.com\/fr\/wp-json\/wp\/v2\/posts\/279273\/revisions"}],"wp:featuredmedia":[{"embeddable":true,"href":"https:\/\/www.europesays.com\/fr\/wp-json\/wp\/v2\/media\/279274"}],"wp:attachment":[{"href":"https:\/\/www.europesays.com\/fr\/wp-json\/wp\/v2\/media?parent=279273"}],"wp:term":[{"taxonomy":"category","embeddable":true,"href":"https:\/\/www.europesays.com\/fr\/wp-json\/wp\/v2\/categories?post=279273"},{"taxonomy":"post_tag","embeddable":true,"href":"https:\/\/www.europesays.com\/fr\/wp-json\/wp\/v2\/tags?post=279273"}],"curies":[{"name":"wp","href":"https:\/\/api.w.org\/{rel}","templated":true}]}}